{"id":202840,"date":"2025-10-27T02:25:09","date_gmt":"2025-10-27T02:25:09","guid":{"rendered":"https:\/\/www.europesays.com\/es\/202840\/"},"modified":"2025-10-27T02:25:09","modified_gmt":"2025-10-27T02:25:09","slug":"record-de-abstencionismo-en-las-elecciones-legislativas-argentinas","status":"publish","type":"post","link":"https:\/\/www.europesays.com\/es\/202840\/","title":{"rendered":"R\u00e9cord de abstencionismo en las elecciones legislativas argentinas"},"content":{"rendered":"<p>Un 6<strong>6 por ciento<\/strong> de los votantes <a href=\"https:\/\/theobjective.com\/etiqueta\/argentina\/\" rel=\"nofollow noopener\" target=\"_blank\">argentinos<\/a> registrados ha ejercido su derecho a voto en las elecciones legislativas parciales de este domingo, seg\u00fan los datos oficiales definitivos difundidos al cierre de las urnas por la Direcci\u00f3n Nacional Electoral, lo que supone un m\u00ednimo desde que en 1983 retorn\u00f3 la democracia a Argentina. El dato es <strong>cinco puntos inferior al de las elecciones de mitad de mandato de 2021<\/strong>, cuando a\u00fan estaban en vigor las restricciones por la pandemia de COVID-19. Se espera que los primeros resultados oficiales se conozcan en torno a las 21.00 horas (las 1.00 horas del lunes en la Espa\u00f1a peninsular).<\/p>\n<p>\u00abSe estima que el tiempo promedio de voto a trav\u00e9s del nuevo instrumento, la <strong>Boleta \u00danica Papel <\/strong>(BUP), es de menos de tres minutos para quienes votan \u00fanicamente una categor\u00eda, y de cuatro minutos para quienes votan tanto Diputados como Senadores. Este tiempo se contabiliza desde que el elector llega a la escuela hasta que se retira del establecimiento\u00bb, ha publicado la <strong>C\u00e1mara Nacional Electoral <\/strong>(CNE) en un comunicado. Tras meses convulsos para el presidente, los comicios llegan en un momento de creciente vulnerabilidad para el jefe de Estado, que tendr\u00e1 que hacer frente a la oposici\u00f3n de corte peronista tras haber perdido las elecciones provinciales de <a href=\"https:\/\/theobjective.com\/etiqueta\/buenos-aires\/\" rel=\"nofollow noopener\" target=\"_blank\">Buenos Aires<\/a> el pasado mes de septiembre.<\/p>\n<p>Aunque su partido, <strong>La Libertad Avanza<\/strong>, se encuentra en primer lugar en los sondeos sobre intenci\u00f3n de voto con el 37,1 por ciento de los respaldos, de cerca le sigue <strong>Fuerza Patria<\/strong>, con el 32,2 por ciento de los apoyos y entre cuyos l\u00edderes se encuentran la expresidenta <strong>Cristina Fern\u00e1ndez<\/strong> y figuras relevantes del peronismo como<strong> Axel Kicillof<\/strong>, actual gobernador de la provincia de Buenos Aires.  El presidente<strong> Javier Milei<\/strong> ha votado este domingo en medio de un amplio dispositivo de seguridad en la sede de Medrano (Buenos Aires) de la Universidad Tecnol\u00f3gica Nacional (UTN) sin realizar declaraciones a la prensa.<\/p>\n<p>Milei s\u00ed ha dedicado unos minutos a saludar a simpatizantes que lo esperaban en la puerta de acceso del edificio universitario. El mandatario ha estado acompa\u00f1ado de su hermana, Karina Milei, quien ejerce adem\u00e1s como secretaria general de la Presidencia. Posteriormente ha publicado un escueto \u00abYa cumpl\u00ed con mi deber c\u00edvico. Fin\u00bb en su cuenta en la red social X. Tambi\u00e9n ha ejercido ya su derecho a voto el jefe de gobierno de la ciudad de Buenos Aires, Jorge Macri, quien ha expresado su satisfacci\u00f3n con el alcanzado entre su partido, el conservador Propuesta Republicana (PRO), y el partido del presidente Milei, La Libertad Avanza<\/p>\n<p>El expresidente Mauricio Macri, primo de Jorge Macri y l\u00edder del PRO, ha apelado a la participaci\u00f3n ciudadana. \u00abCada elecci\u00f3n es importante. Es un buen momento para volver a renovar la esperanza\u00bb, ha declarado al timepo que ha hecho un llamamiento a la estabilidad. En esa l\u00ednea, ha planteado la posibilidad de colaborar con Milei. \u00abYo estoy a disposici\u00f3n para hablar y aportar gobernabilidad. No hemos hablado de ministros. Milei tiene mi n\u00famero. Si necesita algo me va a llamar\u00bb, ha resaltado. \u00abEspero que el Gobierno emprenda esta agenda de cambio que todo el mundo espera, que refuerce su equipo, refuerce su gobernabilidad, que es un reclamo de todos para que haya estabilidad y podamos crecer\u00bb, ha argumentado.<\/p>\n<p>Igualmente ha votado el diputado del opositor Fuerza Patria M\u00e1ximo Kirchner, hijo de la expresidenta Cristina Fern\u00e1ndez de Kirchner, quien ha apelado a la movilizaci\u00f3n teniendo en cuenta los llamamientos desde Estados Unidos a apoyar a Milei en el marco del rescate puesto en marcha por el Gobierno norteamericano. \u00abHoy, m\u00e1s all\u00e1 de las diferentes posturas que tenemos todos los partidos pol\u00edticos (\u2026) a nadie le cae bien que el presidente de otro pa\u00eds diga c\u00f3mo se debe votar en el nuestro\u00bb, ha afirmado.<\/p>\n<p>Los principales candidatos de la kirchnerista Fuerza Patria, Jorge Taiana y Mariano Recalde, se encuentran reunidos con Cristina Fern\u00e1ndez de Kirchner en su apartamento de San Jos\u00e9 1111, en el barrio de Constituci\u00f3n, donde la presidenta del Partido Justicialista cumple condena de prisi\u00f3n domiliciaria impuesta por la Corte Suprema. Mientras, la candidata a senadora por La Libertad Avanza Patricia Bullrich ha votado a las 14.00 horas en el Auditorio del centro de exhibiciones La Rural. \u00abEs la decisi\u00f3n del presidente que tiene la posibilidad de realizar cambios en el Gabinete. Si la gente me acompa\u00f1a, voy a asumir\u00bb, se ha postulado.<\/p>\n<p>\u00abNecesitamos mayor gobernabilidad para aprobar leyes que bajen impuestos, leyes penales para que quien las hace las pague y muchas reformas que requiere nuestro Ministerio de Econom\u00eda. Para ordenar el pa\u00eds\u00bb, ha declarado ante los medios tras votar. El jefe de Gabinete de Milei, Guillermo Francos, ha votado en Puerto Madero y dijo sentir \u00abuna enorme alegr\u00eda que la gente puede expresarse y votar\u00bb en las elecciones. Asimismo, le dijo a la ciudadan\u00eda que se \u00abqueden tranquilos por el d\u00f3lar ma\u00f1ana\u00bb, tras los resultados de los comicios. Por otra parte, se refiri\u00f3 a los rumores sobre su posible salida del Gobierno: \u00abSe han especulado distintas circunstancias que tienen que ver con un proceso electoral y, por supuesto, como todos los ministros, siempre estamos a disposici\u00f3n del Presidente\u00bb.<\/p>\n","protected":false},"excerpt":{"rendered":"Un 66 por ciento de los votantes argentinos registrados ha ejercido su derecho a voto en las elecciones&hellip;\n","protected":false},"author":2,"featured_media":202841,"comment_status":"","ping_status":"","sticky":false,"template":"","format":"standard","meta":{"footnotes":""},"categories":[42],"tags":[283,17,18,4374,13,14,11,61,62,63,64,4245,19,20,9,10,15,16,12,21,22,65,66,67],"class_list":{"0":"post-202840","1":"post","2":"type-post","3":"status-publish","4":"format-standard","5":"has-post-thumbnail","7":"category-internacional","8":"tag-argentina","9":"tag-breaking-news","10":"tag-breakingnews","11":"tag-elecciones","12":"tag-featured-news","13":"tag-featurednews","14":"tag-headlines","15":"tag-internacional","16":"tag-international","17":"tag-international-news","18":"tag-internationalnews","19":"tag-javier-milei","20":"tag-latest-news","21":"tag-latestnews","22":"tag-news","23":"tag-noticias","24":"tag-noticias-destacadas","25":"tag-noticiasdestacadas","26":"tag-titulares","27":"tag-ultimas-noticias","28":"tag-ultimasnoticias","29":"tag-world","30":"tag-world-news","31":"tag-worldnews"},"share_on_mastodon":{"url":"https:\/\/pubeurope.com\/@es\/115443762775425022","error":""},"_links":{"self":[{"href":"https:\/\/www.europesays.com\/es\/wp-json\/wp\/v2\/posts\/202840","targetHints":{"allow":["GET"]}}],"collection":[{"href":"https:\/\/www.europesays.com\/es\/wp-json\/wp\/v2\/posts"}],"about":[{"href":"https:\/\/www.europesays.com\/es\/wp-json\/wp\/v2\/types\/post"}],"author":[{"embeddable":true,"href":"https:\/\/www.europesays.com\/es\/wp-json\/wp\/v2\/users\/2"}],"replies":[{"embeddable":true,"href":"https:\/\/www.europesays.com\/es\/wp-json\/wp\/v2\/comments?post=202840"}],"version-history":[{"count":0,"href":"https:\/\/www.europesays.com\/es\/wp-json\/wp\/v2\/posts\/202840\/revisions"}],"wp:featuredmedia":[{"embeddable":true,"href":"https:\/\/www.europesays.com\/es\/wp-json\/wp\/v2\/media\/202841"}],"wp:attachment":[{"href":"https:\/\/www.europesays.com\/es\/wp-json\/wp\/v2\/media?parent=202840"}],"wp:term":[{"taxonomy":"category","embeddable":true,"href":"https:\/\/www.europesays.com\/es\/wp-json\/wp\/v2\/categories?post=202840"},{"taxonomy":"post_tag","embeddable":true,"href":"https:\/\/www.europesays.com\/es\/wp-json\/wp\/v2\/tags?post=202840"}],"curies":[{"name":"wp","href":"https:\/\/api.w.org\/{rel}","templated":true}]}}