{"id":202851,"date":"2025-10-27T02:35:11","date_gmt":"2025-10-27T02:35:11","guid":{"rendered":"https:\/\/www.europesays.com\/es\/202851\/"},"modified":"2025-10-27T02:35:11","modified_gmt":"2025-10-27T02:35:11","slug":"ponsarnau-me-ha-gustado-ver-que-algunos-jugadores-tenian-la-reaccion-miribilla","status":"publish","type":"post","link":"https:\/\/www.europesays.com\/es\/202851\/","title":{"rendered":"Ponsarnau: \u00abMe ha gustado ver que algunos jugadores ten\u00edan la &#8216;reacci\u00f3n Miribilla&#8217;\u00bb"},"content":{"rendered":"<p><a class=\"v-mdl-ath__fig-a\" href=\"https:\/\/www.elcorreo.com\/autor\/aitor-echevarria-7367.html\" title=\"Aitor Echevarr\u00eda\" rel=\"nofollow noopener\" target=\"_blank\"><br \/>\n<img decoding=\"async\" class=\"v-mdl-ath__img\" src=\"https:\/\/www.europesays.com\/es\/wp-content\/uploads\/2025\/09\/autor-7367-foto-1.jpeg\" alt=\"Aitor Echevarr\u00eda\"\/><br \/>\n<\/a><\/p>\n<p class=\"v-mdl-ath__p v-mdl-ath__p--6\">\nDomingo, 26 de octubre 2025, 19:50<\/p>\n<p class=\"v-p\">Miribilla volvi\u00f3 a ser Miribilla. El Surne Bilbao Basket ha vuelto a ganar en casa ante el Morabanc Andorra (81-71), en un partido que confirm\u00f3 la l\u00ednea ascendente del equipo. El conjunto de Jaume Ponsarnau firm\u00f3 un arranque convincente, sobrevivi\u00f3 a su temido baj\u00f3n del tercer cuarto y remat\u00f3 con autoridad en los minutos finales.<\/p>\n<p class=\"v-p\">En sala de prensa, Ponsarnau se mostr\u00f3 satisfecho por el trabajo de su equipo, especialmente por la manera en que supieron sobreponerse a los momentos de duda: \u00abHemos empezado bien, con energ\u00eda y tono. Muy bien en el rebote. Ten\u00edamos el rebote para correr y eso nos ha dado confianza. En el tercer cuarto hemos empezado faltos de energ\u00eda. No somos un equipo s\u00f3lido a\u00fan, y eso se ha notado ah\u00ed. Pero al final hemos levantado la situaci\u00f3n\u00bb.<\/p>\n<p class=\"v-p\">El t\u00e9cnico reconoci\u00f3 que su equipo sigue en construcci\u00f3n, pero destac\u00f3 el compromiso de sus jugadores: \u00abNuestros problemas cuando hemos jugado mal siempre han sido por p\u00e9rdidas y desconexiones. Por lo dem\u00e1s, creo que hemos hecho muy buena defensa. Yo no dejo de decir que el equipo est\u00e1 unido, que hay trabajo, y eso, para un entrenador, es muy reconfortante. No por lo que tenemos ya, sino por lo que podemos llegar a ser\u00bb.<\/p>\n<p class=\"v-p\">Sobre todo, quiso subrayar la conexi\u00f3n con la grada y el esp\u00edritu que se vivi\u00f3 en los minutos decisivos: \u00abMe ha gustado ver a muchos jugadores que han tenido la &#8216;reacci\u00f3n Miribilla&#8217;. Eso es lo que queremos. Tenemos jugadores Miribilla y eso nos ayudar\u00e1 mucho\u00bb. Refiriendose a la conexi\u00f3n de los jugadores con la grada, un factor clave que ha caracterizado desde hace a\u00f1os las temporadas de los hombres de negro.<\/p>\n<p class=\"v-p\">El Surne a\u00fan no es un equipo s\u00f3lido, pero empieza a ser reconocible. Corre, defiende y, cuando el bal\u00f3n quema, encuentra en Miribilla y en su gente el impulso que necesita. Y eso, como dijo Ponsarnau, \u00abes lo que queremos\u00bb.<\/p>\n<p>Reporta un error<\/p>\n","protected":false},"excerpt":{"rendered":"Domingo, 26 de octubre 2025, 19:50 Miribilla volvi\u00f3 a ser Miribilla. El Surne Bilbao Basket ha vuelto a&hellip;\n","protected":false},"author":2,"featured_media":202852,"comment_status":"","ping_status":"","sticky":false,"template":"","format":"standard","meta":{"footnotes":""},"categories":[269],"tags":[299,298,168,25,24,34250,2713,48029,49352,9173,23,167,809],"class_list":{"0":"post-202851","1":"post","2":"type-post","3":"status-publish","4":"format-standard","5":"has-post-thumbnail","7":"category-baloncesto","8":"tag-baloncesto","9":"tag-basketball","10":"tag-deportes","11":"tag-es","12":"tag-espana","13":"tag-gustado","14":"tag-jugadores","15":"tag-miribilla","16":"tag-ponsarnau","17":"tag-reaccion","18":"tag-spain","19":"tag-sports","20":"tag-ver"},"share_on_mastodon":{"url":"https:\/\/pubeurope.com\/@es\/115443802343369241","error":""},"_links":{"self":[{"href":"https:\/\/www.europesays.com\/es\/wp-json\/wp\/v2\/posts\/202851","targetHints":{"allow":["GET"]}}],"collection":[{"href":"https:\/\/www.europesays.com\/es\/wp-json\/wp\/v2\/posts"}],"about":[{"href":"https:\/\/www.europesays.com\/es\/wp-json\/wp\/v2\/types\/post"}],"author":[{"embeddable":true,"href":"https:\/\/www.europesays.com\/es\/wp-json\/wp\/v2\/users\/2"}],"replies":[{"embeddable":true,"href":"https:\/\/www.europesays.com\/es\/wp-json\/wp\/v2\/comments?post=202851"}],"version-history":[{"count":0,"href":"https:\/\/www.europesays.com\/es\/wp-json\/wp\/v2\/posts\/202851\/revisions"}],"wp:featuredmedia":[{"embeddable":true,"href":"https:\/\/www.europesays.com\/es\/wp-json\/wp\/v2\/media\/202852"}],"wp:attachment":[{"href":"https:\/\/www.europesays.com\/es\/wp-json\/wp\/v2\/media?parent=202851"}],"wp:term":[{"taxonomy":"category","embeddable":true,"href":"https:\/\/www.europesays.com\/es\/wp-json\/wp\/v2\/categories?post=202851"},{"taxonomy":"post_tag","embeddable":true,"href":"https:\/\/www.europesays.com\/es\/wp-json\/wp\/v2\/tags?post=202851"}],"curies":[{"name":"wp","href":"https:\/\/api.w.org\/{rel}","templated":true}]}}