{"id":202886,"date":"2025-10-27T03:00:15","date_gmt":"2025-10-27T03:00:15","guid":{"rendered":"https:\/\/www.europesays.com\/es\/202886\/"},"modified":"2025-10-27T03:00:15","modified_gmt":"2025-10-27T03:00:15","slug":"la-costumbre-que-victoria-federica-tiene-antes-de-sentarse-a-comer","status":"publish","type":"post","link":"https:\/\/www.europesays.com\/es\/202886\/","title":{"rendered":"La costumbre que Victoria Federica tiene antes de sentarse a comer"},"content":{"rendered":"<p>Con 25 a\u00f1os reci\u00e9n cumplidos, <strong><a href=\"https:\/\/okdiario.com\/look\/actualidad\/fiesta-destapa-quien-nueva-ilusion-victoria-federica-tatuador-malaga-mayor-que-2389794\" rel=\"nofollow noopener\" target=\"_blank\">Victoria Federica<\/a> se ha convertido en una de las figuras m\u00e1s relevantes del panorama actual<\/strong>. La hija de la infanta Elena no dudaba a la hora de dar el salto a las redes sociales, donde ha encontrado su fil\u00f3n de oro, siendo una de las influencers m\u00e1s cotizadas y por la que todas las marcas se pelean.<\/p>\n<p>As\u00ed, poco a poco la joven ha conseguido hacerse un hueco dentro de la industria de la moda y como creadora de contenido. En una reciente entrevista concedida a la revista Elle, Victoria<strong> se sincera por completo sobre una de sus grandes pasiones: la gastronom\u00eda<\/strong>. Adem\u00e1s, desvela una de las tradiciones que siempre mantiene en la mesa y que espera conservar el d\u00eda que forme una familia.<\/p>\n<p>\n<img decoding=\"async\" loading=\"lazy\" class=\"wp-image-2387266 size-full\" alt=\"Victoria Federica en un evento en Madrid. (Foto: Gtres)\" width=\"1800\" height=\"1013\"  src=\"https:\/\/www.europesays.com\/es\/wp-content\/uploads\/2025\/10\/placeholder.jpg\"  bad-src=\"https:\/\/www.europesays.com\/es\/wp-content\/uploads\/2025\/10\/placeholder.jpg\"\/><\/p>\n<p><img decoding=\"async\" loading=\"lazy\" class=\"wp-image-2387266 size-full\" src=\"https:\/\/www.europesays.com\/es\/wp-content\/uploads\/2025\/10\/u547584_001-1.jpg\" alt=\"Victoria Federica en un evento en Madrid. (Foto: Gtres)\" width=\"1800\" height=\"1013\"  \/><\/p>\n<p> Victoria Federica en un evento en Madrid. (Foto: Gtres)\n<\/p>\n<p>La costumbre a la que Victoria Federica se niega a renunciar<\/p>\n<p><strong>\u00abBendecir la mesa\u00bb<\/strong>, asegura. \u00abEs una costumbre que <strong>quisiera seguir conservando el d\u00eda de ma\u00f1ana si formo una familia<\/strong>\u00bb. Por otro lado, tambi\u00e9n se sincera respecto a sus gustos a la hora de comer, y es que la joven no tiene miedo a probar sabores nuevos. \u00abAntes tiraba m\u00e1s a lo ya conocido, pero ahora que voy creciendo procuro educar el paladar y probar propuestas nuevas. Al final es una forma de descubrir sabores que no pod\u00eda imaginar que pudiesen gustarme\u00bb, confiesa.<\/p>\n<p>Entre otras cosas, Victoria Federica <a href=\"https:\/\/okdiario.com\/look\/actualidad\/victoria-federica-da-planton-forbes-estreno-influencer-premiada-2387214\" rel=\"nofollow noopener\" target=\"_blank\">se declara una apasionada de \u00abla cultura culinaria espa\u00f1ola, en general, porque en cada rinc\u00f3n se come incre\u00edble\u00bb<\/a>.\u00a0 Sin embargo, si tiene que quedarse con un lugar en concreto, parece que ella opta por San Sebasti\u00e1n. \u00ab<strong>\u00a1Es una locura c\u00f3mo se come all\u00ed!<\/strong> Desde los pintxos hasta los restaurantes m\u00e1s top con estrella Michelin. Es un destino donde comer es todo un plan y eso es algo que me encanta\u00bb, detalla.<\/p>\n<blockquote class=\"instagram-media\" style=\"background: #FFF; border: 0; border-radius: 3px; box-shadow: 0 0 1px 0 rgba(0,0,0,0.5),0 1px 10px 0 rgba(0,0,0,0.15); margin: 1px; max-width: 540px; min-width: 326px; padding: 0; width: calc(100% - 2px);\" data-instgrm-captioned=\"\" data-instgrm-permalink=\"https:\/\/www.instagram.com\/p\/DPBxZAKjbb8\/?utm_source=ig_embed&amp;utm_campaign=loading\" data-instgrm-version=\"14\">\n<\/blockquote>\n<p>Una pasi\u00f3n por la gastronom\u00eda que llega hasta los fogones. \u00abCocinar me relaje y<strong> transmite paz\u00bb<\/strong>, explica la nieta del em\u00e9rito. Pese a que la joven no se considera una experta y le gusta preparar platos sencillos., tiene claro que con una receta delante, \u00abpodr\u00eda elaborar lo que fuese\u00bb. Adem\u00e1s, desvela cu\u00e1l su plato estrella: una pasta con salsa casera especial.<\/p>\n<p>De ah\u00ed, que haya un destino al que se muere por viajar, ya que considera que su gastronom\u00eda es \u00abde otro mundo, llena de tradici\u00f3n, pero con mucha creatividad\u00bb. \u00abDesde el sushi hasta la comida callejera, todo se ve espectacular. <strong>Tengo much\u00edsima curiosidad por probarlo y vivir su cultura a trav\u00e9s de la comida<\/strong>\u00bb, reconoce en su entrevista.<\/p>\n<p>\n<img decoding=\"async\" loading=\"lazy\" class=\"wp-image-2377331 size-full\" alt=\"Victoria Federica en un evento en Madrid. (Foto: Gtres)\" width=\"1684\" height=\"2560\"  src=\"https:\/\/www.europesays.com\/es\/wp-content\/uploads\/2025\/10\/placeholder.jpg\"  bad-src=\"https:\/\/www.europesays.com\/es\/wp-content\/uploads\/2025\/10\/placeholder.jpg\"\/><\/p>\n<p><img decoding=\"async\" loading=\"lazy\" class=\"wp-image-2377331 size-full\" src=\"https:\/\/www.europesays.com\/es\/wp-content\/uploads\/2025\/10\/u590667_071-1-2-scaled.jpg\" alt=\"Victoria Federica en un evento en Madrid. (Foto: Gtres)\" width=\"1684\" height=\"2560\"  \/><\/p>\n<p> Victoria Federica en un evento en Madrid. (Foto: Gtres)\n<\/p>\n<p>Sin duda, una faceta bastante llamativa y que nos permite conocerla un poco m\u00e1s. Y es que, lejos de lo que muchos pudiesen pensar, Victoria Federica opta por \u00ablo informal y espont\u00e1neo\u00bb antes que por la etiqueta. De hecho, cuando le preguntan sobre la forma en la que celebrar\u00e1 su cumplea\u00f1os, ella opta por la sencillez, \u00abrodeada de las personas que m\u00e1s quiere\u00bb.<\/p>\n<p>\t\t\t\t\t\t\t<script async src=\"\/\/www.instagram.com\/embed.js\"><\/script><\/p>\n","protected":false},"excerpt":{"rendered":"Con 25 a\u00f1os reci\u00e9n cumplidos, Victoria Federica se ha convertido en una de las figuras m\u00e1s relevantes del&hellip;\n","protected":false},"author":2,"featured_media":202887,"comment_status":"","ping_status":"","sticky":false,"template":"","format":"standard","meta":{"footnotes":""},"categories":[174],"tags":[255,146,147,25,24,256,23,19163],"class_list":{"0":"post-202886","1":"post","2":"type-post","3":"status-publish","4":"format-standard","5":"has-post-thumbnail","7":"category-famosos","8":"tag-celebrities","9":"tag-entertainment","10":"tag-entretenimiento","11":"tag-es","12":"tag-espana","13":"tag-famosos","14":"tag-spain","15":"tag-victoria-federica"},"share_on_mastodon":{"url":"https:\/\/pubeurope.com\/@es\/115443900718800864","error":""},"_links":{"self":[{"href":"https:\/\/www.europesays.com\/es\/wp-json\/wp\/v2\/posts\/202886","targetHints":{"allow":["GET"]}}],"collection":[{"href":"https:\/\/www.europesays.com\/es\/wp-json\/wp\/v2\/posts"}],"about":[{"href":"https:\/\/www.europesays.com\/es\/wp-json\/wp\/v2\/types\/post"}],"author":[{"embeddable":true,"href":"https:\/\/www.europesays.com\/es\/wp-json\/wp\/v2\/users\/2"}],"replies":[{"embeddable":true,"href":"https:\/\/www.europesays.com\/es\/wp-json\/wp\/v2\/comments?post=202886"}],"version-history":[{"count":0,"href":"https:\/\/www.europesays.com\/es\/wp-json\/wp\/v2\/posts\/202886\/revisions"}],"wp:featuredmedia":[{"embeddable":true,"href":"https:\/\/www.europesays.com\/es\/wp-json\/wp\/v2\/media\/202887"}],"wp:attachment":[{"href":"https:\/\/www.europesays.com\/es\/wp-json\/wp\/v2\/media?parent=202886"}],"wp:term":[{"taxonomy":"category","embeddable":true,"href":"https:\/\/www.europesays.com\/es\/wp-json\/wp\/v2\/categories?post=202886"},{"taxonomy":"post_tag","embeddable":true,"href":"https:\/\/www.europesays.com\/es\/wp-json\/wp\/v2\/tags?post=202886"}],"curies":[{"name":"wp","href":"https:\/\/api.w.org\/{rel}","templated":true}]}}