{"id":202901,"date":"2025-10-27T03:12:13","date_gmt":"2025-10-27T03:12:13","guid":{"rendered":"https:\/\/www.europesays.com\/es\/202901\/"},"modified":"2025-10-27T03:12:13","modified_gmt":"2025-10-27T03:12:13","slug":"asi-fue-el-desembarco-de-4-000-kilos-de-cocaina-en-el-puerto-de-arinaga-canarias7","status":"publish","type":"post","link":"https:\/\/www.europesays.com\/es\/202901\/","title":{"rendered":"As\u00ed fue el desembarco de 4.000 kilos de coca\u00edna en el puerto de Arinaga &#8211; Canarias7"},"content":{"rendered":"<ol>\n<li><a href=\"https:\/\/news.google.com\/rss\/articles\/CBMiogFBVV95cUxOMDlaYTQ3NWVpYlF1a1JiRDNwQjRwTWdpbVMyMlNUWUlsMXk4OWMxNEhCcmZYX2RFaEZMb3J2ZjdybG9uSi1tZjNPT2RrVEtZLTJDWjAtZklReVVEUjYzU2htWkFlRVk1ZnpEbzVURmQ3UC14VV9TSGJXUklIMDJHaGU2bjZYSVY4bGlkM296RVBTOFQzVVFSVzFyeUZXS09PZmfSAacBQVVfeXFMTV9zQVc1b19vTlkwelVkYkNNNHBvVk5YV3dCVEVGN0pOeEFYaG9vQk1BUU5BXzM3LVFDOVV1U3A0QmlGS2c2M1Vwd1ppZ3V3ZnBHa0RBb3NuRFlTbkFSYXhNQ2ZReXdZRlJmN0Vfbzg5ek5qSW1WU3pYRC1Fc05MQllGTGxBVi1MNE5abTdxVWRyWk1oUWFOYlE1NXVVY3lySDVRdnI2UVE?oc=5\" target=\"_blank\" rel=\"nofollow noopener\">As\u00ed fue el desembarco de 4.000 kilos de coca\u00edna en el puerto de Arinaga<\/a>&nbsp;&nbsp;Canarias7<\/li>\n<li><a href=\"https:\/\/news.google.com\/rss\/articles\/CBMi-wFBVV95cUxOTkNMWEhHNzZRdF9Zdkp1UjY3SjZ1QVpOU3R1QXhtdXJWQ0NtYlNmaHlqNEkyaXlTSUo0RHlSa3ctbW5Zbm5VaVRPZUlOTGhYSzZKQ294eWFLUTFiT1EwUUxsaVZYbmM0ZXJjTTU1Rmo2N1lNNzZydE9hYkNEQUYzUDdQNmNuMG1GZ0VhQ1B5YWFoRm95NlgzRE5xQmtENWhTOTBiNUlWREx6eHMyQjE2YVU0YkRraFBjSl9RZmtsZlpyeTJZVEVaY2s1MS1pMGZiRHNyeDlQN2xaWDBKeFhsc3dicDVfRkFjZklOc2VpQTVNcy1KX1BnWjJmRQ?oc=5\" target=\"_blank\" rel=\"nofollow noopener\">La Polic\u00eda Nacional rebaja a 4.000 los kilos de coca\u00edna interceptados en un barco con destino a Vigo<\/a>&nbsp;&nbsp;La Voz de Galicia<\/li>\n<li><a href=\"https:\/\/news.google.com\/rss\/articles\/CBMiwwFBVV95cUxQZjVVTTQxTTJTVHBWeXpEX1JxaWxxSFR5TlhrNjRsaldnTWNWVnBCaHlhNzJqNHh3aEo3c2xWTGdQYmU4WE5EMDdBQXRPRW5HN1N6cGR2M0VTT3hTZ0FqNHIzdUE5UFV4ZFNSUW93OWZqbVdfdzViWU9SNjRTcU96dTZXSXVnM0gxRElFTE8tR3k0ODRkNndhSXZMMzd0eHEzZWNqN1FxcVM0WVdMbFFqaGtsWWhNX09sYXEwNWdFcUhjUHc?oc=5\" target=\"_blank\" rel=\"nofollow noopener\">La Polic\u00eda Nacional interviene 6,5 toneladas de coca\u00edna en una operaci\u00f3n en alta mar<\/a>&nbsp;&nbsp;EL PA\u00cdS<\/li>\n<li><a href=\"https:\/\/news.google.com\/rss\/articles\/CBMigwFBVV95cUxPb0tDMjZuRE52c0JMSU41T0U1Vjc4S056R0FNa29LYWJaTWNFUXFKMDlsSFZnbmlTNkJyX0padUJEejBETFlfQVJuM2JPRlpzNUlSbHozOTM1QWdwaHJFWDNBaktTdERNTVVHT1FDOHhQMlY1b3RuNTN5QkVYVElFZ2lQd9IBgwFBVV95cUxQVEptdFJaQjlXTnFQYnhTcFFkVUhmcnBJT093RUtOVU1NbjcxbkJWUDdoSWNNbEFudFdVUU4yUUxtYWVDaE1BdHhhWjRZZHBFR3dFdnRobXBma0Y4RWdpaC04ay1ORU5zenIzRVIwWjNsV1ZoMWRWTU5zUHZkblA2RFhEOA?oc=5\" target=\"_blank\" rel=\"nofollow noopener\">Nueve detenidos tras interceptarse un buque que transportaba 6.500 kilos de coca\u00edna<\/a>&nbsp;&nbsp;El Mundo<\/li>\n<li><a href=\"https:\/\/news.google.com\/rss\/articles\/CBMi8wFBVV95cUxPaXZZSDE1RThoenZXTk42NC1vSllHcHBraHI5Q0g5VGNjRVZaQzFKeTNtMGx6SkZxX3VkNjUwVlBqcHdzd3c2blY2aU9ZU2R0UDVrTTJUeXI1ZlE5My1oMmw1Ny1NcWhBVnBRQ1pxcUxhVGU4ZGdjWmgtaXBlYWZyY1ZuNmRDaTNTX3VMZmVIYnduamstd2RLZ0MzUkRoMUNBVGxfaE9YUTNHd29lVUtQVkt3SWZhWTJWVUt4Y3FBXzdISEJ4MWZLMHBPbTN6OWppRjVSMm9fYXlLYVNQcXpIVVVfalYwUllfVDBLLVByZmhpUUU?oc=5\" target=\"_blank\" rel=\"nofollow noopener\">Narcotr\u00e1fico en Galicia: Abordan un buque que navegaba hacia Vigo cargado con 4.000 kilos de coca\u00edna<\/a>&nbsp;&nbsp;Faro de Vigo<\/li>\n<\/ol>\n","protected":false},"excerpt":{"rendered":"As\u00ed fue el desembarco de 4.000 kilos de coca\u00edna en el puerto de Arinaga&nbsp;&nbsp;Canarias7 La Polic\u00eda Nacional rebaja&hellip;\n","protected":false},"author":2,"featured_media":202902,"comment_status":"","ping_status":"","sticky":false,"template":"","format":"standard","meta":{"footnotes":""},"categories":[8],"tags":[55646,55647,17,18,2357,32053,25,24,13,14,11,867,19,20,9,10,15,16,4032,23,12,21,22],"class_list":{"0":"post-202901","1":"post","2":"type-post","3":"status-publish","4":"format-standard","5":"has-post-thumbnail","7":"category-espana","8":"tag-55646","9":"tag-arinaga","10":"tag-breaking-news","11":"tag-breakingnews","12":"tag-cocaina","13":"tag-desembarco","14":"tag-es","15":"tag-espana","16":"tag-featured-news","17":"tag-featurednews","18":"tag-headlines","19":"tag-kilos","20":"tag-latest-news","21":"tag-latestnews","22":"tag-news","23":"tag-noticias","24":"tag-noticias-destacadas","25":"tag-noticiasdestacadas","26":"tag-puerto","27":"tag-spain","28":"tag-titulares","29":"tag-ultimas-noticias","30":"tag-ultimasnoticias"},"share_on_mastodon":{"url":"https:\/\/pubeurope.com\/@es\/115443947724959691","error":""},"_links":{"self":[{"href":"https:\/\/www.europesays.com\/es\/wp-json\/wp\/v2\/posts\/202901","targetHints":{"allow":["GET"]}}],"collection":[{"href":"https:\/\/www.europesays.com\/es\/wp-json\/wp\/v2\/posts"}],"about":[{"href":"https:\/\/www.europesays.com\/es\/wp-json\/wp\/v2\/types\/post"}],"author":[{"embeddable":true,"href":"https:\/\/www.europesays.com\/es\/wp-json\/wp\/v2\/users\/2"}],"replies":[{"embeddable":true,"href":"https:\/\/www.europesays.com\/es\/wp-json\/wp\/v2\/comments?post=202901"}],"version-history":[{"count":0,"href":"https:\/\/www.europesays.com\/es\/wp-json\/wp\/v2\/posts\/202901\/revisions"}],"wp:featuredmedia":[{"embeddable":true,"href":"https:\/\/www.europesays.com\/es\/wp-json\/wp\/v2\/media\/202902"}],"wp:attachment":[{"href":"https:\/\/www.europesays.com\/es\/wp-json\/wp\/v2\/media?parent=202901"}],"wp:term":[{"taxonomy":"category","embeddable":true,"href":"https:\/\/www.europesays.com\/es\/wp-json\/wp\/v2\/categories?post=202901"},{"taxonomy":"post_tag","embeddable":true,"href":"https:\/\/www.europesays.com\/es\/wp-json\/wp\/v2\/tags?post=202901"}],"curies":[{"name":"wp","href":"https:\/\/api.w.org\/{rel}","templated":true}]}}