{"id":202938,"date":"2025-10-27T03:45:12","date_gmt":"2025-10-27T03:45:12","guid":{"rendered":"https:\/\/www.europesays.com\/es\/202938\/"},"modified":"2025-10-27T03:45:12","modified_gmt":"2025-10-27T03:45:12","slug":"donde-ver-toledo-sevilla-canal-de-tv-y-streaming-online-del-partido-de-la-copa-del-rey-2025-2026","status":"publish","type":"post","link":"https:\/\/www.europesays.com\/es\/202938\/","title":{"rendered":"D\u00f3nde ver Toledo &#8211; Sevilla: canal de TV y streaming online del partido de la Copa del Rey 2025-2026"},"content":{"rendered":"<p style=\"\">Tras las derrotas con el Mallorca y la Real Sociedad, evidentes pasos hacia atr\u00e1s que siembran de nuevo la inquietud despu\u00e9s de la gran alegr\u00eda que supuso el triunfo frente al Barcelona, el <strong>Sevilla FC<\/strong> afronta esta semana dos partidos a domicilio y el  &#8230; primero de ellos, correspondiente a la primera ronda de la <a href=\"https:\/\/rfef.es\/es\/competiciones\/copa-de-sm-el-rey\" target=\"_self\" data-voc-vtm-id=\"in-text-traffic\" title=\"Copa del Rey\" data-mrf-link=\"rfef.es\" rel=\"nofollow noopener\">Copa del Rey<\/a>, ser\u00e1 este martes, cuando visitar\u00e1 al <strong>CD Toledo<\/strong> en el Salto del Caballo en eliminatoria a partido \u00fanico. Te contamos todos los detalles de este partido y c\u00f3mo verlo y seguirlo.<\/p>\n<p>\nD\u00f3nde ver el Toledo &#8211; Sevilla: canal de TV y streaming online del partido de la Copa del Rey 2025-2026\n<\/p>\n<p class=\"voc-p\" style=\"\">El CD Toledo &#8211; Sevilla FC de la primera eliminatoria de la Copa del Rey ser\u00e1 ofrecido en directo por Teledeporte, <a href=\"https:\/\/www.rtve.es\/play\/deportes\/\" target=\"_self\" data-voc-vtm-id=\"in-text-traffic\" title=\"RTVE Play\" data-mrf-link=\"www.rtve.es\" rel=\"nofollow noopener\">RTVE Play<\/a>, TV3 y Esports 3.<\/p>\n<p>\nA qu\u00e9 hora es el Toledo &#8211; Sevilla: fecha, d\u00eda, horario, estadio y d\u00f3nde se juega\n<\/p>\n<p class=\"voc-p\" style=\"\">El CD Toledo  &#8211; Sevilla FC de la Copa del Rey se juega <strong>este pr\u00f3ximo martes, 28 de octubre, a las 21.00 horas<\/strong> en el Salto del Caballo. <\/p>\n<p>\nC\u00f3mo seguir el Toledo &#8211; Sevilla\n<\/p>\n<p class=\"voc-p\" style=\"\">El encuentro entre toledanos y sevillistas se puede seguir por dos v\u00edas online. En primer lugar, desde <a href=\"https:\/\/www.abc.es\/deportes\/orgullodenervion\/\" target=\"_self\" data-voc-vtm-id=\"in-text-traffic\" title=\"Orgullodenervion.com\" data-mrf-link=\"www.abc.es\" rel=\"nofollow noopener\">Orgullodenervion.com<\/a>, donde contaremos el partido en directo y minuto a minuto. Tambi\u00e9n a trav\u00e9s de ABC de Sevilla. En ambas webs, aparte del transcurrir del choque, se podr\u00e1n leer estad\u00edsticas, comentarios, cr\u00f3nicas, res\u00famenes, v\u00eddeos y todo lo relacionado con este partido de la Copa del Rey 2025-2026.<\/p>\n<p>\nTodo lo que hay que saber del Toledo &#8211; Sevilla\n<\/p>\n<p class=\"voc-p\" style=\"\">Dos reveses seguidos, contra el <a href=\"https:\/\/www.abc.es\/deportes\/orgullodenervion\/noticias-sevilla-fc\/sevilla-mallorca-azucar-revoluciones-tope-20251018153723-nts.html\" target=\"_self\" data-voc-vtm-id=\"in-text-traffic\" title=\"Mallorca\" data-mrf-link=\"www.abc.es\" rel=\"nofollow noopener\">Mallorca<\/a> en casa y frente a la <a href=\"https:\/\/www.abc.es\/deportes\/orgullodenervion\/noticias-sevilla-fc\/cronica-real-sociedad-sevilla-20251024195811-nts.html\" target=\"_self\" data-voc-vtm-id=\"in-text-traffic\" title=\"Real Sociedad\" data-mrf-link=\"www.abc.es\" rel=\"nofollow noopener\">Real Sociedad<\/a> a domicilio, han pinchado el globo de la ilusi\u00f3n que l\u00f3gicamente se gener\u00f3, aunque de manera moderada, con la goleada sobre el <a href=\"https:\/\/www.abc.es\/deportes\/orgullodenervion\/noticias-sevilla-fc\/sevilla-barcelona-sevilla-abre-tarro-ilusion-goleada-20251005183224-nts.html\" target=\"_self\" data-voc-vtm-id=\"in-text-traffic\" title=\"Barcelona\" data-mrf-link=\"www.abc.es\" rel=\"nofollow noopener\">Barcelona<\/a> en el <strong>S\u00e1nchez-Pizju\u00e1n<\/strong>. De vuelta tras el par\u00f3n de octubre, el equipo no ha respondido competitivamente como entonces. Diez minutos desastrosos de la segunda parte echaron al traste el trabajo con los baleares en <strong>Nervi\u00f3n<\/strong> y, este pasado viernes, en el <strong>Reale Arena<\/strong>, un pol\u00e9mico penalti y un grosero error defensivo liquidaron las opciones de un Sevilla romo, sin filo ofensivo, que apenas gener\u00f3 nada y ech\u00f3 mucho de menos tanto a Azpilicueta como a <a href=\"https:\/\/www.abc.es\/deportes\/orgullodenervion\/noticias-sevilla-fc\/nueva-lesion-sevilla-batista-mendy-ante-real-20251020214600-nts.html\" target=\"_self\" data-voc-vtm-id=\"in-text-traffic\" title=\"Mendy\" data-mrf-link=\"www.abc.es\" rel=\"nofollow noopener\">Mendy<\/a>, que se han convertido en puntales del equipo. A las dos victorias seguidas (Rayo y Bar\u00e7a) le han seguido este par de derrotas de un Sevilla que est\u00e1 marcando bastante (17 dianas) pero tambi\u00e9n encajando (16 goles en contra) y, sobre todo, cometiendo <a href=\"https:\/\/www.abc.es\/deportes\/orgullodenervion\/noticias-sevilla-fc\/radiografia-sangria-defensiva-errores-individuales-deberes-almeyda-20251026193416-nts.html\" target=\"_self\" data-voc-vtm-id=\"in-text-traffic\" title=\"errores defensivos\" data-mrf-link=\"www.abc.es\" rel=\"nofollow noopener\">errores defensivos<\/a> que preocupan mucho a <a href=\"https:\/\/www.abc.es\/deportes\/orgullodenervion\/noticias-sevilla-fc\/almeyda-demasiados-regalos-futbol-permite-20251025000742-nts.html\" target=\"_self\" data-voc-vtm-id=\"in-text-traffic\" title=\"Almeyda\" data-mrf-link=\"www.abc.es\" rel=\"nofollow noopener\">Almeyda<\/a> a una semana de visitar el Metropolitano para medirse al Atl\u00e9tico de Madrid.<\/p>\n<p class=\"voc-p\" style=\"\"> Para la cita en San Sebasti\u00e1n, el Sevilla recuper\u00f3 a <a href=\"https:\/\/www.abc.es\/deportes\/orgullodenervion\/noticias-sevilla-fc\/regreso-alfon-20251025131204-nts.html\" target=\"_self\" data-voc-vtm-id=\"in-text-traffic\" title=\"Alfon\" data-mrf-link=\"www.abc.es\" rel=\"nofollow noopener\">Alfon<\/a>, que jug\u00f3 en la segunda parte, y perdi\u00f3 por lesi\u00f3n a Azpilicueta y Batista Mendy. Nianzou no acab\u00f3 de recuperarse para entrar en la convocatoria, de la que tambi\u00e9n se ausent\u00f3 Joan Jord\u00e1n. <a href=\"https:\/\/www.abc.es\/deportes\/orgullodenervion\/noticias-sevilla-fc\/sevilla-alexis-sufre-lesion-biceps-femoral-muslo-20251026125608-nts.html\" target=\"_self\" data-voc-vtm-id=\"in-text-traffic\" title=\"Alexis\" data-mrf-link=\"www.abc.es\" rel=\"nofollow noopener\">Alexis<\/a>, con una dolencia muscular, se ha unido este domingo a la enfermer\u00eda y estar\u00e1 <strong>de cuatro a seis semanas<\/strong> en el dique seco. Se esperan cambios, que pueden ser muchos, en el once para este partido con el <a href=\"https:\/\/www.abc.es\/deportes\/orgullodenervion\/noticias-sevilla-fc\/toledo-rival-sevilla-primera-eliminatoria-copa-rey-20251006135549-nts.html\" target=\"_self\" data-voc-vtm-id=\"in-text-traffic\" title=\"Toledo\" data-mrf-link=\"www.abc.es\" rel=\"nofollow noopener\">Toledo<\/a>, aunque el Sevilla no deber\u00eda fiarse pese a las categor\u00edas de diferencia entre estos ambos equipos porque este tipo de partidos suelen complicarse si no se afrontan con seriedad y concentraci\u00f3n. Se abre un nuevo frente competitivo y el <strong>Sevilla<\/strong>, tan falto de alegr\u00edas como est\u00e1, tiene el deber de sacar adelante un compromiso de este tipo. <\/p>\n<p>\nC\u00f3mo llega el Toledo\n<\/p>\n<p class=\"voc-p\" style=\"\">El <strong>CD Toledo<\/strong> encara esta cita con el Sevilla en su mejor momento de la temporada. <a href=\"https:\/\/www.abc.es\/deportes\/orgullodenervion\/noticias-sevilla-fc\/toledo-golea-recibir-sevilla-copa-rey-20251026085330-nts.html\" target=\"_self\" data-voc-vtm-id=\"in-text-traffic\" title=\"Tras golear el s\u00e1bado al CD Sonseca\" data-mrf-link=\"www.abc.es\" rel=\"nofollow noopener\">Tras golear el s\u00e1bado al CD Sonseca<\/a> (6-1), el conjunto verdiblanco lidera la tabla del Grupo 18 de la Tercera RFEF con <strong>16 puntos tras ganar cuatro partidos y empatar cuatro en las ocho jornadas disputadas<\/strong>. Ha marcado 14 goles y tan s\u00f3lo ha encajado cuatro. Junto al Guadalajara B, cuarto, es el \u00fanico equipo invicto de su grupo. Dirigido por Borja Bardera, el Toledo se clasific\u00f3 para la Copa tras superar en la Copa Federaci\u00f3n al CD Laguna en Canarias (1-2), al CD Coria (1-0) y a la US Sanse (1-0) en cuartos. En semifinales, cay\u00f3 ante el Orihuela (2-4). Ha dado un salto importante el Toledo desde que fuera emparejado en el sorteo con los sevillistas. Entonces, era octavo con un triunfo en cinco partidos. Luego ha ganado al Hurac\u00e1n (2-0), al Cazalegas (0-1) y al Sonseca (6-1).<\/p>\n","protected":false},"excerpt":{"rendered":"Tras las derrotas con el Mallorca y la Real Sociedad, evidentes pasos hacia atr\u00e1s que siembran de nuevo&hellip;\n","protected":false},"author":2,"featured_media":202939,"comment_status":"","ping_status":"","sticky":false,"template":"","format":"standard","meta":{"footnotes":""},"categories":[268],"tags":[13519,4632,2493,168,25,24,280,282,133,1045,5330,1171,281,23,167,6879,1952,809],"class_list":{"0":"post-202938","1":"post","2":"type-post","3":"status-publish","4":"format-standard","5":"has-post-thumbnail","7":"category-futbol","8":"tag-13519","9":"tag-canal","10":"tag-copa","11":"tag-deportes","12":"tag-es","13":"tag-espana","14":"tag-football","15":"tag-futbol","16":"tag-online","17":"tag-partido","18":"tag-rey","19":"tag-sevilla","20":"tag-soccer","21":"tag-spain","22":"tag-sports","23":"tag-streaming","24":"tag-toledo","25":"tag-ver"},"share_on_mastodon":{"url":"https:\/\/pubeurope.com\/@es\/115444077413000580","error":""},"_links":{"self":[{"href":"https:\/\/www.europesays.com\/es\/wp-json\/wp\/v2\/posts\/202938","targetHints":{"allow":["GET"]}}],"collection":[{"href":"https:\/\/www.europesays.com\/es\/wp-json\/wp\/v2\/posts"}],"about":[{"href":"https:\/\/www.europesays.com\/es\/wp-json\/wp\/v2\/types\/post"}],"author":[{"embeddable":true,"href":"https:\/\/www.europesays.com\/es\/wp-json\/wp\/v2\/users\/2"}],"replies":[{"embeddable":true,"href":"https:\/\/www.europesays.com\/es\/wp-json\/wp\/v2\/comments?post=202938"}],"version-history":[{"count":0,"href":"https:\/\/www.europesays.com\/es\/wp-json\/wp\/v2\/posts\/202938\/revisions"}],"wp:featuredmedia":[{"embeddable":true,"href":"https:\/\/www.europesays.com\/es\/wp-json\/wp\/v2\/media\/202939"}],"wp:attachment":[{"href":"https:\/\/www.europesays.com\/es\/wp-json\/wp\/v2\/media?parent=202938"}],"wp:term":[{"taxonomy":"category","embeddable":true,"href":"https:\/\/www.europesays.com\/es\/wp-json\/wp\/v2\/categories?post=202938"},{"taxonomy":"post_tag","embeddable":true,"href":"https:\/\/www.europesays.com\/es\/wp-json\/wp\/v2\/tags?post=202938"}],"curies":[{"name":"wp","href":"https:\/\/api.w.org\/{rel}","templated":true}]}}