{"id":202942,"date":"2025-10-27T03:49:10","date_gmt":"2025-10-27T03:49:10","guid":{"rendered":"https:\/\/www.europesays.com\/es\/202942\/"},"modified":"2025-10-27T03:49:10","modified_gmt":"2025-10-27T03:49:10","slug":"blas-herrero-se-lo-piensa-porque-no-quiere-perder-tanto-dinero","status":"publish","type":"post","link":"https:\/\/www.europesays.com\/es\/202942\/","title":{"rendered":"Blas Herrero se lo piensa porque no quiere perder tanto dinero"},"content":{"rendered":"<p class=\"paragraph\" id=\"paragraph_2\">En el sector miran con recelo el <strong>momento elegido para lanzar la licitaci\u00f3n<\/strong> y <strong>dudan de la rentabilidad<\/strong> que pueda tener el nuevo canal que quiere poner en marcha el Gobierno.<\/p>\n<p class=\"paragraph\" id=\"paragraph_3\">Ahora mismo todas las miradas est\u00e1n puestas en un nombre: <strong>Blas Herrero,<\/strong> presidente del grupo Radio Blanca que cuenta con Kiss FM y el canal DKiss.<\/p>\n<p class=\"paragraph\" id=\"paragraph_4\">Una atenci\u00f3n que concentra porque es el mejor posicionado dado que ya cuenta con infraestructura suficiente como para lanzarse a un concurso y<strong> promover un canal de televisi\u00f3n sin llevar a cabo una gran inversi\u00f3n. <\/strong><\/p>\n<p class=\"paragraph\" id=\"paragraph_5\">Muestra del inter\u00e9s que suscitan sus movimientos, es lo ocurrido este fin de semana Oviedo. Tras los <a href=\"https:\/\/www.elespanol.com\/el-cultural\/20251024\/premios-princesa-asturias-ceremonia-imagenes\/1003743985439_3.html?utm_cmp_rs=linksinline\" rel=\"nofollow noopener\" target=\"_blank\">Premios Princesa de Asturias<\/a>, Blas Herrero coincid\u00eda en el aeropuerto para volver a Madrid con varios &#8216;popes&#8217; del sector.<\/p>\n<p class=\"paragraph\" id=\"paragraph_6\">Entre ellos, <strong>Pedro J. Ram\u00edrez<\/strong> y <strong>Cruz S\u00e1nchez de Lara<\/strong>, presidente y vicepresidenta de EL ESPA\u00d1OL; <strong>Joseph Oughourlian,<\/strong> presidente de Prisa; <strong>Manuel Mirat,<\/strong> consejero de Vocento y la consejera delegada de Unidad Editorial, <strong>Laura M\u00fagica.<\/strong><\/p>\n<p class=\"paragraph\" id=\"paragraph_7\">All\u00ed le preguntaron por sus intenciones de hacerse con el canal de TDT, y con la probabilidad m\u00e1s que elevada de que sea quien se lleve el gato al agua dado que ninguno de ellos se va a presentar.<\/p>\n<p class=\"paragraph\" id=\"paragraph_8\">\u00bfY qu\u00e9 dijo Herrero? Pues que<strong> hay que esperar porque a\u00fan no ha tomado ninguna decisi\u00f3n.<\/strong><\/p>\n<p class=\"paragraph\" id=\"paragraph_9\">Unas palabras que coinciden con las que llegan desde su grupo. Fuentes cercanas a la compa\u00f1\u00eda insisten en que en este momento est\u00e1n haciendo c\u00e1lculos y analizando si son capaces de presentar una propuesta atractiva.<\/p>\n<p class=\"paragraph\" id=\"paragraph_10\">Adem\u00e1s, cuenta con el 29% de la sociedad <strong>Pulsa,<\/strong> una comercializadora de publicidad en televisi\u00f3n que gestiona, seg\u00fan su informaci\u00f3n, los espacios de 14 grupos de comunicaci\u00f3n diferentes. Entre ellos, Kiss Media, Trece TV, BOM Cine o Squirrel.<\/p>\n<p class=\"paragraph\" id=\"paragraph_11\">En Radio Blanca <strong>preocupa el tipo de televisi\u00f3n que propondr\u00e1n, pero tambi\u00e9n su coste.<\/strong> En el grupo de Herrero dan por hecho que quien decida presentarse tendr\u00e1 que prepararse para <strong>perder unos 30 millones de euros en dos a\u00f1os. <\/strong><\/p>\n<p class=\"paragraph\" id=\"paragraph_12\">Una cifra asumible para Radio Blanca, pero que obliga a hacer muy bien el an\u00e1lisis de la operaci\u00f3n para evitar sustos en el futuro que puedan poner en riesgo a los medios que ya forman parte de su per\u00edmetro.<\/p>\n<p class=\"paragraph\" id=\"paragraph_13\"><strong>Eso es lo que hace que todav\u00eda haya muchas dudas sobre si abordar -o no la operaci\u00f3n-<\/strong> pese a que su presidente, Blas Herrero, ha sido un cl\u00e1sico de los concursos de las licencias de televisi\u00f3n a nivel nacional y regional.<\/p>\n<p class=\"paragraph\" id=\"paragraph_14\">Pero si a Herrero le asaltan las dudas, las cosas <a href=\"https:\/\/www.elespanol.com\/invertia\/medios\/20240930\/prisa-busca-socios-ultima-plan-estrategico-canal-presentara-concurso-tdt-gobierno\/889161086_0.html?utm_cmp_rs=linksinline\" rel=\"nofollow noopener\" target=\"_blank\">no est\u00e1n mucho mejor en los que se supone que iban a ser los &#8216;vencedores&#8217; de la batalla. <\/a><\/p>\n<p class=\"paragraph\" id=\"paragraph_15\">Hablamos de los rebeldes de Prisa agrupados en <strong>Global Alconaba, <\/strong>que est\u00e1n liderados por Andr\u00e9s Varela Entrecanales y entre los que se encuentra el productor Jos\u00e9 Manuel Contreras.<\/p>\n<p class=\"paragraph\" id=\"paragraph_16\">Tras el &#8216;no&#8217; de Oughourlian a adentrarse en un proyecto audiovisual -como quer\u00edan los rebeldes- ahora no cuentan con la infraestructura econ\u00f3mica ni industrial para poder poner en marcha una televisi\u00f3n.<\/p>\n<p><img decoding=\"async\" alt=\"Andr\u00e9s Varela Entrecanales.\" data-imgm=\"true\" height=\"180\" loading=\"lazy\"  src=\"https:\/\/www.europesays.com\/es\/wp-content\/uploads\/2025\/10\/927168226_253453082_1706x960.jpg\"  width=\"320\"\/><\/p>\n<p>                                                            Andr\u00e9s Varela Entrecanales.<\/p>\n<p class=\"paragraph\" id=\"paragraph_17\">Fuentes cercanas <strong>reconocen que han tenido contactos previos con distintos grupos de comunicaci\u00f3n<\/strong> internacionales, pero hasta ahora ninguno ha dado luz verde a la propuesta.<\/p>\n<p class=\"paragraph\" id=\"paragraph_18\">Asumen que en estos momentos, y descartada la opci\u00f3n de ir de la mano del grupo que preside <strong>Joseph Oughourlian,<\/strong> para ellos resulta muy complicado lanzar una oferta. Aunque no lo descartan.<\/p>\n<p class=\"paragraph\" id=\"paragraph_19\">\u00abHabr\u00e1 que acelerar\u00bb en los pr\u00f3ximos d\u00edas y tomar una decisi\u00f3n, explican, porque \u00ab<strong>los plazos son muy ajustados<\/strong>\u00ab.<\/p>\n<p class=\"paragraph\" id=\"paragraph_20\">Sin embargo, los &#8216;corrillos&#8217; sectoriales explican que es bastante probable que acabe dando el paso pues ya <strong>cuenta con estructura para desarrollar el proyecto<\/strong> gracias a que emite a trav\u00e9s del canal televisivo DKiss.<\/p>\n<p><img loading=\"lazy\" decoding=\"async\" alt=\"Tatxo Benet en una imagen de archivo.\" height=\"180\" src=\"https:\/\/www.europesays.com\/es\/wp-content\/uploads\/2025\/10\/1003743980077_259502900_320x180.jpg\" width=\"320\" data-lazy-status=\"processed\" data-lazy-info=\"remove loading item 1\"\/><\/p>\n<p class=\"paragraph\" id=\"paragraph_21\">Poco m\u00e1s en este momento. No parece que ning\u00fan gran grupo de comunicaci\u00f3n vaya a dar el paso. Ni Atresmedia ni Mediaset. Tampoco <strong>Vocento,<\/strong> cuyo CEO, <strong>Manuel Mirat,<\/strong> ya ha descartado por completo presentarse.<\/p>\n<p class=\"paragraph\" id=\"paragraph_22\">Los cambios en <strong>Mediapro<\/strong> con la llegada de <strong>Sergio Osl\u00e9<\/strong> a la presidencia y el m\u00e1s que previsible aterrizaje del ex CEO de Prisa,\u00a0<strong>Carlos N\u00fa\u00f1ez,<\/strong> hacen que muchos se pregunten si la productora podr\u00eda lanzarse a licitar.<\/p>\n<p class=\"paragraph\" id=\"paragraph_23\">Sin embargo, desde la compa\u00f1\u00eda niegan rotundamente esa opci\u00f3n. M\u00e1xime despu\u00e9s de haber abandonado el alquiler de su licencia a <strong>Unidad Editorial<\/strong> para emitir <strong>Gol Play.<\/strong> \u00abEstamos centrados en otros proyectos\u00bb, insisten.<\/p>\n<p class=\"paragraph\" id=\"paragraph_24\">Tampoco muestran inter\u00e9s grupos como <strong>Telef\u00f3nica, Henneo<\/strong> o <strong>Secuoya. Squirrel,<\/strong> por su parte, podr\u00eda plante\u00e1rselo, pero todav\u00eda no ha tomado una decisi\u00f3n definitiva.<\/p>\n<p class=\"paragraph\" id=\"paragraph_25\">Existe coincidencia en el sector de los medios en que el momento elegido por el Gobierno para lanzar el nuevo canal no es el m\u00e1s adecuado.<\/p>\n<p class=\"paragraph\" id=\"paragraph_26\">\u00abLlevamos con esto algo m\u00e1s de un a\u00f1o dando vueltas a este tema y las condiciones han cambiado sustancialmente\u00bb, explican.<\/p>\n<p>Ca\u00edda de la publicidad<\/p>\n<p class=\"paragraph\" id=\"paragraph_27\">\u00bfPor qu\u00e9? Porque en este tiempo el mercado publicitario se ha dado la vuelta. En el primer semestre del a\u00f1o <strong>la inversi\u00f3n publicitaria en televisi\u00f3n fue de algo m\u00e1s de 886 millones, seg\u00fan datos de InfoAdex.<\/strong><\/p>\n<p class=\"paragraph\" id=\"paragraph_28\">Esta cifra supone u<strong>na ca\u00edda del 5,9% respecto al a\u00f1o anterior<\/strong> y las perspectivas de cara al segundo semestre no son mucho m\u00e1s halag\u00fce\u00f1as.<\/p>\n<p class=\"paragraph\" id=\"paragraph_29\">Si a eso le unimos la progresiva ca\u00edda de audiencia de televisi\u00f3n por el trasvase a las plataformas, tenemos el c\u00f3ctel perfecto para dudar de la rentabilidad de los proyectos.<\/p>\n<p class=\"paragraph\" id=\"paragraph_30\">Conviene tener en cuenta que en los \u00faltimos meses distintas televisiones han renunciado o han anunciado que van a renunciar a su televisi\u00f3n. <a href=\"https:\/\/www.elespanol.com\/invertia\/medios\/20251022\/paramount-dejara-emitir-tdt-final-ano-gobierno-licitara-nuevo-canal-abierto\/1003743979298_0.html?utm_cmp_rs=linksinline\" rel=\"nofollow noopener\" target=\"_blank\">La \u00faltima en hacerlo, como adelant\u00f3 este diario, Paramount, que dejar\u00e1 de emitir el 31 de diciembre<\/a>.<\/p>\n<p class=\"paragraph\" id=\"paragraph_31\">Se complica, por tanto, la idea que ten\u00eda Moncloa de crear un nuevo canal af\u00edn al PSOE que rompa lo que consideran el &#8216;duopolio&#8217; de la derecha con <strong>Atresmedia<\/strong> y <strong>Mediaset.<\/strong><\/p>\n<p class=\"paragraph\" id=\"paragraph_32\">La intenci\u00f3n inicial era que fuera el Grupo Prisa el destinatario de ese canal. Pero el <a href=\"https:\/\/www.elespanol.com\/invertia\/medios\/20250826\/factura-intento-asalto-prisa-afines-moncloa-pierden-resarcen-vias\/1003743900328_0.html?utm_cmp_rs=linksinline\" rel=\"nofollow noopener\" target=\"_blank\">golpe en la mesa lanzado por Joseph Oughourlian para frenar el ataque<\/a> de los rebeldes afines a Moncloa desbarat\u00f3 todos los planes.<\/p>\n<p class=\"paragraph\" id=\"paragraph_33\">Se puso fin as\u00ed al proyecto de lanzar un canal de televisi\u00f3n en abierto que preparaba el entonces director de contenidos, <strong>Joseph Oughourlian.<\/strong><\/p>\n<p class=\"paragraph\" id=\"paragraph_34\">En el sector audiovisual se preguntan ahora qui\u00e9n ser\u00e1 el afortunado. Porque se da por hecho que el Gobierno tiene intenci\u00f3n de lograr que alg\u00fan grupo af\u00edn sea el beneficiario del concurso.<\/p>\n<p class=\"paragraph\" id=\"paragraph_35\">Se considera que se va a primar <strong>un modelo de televisi\u00f3n ligado a actualidad<\/strong>, que sea capaz de repetir un modelo parecido al aplicado por parte de RTVE en este momento.<\/p>\n<p class=\"paragraph\" id=\"paragraph_36\">Es decir, que sea capaz de emitir informativos y tertulias durante la mayor parte del tiempo. Un modelo similar al de CNews que promueve <strong>Vincent Bollor\u00e9<\/strong> en Francia y que era la idea que ten\u00eda Contreras para Prisa.<\/p>\n<p class=\"paragraph\" id=\"paragraph_37\">De hecho, hay quien vaticina que se pretende crear un peque\u00f1o embri\u00f3n para que -una vez que haya cambio de Gobierno- se pueda recuperar a los profesionales que salgan de la p\u00fablica para relanzar un canal centrado en la oposici\u00f3n a un ejecutivo liderado por el Partido Popular (PP).<\/p>\n<p>Blas Herrero, el eterno candidato<\/p>\n<p>El presidente del grupo Radio Blanca, <strong>Blas Herrero<\/strong>, es el &#8216;eterno candidato&#8217; a hacerse con cualquier licencia o medio de comunicaci\u00f3n que salga al mercado.<\/p>\n<p>Durante el ejercicio 2021 estuvo negociando con <strong>Unidad Editorial<\/strong> la compra de sus dos canales de TDT. En aquel entonces alquilados a Discovery y Mediapro. La operaci\u00f3n no lleg\u00f3 a buen puerto por su elevado coste.<\/p>\n<p>En 2020 Blas Herrero fue el protagonista en el culebr\u00f3n del <strong>Grupo Prisa.<\/strong> Present\u00f3 una<strong> oferta formal para adquirir las divisiones de prensa y radio<\/strong> (incluyendo El Pa\u00eds\u00a0y la Cadena Ser).<\/p>\n<p>Puso encima de la mesa <strong>200 millones de euros<\/strong>, cifra muy lejana de la que quiere Joseph Oughourlian. De hecho, su propuesta fue rechazada por el consejo de administraci\u00f3n.<\/p>\n<p>Ahora bien, <strong>Blas Herrero ha estado presente en operaciones de adquisici\u00f3n o de licencias desde 1989.<\/strong> Ese a\u00f1o fue uno de los m\u00e1s beneficiados de la adjudicaci\u00f3n de emisoras de Frecuencia Modulada. Era el embri\u00f3n de su actual red de emisoras.<\/p>\n<p>Lleg\u00f3, incluso, a asociarse con Onda Cero para lanzar <strong>Onda Melod\u00eda<\/strong> -un proyecto previo a Kiss FM-. Exist\u00eda un contrato seg\u00fan el cual la cadena verde pagaba a Herrero 18 euros por oyente conseguido. El contrato se extend\u00eda hasta 2011.<\/p>\n<p>La emisora fue un \u00e9xito. Y empezaron las discusiones. Onda Cero defend\u00eda que el pago era sobre audiencia media, y Herrero sobre audiencia acumulada.<\/p>\n<p>Tras un laudo judicial,<strong> la emisora fue condenada a pagar a Blas Herrero m\u00e1s de 190 millones de euros. <\/strong><\/p>\n<p>Un dinero que le sirvi\u00f3 para poner en marcha Kiss FM, y presentarse a distintos concursos de TDT. En 2008 se present\u00f3 al concurso para gestionar la auton\u00f3mica de Castilla y Le\u00f3n, en la que no result\u00f3 vencedor.<\/p>\n<p>En 2015 lograba su primera licencia de TDT a nivel nacional, y en 2021 logr\u00f3 licencias de TDT local en las nueve provincias de Castilla y Le\u00f3n. Unido todo ello a varias emisoras a nivel local.<\/p>\n","protected":false},"excerpt":{"rendered":"En el sector miran con recelo el momento elegido para lanzar la licitaci\u00f3n y dudan de la rentabilidad&hellip;\n","protected":false},"author":2,"featured_media":202943,"comment_status":"","ping_status":"","sticky":false,"template":"","format":"standard","meta":{"footnotes":""},"categories":[171],"tags":[146,147,25,24,1827,1448,23,2458,807,214],"class_list":{"0":"post-202942","1":"post","2":"type-post","3":"status-publish","4":"format-standard","5":"has-post-thumbnail","7":"category-tv","8":"tag-entertainment","9":"tag-entretenimiento","10":"tag-es","11":"tag-espana","12":"tag-medios","13":"tag-radio","14":"tag-spain","15":"tag-tdt","16":"tag-television","17":"tag-tv"},"share_on_mastodon":{"url":"https:\/\/pubeurope.com\/@es\/115444093544855714","error":""},"_links":{"self":[{"href":"https:\/\/www.europesays.com\/es\/wp-json\/wp\/v2\/posts\/202942","targetHints":{"allow":["GET"]}}],"collection":[{"href":"https:\/\/www.europesays.com\/es\/wp-json\/wp\/v2\/posts"}],"about":[{"href":"https:\/\/www.europesays.com\/es\/wp-json\/wp\/v2\/types\/post"}],"author":[{"embeddable":true,"href":"https:\/\/www.europesays.com\/es\/wp-json\/wp\/v2\/users\/2"}],"replies":[{"embeddable":true,"href":"https:\/\/www.europesays.com\/es\/wp-json\/wp\/v2\/comments?post=202942"}],"version-history":[{"count":0,"href":"https:\/\/www.europesays.com\/es\/wp-json\/wp\/v2\/posts\/202942\/revisions"}],"wp:featuredmedia":[{"embeddable":true,"href":"https:\/\/www.europesays.com\/es\/wp-json\/wp\/v2\/media\/202943"}],"wp:attachment":[{"href":"https:\/\/www.europesays.com\/es\/wp-json\/wp\/v2\/media?parent=202942"}],"wp:term":[{"taxonomy":"category","embeddable":true,"href":"https:\/\/www.europesays.com\/es\/wp-json\/wp\/v2\/categories?post=202942"},{"taxonomy":"post_tag","embeddable":true,"href":"https:\/\/www.europesays.com\/es\/wp-json\/wp\/v2\/tags?post=202942"}],"curies":[{"name":"wp","href":"https:\/\/api.w.org\/{rel}","templated":true}]}}