{"id":202961,"date":"2025-10-27T04:07:10","date_gmt":"2025-10-27T04:07:10","guid":{"rendered":"https:\/\/www.europesays.com\/es\/202961\/"},"modified":"2025-10-27T04:07:10","modified_gmt":"2025-10-27T04:07:10","slug":"pedro-martinez-habla-del-nuevo-fichaje-del-equipo-taronja","status":"publish","type":"post","link":"https:\/\/www.europesays.com\/es\/202961\/","title":{"rendered":"Pedro Mart\u00ednez habla del nuevo fichaje del equipo taronja"},"content":{"rendered":"<p class=\"ft-text\">Valencia Basket <a class=\"ft-link ft-link--decoration\" href=\"https:\/\/www.superdeporte.es\/valencia-basket\/2025\/10\/25\/fichaje-nba-valencia-basket-braxton-key-123025439.html\" rel=\"nofollow noopener\" target=\"_blank\">anunci\u00f3 el pasado s\u00e1bado 25 de octubre el fichaje del ala-p\u00edvot norteamericano\u00a0Braxton Key<\/a>\u00a0<strong>(2,03m, Reading (Pennsylvania), 14\/02\/1997, 28 a\u00f1os)\u00a0<\/strong>hasta el final de la temporada 2025-26. Una incorporaci\u00f3n con la que se refuerza el juego interior taronja, <strong>mermado tras<\/strong><a href=\"https:\/\/www.superdeporte.es\/tags\/nate-sestina\/\" class=\"ft-link ft-link--decoration\" rel=\"nofollow noopener\" target=\"_blank\"><strong>\u00a0la baja de Nate Sestina<\/strong><\/a><strong>\u00a0y la lesi\u00f3n de\u00a0<\/strong><a href=\"https:\/\/www.superdeporte.es\/tags\/yankuba-sima\/\" class=\"ft-link ft-link--decoration\" rel=\"nofollow noopener\" target=\"_blank\"><strong>Yankuba Sima<\/strong><\/a><strong>. El propio\u00a0P<\/strong><a href=\"https:\/\/www.superdeporte.es\/valencia-basket\/2025\/10\/22\/pedro-martinez-fichar-jugador-interior-valencia-basket-122891639.html\" class=\"ft-link ft-link--decoration\" rel=\"nofollow noopener\" target=\"_blank\"><strong>edro Mart\u00ednez reconoc\u00eda hace unos d\u00edas la necesidad de fichar un interior de garant\u00edas.<\/strong><\/a><\/p>\n<p class=\"ft-text\">A la espera de la llegada del nuevo jugador, el entrenador de Valencia Basket, <a class=\"ft-link ft-link--decoration\" href=\"https:\/\/www.superdeporte.es\/valencia-basket\/2025\/10\/26\/defensa-costado-taylor-defendido-hunt-pedro-martinez-123050520.html\" rel=\"nofollow noopener\" target=\"_blank\">en la rueda de prensa posterior a la victoria ante Joventut<\/a>, <strong>ha analizado la incorporaci\u00f3n y la hoja de ruta a seguir cuando aterrice en Val\u00e8ncia. <\/strong><\/p>\n<p>Proceso de adaptaci\u00f3n<\/p>\n<p class=\"ft-text\"><a class=\"ft-link ft-link--decoration\" href=\"https:\/\/www.superdeporte.es\/valencia-basket\/2025\/10\/26\/montero-oportuno-comanda-valencia-basket-123049218.html\" rel=\"nofollow noopener\" target=\"_blank\">Por encima de cualquier otra cosa<\/a>, Pedro Mart\u00ednez dijo que deben <strong>ser pacientes con el estadounidense Braxton Key y advirti\u00f3 que su adaptaci\u00f3n no va a ser sencilla <\/strong>y que tardar\u00e1 unos partidos en jugar.<\/p>\n<p class=\"ft-text\">\u00ab<a class=\"ft-link ft-link--decoration themonetise\" href=\"https:\/\/www.valenciabasket.com\/braxton-key-llega-para-alargar-el-juego-interior-de-valencia-basket\" rel=\"nofollow sponsored noopener\" target=\"_blank\"><strong>El reto es ayudarle para que se adapte lo mas r\u00e1pido posible y que nos ayude<\/strong><\/a><strong>, pero hemos de ser pacientes con \u00e9l, esperar que se adapte y ayudarle a que se adapte<\/strong>\u00ab, se\u00f1al\u00f3 el t\u00e9cnico en una rueda de prensa, en la que lo descart\u00f3 para los dos partidos de Euroliga de esta semana.<\/p>\n<p class=\"ft-text\">\u00abEs joven, no ha jugado nunca en Europa, adem\u00e1s no llega en la pretemporada. <strong>Le habr\u00eda ido muy bien poder disputar algunos amistosos para ver los contactos y el ritmo. M\u00e1s que esperar de \u00e9l, espero que podemos ayudarle y en el proceso nada f\u00e1cil de meterse en un equipo<\/strong>\u00ab, a\u00f1adi\u00f3.<\/p>\n<p><img decoding=\"async\" src=\"https:\/\/www.europesays.com\/es\/wp-content\/uploads\/2025\/10\/2045b094-7e7e-4bbd-80b8-390c2645a73a_alta-libre-aspect-ratio_default_0.jpg\" width=\"1200\" height=\"800\" alt=\"VALENCIA SPD VALENCIA BASKET - JUVENTUD BADALONA\" class=\"ft-helper-img-rd\" loading=\"lazy\" hasdataaida=\"true\"\/><\/p>\n<p class=\"ft-helper-fontColor-quaternary ft-helper-fontSize-body-S ft-helper-spacer-t-xxs\">VALENCIA SPD VALENCIA BASKET &#8211; JUVENTUD BADALONA  \/ Eduardo Ripoll<\/p>\n<p class=\"ft-text\">El entrenador del conjunto valenciano dijo que espera ponerse \u00e9l, el resto del cuerpo t\u00e9cnico y la plantilla en disposici\u00f3n de ayudarle para que se adapte y les pueda ayudar con sus virtudes. \u00ab<strong>A ver cu\u00e1ndo puede venir, y luego, como estamos jugando muchos partidos, ser\u00e1 dif\u00edcil que puede jugar muy r\u00e1pido\u00bb, resalt\u00f3.<\/strong><\/p>\n<p>Satisfecho con la plantilla<\/p>\n<p class=\"ft-text\">Pedro Mart\u00ednez se mostr\u00f3 satisfecho por tener una plantilla de quince jugadores para prevenir problemas de lesiones y distribuir mejor las cargas y no se mostr\u00f3 preocupado por tener tres extracomunitarios y tener que elegir dos en las competiciones acb. <strong>\u00abHabr\u00e1 que tomar decisiones teniendo en cuenta ese tema\u00bb, asumi\u00f3.<\/strong><\/p>\n","protected":false},"excerpt":{"rendered":"Valencia Basket anunci\u00f3 el pasado s\u00e1bado 25 de octubre el fichaje del ala-p\u00edvot norteamericano\u00a0Braxton Key\u00a0(2,03m, Reading (Pennsylvania), 14\/02\/1997,&hellip;\n","protected":false},"author":2,"featured_media":202962,"comment_status":"","ping_status":"","sticky":false,"template":"","format":"standard","meta":{"footnotes":""},"categories":[269],"tags":[299,1918,298,55655,168,25,24,557,4596,55656,825,1822,12326,2330,7667,23,167,235,2916],"class_list":{"0":"post-202961","1":"post","2":"type-post","3":"status-publish","4":"format-standard","5":"has-post-thumbnail","7":"category-baloncesto","8":"tag-baloncesto","9":"tag-basket","10":"tag-basketball","11":"tag-braxton","12":"tag-deportes","13":"tag-es","14":"tag-espana","15":"tag-fichaje","16":"tag-habla","17":"tag-key","18":"tag-martinez","19":"tag-pedro","20":"tag-pedro-martinez","21":"tag-prensa","22":"tag-rueda","23":"tag-spain","24":"tag-sports","25":"tag-valencia","26":"tag-valencia-basket"},"share_on_mastodon":{"url":"https:\/\/pubeurope.com\/@es\/115444164155510861","error":""},"_links":{"self":[{"href":"https:\/\/www.europesays.com\/es\/wp-json\/wp\/v2\/posts\/202961","targetHints":{"allow":["GET"]}}],"collection":[{"href":"https:\/\/www.europesays.com\/es\/wp-json\/wp\/v2\/posts"}],"about":[{"href":"https:\/\/www.europesays.com\/es\/wp-json\/wp\/v2\/types\/post"}],"author":[{"embeddable":true,"href":"https:\/\/www.europesays.com\/es\/wp-json\/wp\/v2\/users\/2"}],"replies":[{"embeddable":true,"href":"https:\/\/www.europesays.com\/es\/wp-json\/wp\/v2\/comments?post=202961"}],"version-history":[{"count":0,"href":"https:\/\/www.europesays.com\/es\/wp-json\/wp\/v2\/posts\/202961\/revisions"}],"wp:featuredmedia":[{"embeddable":true,"href":"https:\/\/www.europesays.com\/es\/wp-json\/wp\/v2\/media\/202962"}],"wp:attachment":[{"href":"https:\/\/www.europesays.com\/es\/wp-json\/wp\/v2\/media?parent=202961"}],"wp:term":[{"taxonomy":"category","embeddable":true,"href":"https:\/\/www.europesays.com\/es\/wp-json\/wp\/v2\/categories?post=202961"},{"taxonomy":"post_tag","embeddable":true,"href":"https:\/\/www.europesays.com\/es\/wp-json\/wp\/v2\/tags?post=202961"}],"curies":[{"name":"wp","href":"https:\/\/api.w.org\/{rel}","templated":true}]}}