{"id":202982,"date":"2025-10-27T04:22:08","date_gmt":"2025-10-27T04:22:08","guid":{"rendered":"https:\/\/www.europesays.com\/es\/202982\/"},"modified":"2025-10-27T04:22:08","modified_gmt":"2025-10-27T04:22:08","slug":"el-mileismo-celebra-en-las-calles-la-victoria-en-las-elecciones-legislativas-populismo-nunca-mas","status":"publish","type":"post","link":"https:\/\/www.europesays.com\/es\/202982\/","title":{"rendered":"El mile\u00edsmo celebra en las calles la victoria en las elecciones legislativas: \u201cPopulismo nunca m\u00e1s\u201d"},"content":{"rendered":"<p class=\"\">El anuncio de los <a href=\"https:\/\/elpais.com\/argentina\/2025-10-27\/milei-gana-las-elecciones-legislativas-en-argentina-con-mas-del-40-de-los-votos.html\" target=\"_self\" rel=\"nofollow noopener\" title=\"https:\/\/elpais.com\/argentina\/2025-10-27\/milei-gana-las-elecciones-legislativas-en-argentina-con-mas-del-40-de-los-votos.html\">resultados electorales<\/a> se grit\u00f3 como un gol en el b\u00fanker de La Libertad Avanza. \u201cMilei, querido, el pueblo est\u00e1 contigo\u201d, comenzaron a cantar las decenas de personas que se concentraron frente al hotel Libertador de Buenos Aires. Algunos conductores aminoraban la marcha y se sumaban al festejo callejero haciendo sonar la bocina y con gritos de \u201cVamos, Javo\u201d, \u201cVamos, Peluca\u201d, dos de los apodos cari\u00f1osos con los que se conoce al presidente ultraderechista de Argentina, Javier Milei. Sus seguidores, que confiaban en un triunfo ajustado, estallaron de alegr\u00eda al enterarse que <a href=\"https:\/\/elpais.com\/argentina\/2025-10-26\/elecciones-legislativas-en-argentina-2025-en-vivo.html\" target=\"_self\" rel=\"nofollow noopener\" title=\"https:\/\/elpais.com\/argentina\/2025-10-26\/elecciones-legislativas-en-argentina-2025-en-vivo.html\">gran parte de Argentina se hab\u00eda te\u00f1ido de violeta<\/a>. La Libertad Avanza gan\u00f3 en 18 de las 24 provincias.<\/p>\n<p class=\"\">\u201cSi vieras qu\u00e9 linda est\u00e1 la Argentina, y qu\u00e9 lindo le queda el violeta. Hoy el pueblo decidi\u00f3 dejar atr\u00e1s 100 a\u00f1os de decadencia, hoy empieza la construcci\u00f3n de la Argentina grande\u201d, dijo Milei en su primer discurso triunfal. El presidente agradeci\u00f3 uno a uno a sus ministros, <a href=\"https:\/\/elpais.com\/argentina\/2025-10-22\/gerardo-werthein-el-canciller-de-javier-milei-renuncia-a-cuatro-dias-de-las-elecciones-legislativas.html\" target=\"_self\" rel=\"nofollow noopener\" title=\"https:\/\/elpais.com\/argentina\/2025-10-22\/gerardo-werthein-el-canciller-de-javier-milei-renuncia-a-cuatro-dias-de-las-elecciones-legislativas.html\">incluso a los que ya presentaron su renuncia, como el canciller Gerardo Werthein<\/a> y el de Justicia, Mariano C\u00faneo Libarona.<\/p>\n<p class=\"\">\u201cEste resultado es la confirmaci\u00f3n del mandato que asumimos en 2023. El pa\u00eds decidi\u00f3 cambiar de forma irreversible el destino de la patria\u201d, continu\u00f3 el presidente argentino. \u201cLibertad\u201d, \u201clibertad\u201d, \u201clibertad\u201d, gritaban los mile\u00edstas en la calle. Los hombres j\u00f3venes, que fueron el n\u00facleo duro que acompa\u00f1\u00f3 al economista cuando decidi\u00f3 dar el salto a la pol\u00edtica en 2021, son todav\u00eda mayor\u00eda en las movilizaciones partidarias. Pero cuatro a\u00f1os despu\u00e9s, celebran junto a ellos hombres y mujeres de todas las edades. \u201cVot\u00e9 a Milei porque quer\u00eda un cambio, dejar atr\u00e1s el kirchnerismo que caus\u00f3 un desastre para el pa\u00eds\u201d, dice Jennifer Lotti, empleada de una tienda de ropa de 22 a\u00f1os. Lotti admite que el \u00faltimo a\u00f1o no ha sido f\u00e1cil para ella ni para su familia, pero est\u00e1 convencida que el sacrificio valdr\u00e1 la pena, un discurso que se repite entre muchos votantes de La Libertad Avanza. \u201cEl cambio no puede ser de un d\u00eda para el otro, s\u00ed o s\u00ed hay que esperar. Yo soy joven y estoy dispuesta a esperar. Ahora veo futuro para Argentina, antes no lo ve\u00eda\u201d, agrega.<\/p>\n<p><img decoding=\"auto\" class=\"_re lazyload a_m-h\" height=\"276\"  width=\"414\"  src=\"https:\/\/www.europesays.com\/es\/wp-content\/uploads\/2025\/10\/ZEXZ562Y7RLPBJFLMACSAOBTD4.jpg\" loading=\"lazy\"\/>Javier y Karina Milei saludan a sus seguidores este domingo.Rodrigo Abd (AP)<\/p>\n<p class=\"\">El odio visceral al peronismo \u2014y en especial a la versi\u00f3n kirchnerista encabezada por la expresidenta Cristina Fern\u00e1ndez\u2014 une a muchos de los votantes de Milei. El presidente ha convertido ese rechazo en una efectiva arma electoral. \u201cLos argentinos no quieren volver al modelo del fracaso, le dijeron basta al populismo, populismo nunca m\u00e1s\u201d, destac\u00f3 el mandatario ultraderechista en su discurso. La victoria fue especialmente significativa en la provincia de Buenos Aires, donde La Libertad Avanza remont\u00f3 la derrota sufrida el 7 de septiembre por 14 puntos frente al peronismo para imponerse por medio punto. <\/p>\n<p class=\"\">\u201cEs una noche emocionante, con Milei sacamos al kirchnerismo de Argentina y no lo vamos a dejar volver nunca m\u00e1s. Los peronistas son lo peor que hay, se robaron todo, arruinaron el pa\u00eds\u201d, dice David Kibudy, repartidor de 21 a\u00f1os. Kibudy, euf\u00f3rico, arenga a la multitud a cantar contra Kirchner, quien cumple en prisi\u00f3n domiciliaria <a href=\"https:\/\/elpais.com\/argentina\/2025-06-17\/cristina-kirchner-inicia-seis-anos-de-prision-domiciliaria-por-corrupcion.html\" target=\"_self\" rel=\"nofollow noopener\" title=\"https:\/\/elpais.com\/argentina\/2025-06-17\/cristina-kirchner-inicia-seis-anos-de-prision-domiciliaria-por-corrupcion.html\">una condena a seis a\u00f1os de c\u00e1rcel por corrupci\u00f3n<\/a>. \u201cCristina tobillera, Cristina tobillera\u201d, cantan las bases mile\u00edstas entre insultos y abucheos. <\/p>\n<p>Kirchner baila en el balc\u00f3n<\/p>\n<p class=\"\">Los resultados sumieron a los peronistas en un desconcierto absoluto. \u201cNo entiendo nada\u201d, \u201cqu\u00e9 desastre\u201d, \u201cqu\u00e9 locura\u201d, se escrib\u00edan unos a otros en los grupos de whatsapp. <a href=\"https:\/\/elpais.com\/argentina\/2025-09-08\/el-peronismo-arrasa-en-buenos-aires-y-desafia-la-gobernabilidad-de-milei.html\" target=\"_self\" rel=\"nofollow noopener\" title=\"https:\/\/elpais.com\/argentina\/2025-09-08\/el-peronismo-arrasa-en-buenos-aires-y-desafia-la-gobernabilidad-de-milei.html\">La victoria en la provincia de Buenos Aires hab\u00eda devuelto el optimismo a la militancia peronista<\/a> y no se esperaban ese naufragio menos de dos meses despu\u00e9s.<\/p>\n<p><img decoding=\"auto\" class=\"_re lazyload a_m-h\" height=\"276\"  width=\"414\"  src=\"https:\/\/www.europesays.com\/es\/wp-content\/uploads\/2025\/10\/AQDTYBTDDBMVZPRDVXSYB72PAM.jpg\" loading=\"lazy\"\/>La expresidenta de Argentina Cristina Fern\u00e1ndez de Kirchner saluda desde el balc\u00f3n de su casa, donde cumple prisi\u00f3n domiciliaria.MATIAS MARTIN CAMPAYA (EFE)<\/p>\n<p class=\"\">En el b\u00fanker peronista de la ciudad de La Plata, la capital bonaerense, predominaban las caras largas. El gobernador de la provincia, Axel Kicillof, sali\u00f3 a hablar pasadas las once de la noche y advirti\u00f3 que Milei \u201cse equivoca si festeja este resultado electoral\u201d. Kicillof anticip\u00f3 que la provincia de Buenos Aires, la m\u00e1s grande del pa\u00eds, se va a mantener como una alternativa a las pol\u00edticas de ajuste del Gobierno nacional: \u201cVamos a redoblar los esfuerzos para cuidar a la gente. M\u00e1s trabajo, m\u00e1s militancia y m\u00e1s fuerza\u201d. <\/p>\n<p class=\"\">Kirchner se mantuvo en silencio durante la noche electoral, pero sali\u00f3 a saludar al grupo de simpatizantes que se acerc\u00f3 hasta su domicilio, en el barrio de Constituci\u00f3n, y bail\u00f3 alentada por sus c\u00e1nticos. El peronismo tem\u00eda una derrota en votos, pero esperaba ganar en n\u00famero de provincias. La batalla narrativa de interpretaciones que se esperaba no ocurri\u00f3: nada pudo maquillar la derrota de la oposici\u00f3n. <\/p>\n","protected":false},"excerpt":{"rendered":"El anuncio de los resultados electorales se grit\u00f3 como un gol en el b\u00fanker de La Libertad Avanza.&hellip;\n","protected":false},"author":2,"featured_media":202983,"comment_status":"","ping_status":"","sticky":false,"template":"","format":"standard","meta":{"footnotes":""},"categories":[5],"tags":[889,283,17,18,29954,29581,25,24,13,14,11,4245,12864,19,20,1804,9,10,15,16,12867,23,12,21,22],"class_list":{"0":"post-202982","1":"post","2":"type-post","3":"status-publish","4":"format-standard","5":"has-post-thumbnail","7":"category-titulares","8":"tag-america","9":"tag-argentina","10":"tag-breaking-news","11":"tag-breakingnews","12":"tag-cristina-fernandez-de-kirchner","13":"tag-elecciones-argentina","14":"tag-es","15":"tag-espana","16":"tag-featured-news","17":"tag-featurednews","18":"tag-headlines","19":"tag-javier-milei","20":"tag-la-libertad-avanza","21":"tag-latest-news","22":"tag-latestnews","23":"tag-latinoamerica","24":"tag-news","25":"tag-noticias","26":"tag-noticias-destacadas","27":"tag-noticiasdestacadas","28":"tag-peronismo","29":"tag-spain","30":"tag-titulares","31":"tag-ultimas-noticias","32":"tag-ultimasnoticias"},"share_on_mastodon":{"url":"https:\/\/pubeurope.com\/@es\/115444222794543803","error":""},"_links":{"self":[{"href":"https:\/\/www.europesays.com\/es\/wp-json\/wp\/v2\/posts\/202982","targetHints":{"allow":["GET"]}}],"collection":[{"href":"https:\/\/www.europesays.com\/es\/wp-json\/wp\/v2\/posts"}],"about":[{"href":"https:\/\/www.europesays.com\/es\/wp-json\/wp\/v2\/types\/post"}],"author":[{"embeddable":true,"href":"https:\/\/www.europesays.com\/es\/wp-json\/wp\/v2\/users\/2"}],"replies":[{"embeddable":true,"href":"https:\/\/www.europesays.com\/es\/wp-json\/wp\/v2\/comments?post=202982"}],"version-history":[{"count":0,"href":"https:\/\/www.europesays.com\/es\/wp-json\/wp\/v2\/posts\/202982\/revisions"}],"wp:featuredmedia":[{"embeddable":true,"href":"https:\/\/www.europesays.com\/es\/wp-json\/wp\/v2\/media\/202983"}],"wp:attachment":[{"href":"https:\/\/www.europesays.com\/es\/wp-json\/wp\/v2\/media?parent=202982"}],"wp:term":[{"taxonomy":"category","embeddable":true,"href":"https:\/\/www.europesays.com\/es\/wp-json\/wp\/v2\/categories?post=202982"},{"taxonomy":"post_tag","embeddable":true,"href":"https:\/\/www.europesays.com\/es\/wp-json\/wp\/v2\/tags?post=202982"}],"curies":[{"name":"wp","href":"https:\/\/api.w.org\/{rel}","templated":true}]}}