{"id":203018,"date":"2025-10-27T05:01:16","date_gmt":"2025-10-27T05:01:16","guid":{"rendered":"https:\/\/www.europesays.com\/es\/203018\/"},"modified":"2025-10-27T05:01:16","modified_gmt":"2025-10-27T05:01:16","slug":"este-infernal-y-precioso-olor-al-viejo-clasico-de-siempre-futbol-deportes","status":"publish","type":"post","link":"https:\/\/www.europesays.com\/es\/203018\/","title":{"rendered":"Este infernal y precioso olor al viejo Cl\u00e1sico de siempre | F\u00fatbol | Deportes"},"content":{"rendered":"<p class=\"\">No estuvieron tan listos los ladrones del Louvre cuando no esperaron a que en el museo estuviese colgado el frame<a href=\"https:\/\/elpais.com\/deportes\/futbol\/2025-10-26\/el-madrid-reconquista-el-clasico.html\" target=\"_self\" rel=\"nofollow noopener\" title=\"https:\/\/elpais.com\/deportes\/futbol\/2025-10-26\/el-madrid-reconquista-el-clasico.html\"> del fuera de juego de Mbapp\u00e9<\/a>, el hilillo de una media que estuvieron buscando en el VAR media hora para anular el gol del franc\u00e9s. Definitiva obra de arte. El gol fue una bomba teledirigida que hizo saltar por los aires el Cl\u00e1sico a los diez minutos. Fue anulado siendo muy fieles al esp\u00edritu de la norma, que exigir\u00e1 a los jugadores saltar al campo sin espinilleras y sin medias, con la ropa ce\u00f1ida y las piernas muy depiladas. Nadadores, en definitiva. Sin nada en el cuerpo y en la vida que pueda dejarte en fuera de juego; sin una familia pol\u00edtica, sin un amigo tarambana. La formulaunocizaci\u00f3n del f\u00fatbol: la emoci\u00f3n del fotofinish, pero al menos con los coches se sabe qu\u00e9 parte vale. <\/p>\n<p class=\"\">Fue uno de esos partidos dise\u00f1ados para que se hable de ellos dos semanas. Puro f\u00fatbol de antes en cuanto dejaron de importar los frames. Bien Lamine Yamal en la previa, <a href=\"https:\/\/elpais.com\/deportes\/futbol\/2025-10-26\/una-victoria-para-callar-a-lamine.html\" target=\"_self\" rel=\"nofollow noopener\" title=\"https:\/\/elpais.com\/deportes\/futbol\/2025-10-26\/una-victoria-para-callar-a-lamine.html\">canchero, generando ambiente<\/a>, d\u00e1ndole voltaje a cl\u00e1sicos \u00faltimamente marchitos. El Cl\u00e1sico necesita de jugadores as\u00ed, capaces de tener a la hinchada silb\u00e1ndole antes de que empiece el partido. Tan acostumbrados estamos al \u201cs\u00ed bueno no\u201d que cuando aparece un chulazo con personalidad y car\u00e1cter, ajeno a cors\u00e9s, nos metemos corriendo debajo de la mesa. Si bien es cierto que si Yamal jugase en el Madrid, esa noche se re\u00fane de urgencia el Consejo de Ministros valorando la Kings League. Las declaraciones, claro, levantaron el \u00e1nimo de los madridistas m\u00e1s revoltosos, particularmente Vinicius. Pasa que si provocas, tienes que aguantar luego que te contesten. Es ley de barrio. Hay que estar a favor sobre todo de la simetr\u00eda.<\/p>\n<p class=\"\">Vinicius, por cierto. Desbord\u00f3, enchuf\u00f3 a los dem\u00e1s y cre\u00f3 \u00e9l solo, casi de la nada, el segundo gol. Tuvo la punta de velocidad extra que prometi\u00f3 hace a\u00f1os con su Eu farei, y luego <a href=\"\" rel=\"\" title=\"\">mont\u00f3 un n\u00famero en su relevo<\/a> que cualquier d\u00eda termina en desgracia como se pase a\u00fan m\u00e1s de revoluciones. Ese n\u00famero lo montamos los madridistas que est\u00e1bamos viendo el partido seguro que por las mismas razones que \u00e9l: estaba fresco, las contras se multiplicaban y en campo abierto es una ballesta. Quiz\u00e1 no estaba defendiendo o presionando lo que deb\u00eda, quiz\u00e1 eso compensaba si ejecutaba el tercer o cuarto gol. El caso es que a los aficionados tambi\u00e9n hay que dejarles hacer el show, no se nos puede robar todo. <\/p>\n<p class=\"\">Vini se fue corriendo al vestuario, capaz fue de poner un par de likes estrat\u00e9gicos en Instagram y volvi\u00f3 al banquillo. \u00bfM\u00e1s tranquilo? No exactamente, pero al menos esta vez ya quer\u00eda pegarse con el rival, no con su entrenador. Tambi\u00e9n eso es f\u00fatbol, si bien hay que esconder a los ni\u00f1os con un iPad para que vean lo que quieran en internet. Nada m\u00e1s acabar el partido se nos ofrecieron ya en caliente las primeras im\u00e1genes de los conflictos de Vinicius con diferentes jugadores del Bar\u00e7a. En esas primeras im\u00e1genes ya ten\u00edan subtitulado s\u00f3lo a Vini. Entre el brasile\u00f1o y los espa\u00f1oles fue m\u00e1s r\u00e1pido entender lo que dec\u00eda Vini. Tambi\u00e9n es verdad que estaba mejor enfocado, como siempre. <\/p>\n<p class=\"\">Tuvo el partido, entre las pol\u00e9micas, los goles y las tanganas, el viejo olor al Cl\u00e1sico de toda la vida, a la rivalidad que sobrepasa el vestuario de la selecci\u00f3n, al cara de perro con el que se saludaban los Madrid-Bar\u00e7a de siempre y que conectaba a las dos aficiones a una electricidad muy particular. No se trata de ensalzar la bulla, sino de ponerla en contexto: dos equipos que se tienen ganas, que se pican, estrellas que no quieren salir del campo y\u00e9ndose entre aspavientos, silbadas monumentales, declaraciones explosivas. El f\u00fatbol es pasi\u00f3n y la pasi\u00f3n lleva a veces a sitios poco edificantes, pero ic\u00f3nicos. Qu\u00e9 mir\u00e1s, bobo. <\/p>\n<p class=\"\">El Madrid pudo golear y gan\u00f3 dando un poco de pena los \u00faltimos minutos. No era necesario, pero el madridismo lastimero empieza a acostumbrarse. Se pierden la cuenta de los partidos en que el Barcelona est\u00e1 herido y el Madrid tiende la mano. Lo de dar la mano es en la derrota, no cuando se est\u00e1 ganando. Pero pasa tambi\u00e9n institucionalmente. El Madrid exagera tanto su ausencia de antibarcelonismo que le pasa como a aquel ajedrecista, Akiba Rubistein, que en mitad de su carrera empez\u00f3 a ser v\u00edctima de una timidez patol\u00f3gica. Despu\u00e9s de realizar un movimiento, <a href=\"https:\/\/elpais.com\/deportes\/futbol\/2025-10-26\/el-madrid-reconquista-el-clasico.html\" target=\"_self\" rel=\"nofollow noopener\" title=\"https:\/\/elpais.com\/deportes\/futbol\/2025-10-26\/el-madrid-reconquista-el-clasico.html\">corr\u00eda a esconderse en un rinc\u00f3n de la sala a esperar la r\u00e9plica de su adversario. <\/a><\/p>\n","protected":false},"excerpt":{"rendered":"No estuvieron tan listos los ladrones del Louvre cuando no esperaron a que en el museo estuviese colgado&hellip;\n","protected":false},"author":2,"featured_media":203019,"comment_status":"","ping_status":"","sticky":false,"template":"","format":"standard","meta":{"footnotes":""},"categories":[93],"tags":[1540,168,54773,1539,25,24,4970,282,1538,23,167,10344],"class_list":{"0":"post-203018","1":"post","2":"type-post","3":"status-publish","4":"format-standard","5":"has-post-thumbnail","7":"category-deportes","8":"tag-competiciones","9":"tag-deportes","10":"tag-el-clasico-real-madrid-fc-barcelona","11":"tag-entrenadores","12":"tag-es","13":"tag-espana","14":"tag-flick","15":"tag-futbol","16":"tag-futbolistas","17":"tag-spain","18":"tag-sports","19":"tag-xabi-alonso"},"share_on_mastodon":{"url":"https:\/\/pubeurope.com\/@es\/115444376217248679","error":""},"_links":{"self":[{"href":"https:\/\/www.europesays.com\/es\/wp-json\/wp\/v2\/posts\/203018","targetHints":{"allow":["GET"]}}],"collection":[{"href":"https:\/\/www.europesays.com\/es\/wp-json\/wp\/v2\/posts"}],"about":[{"href":"https:\/\/www.europesays.com\/es\/wp-json\/wp\/v2\/types\/post"}],"author":[{"embeddable":true,"href":"https:\/\/www.europesays.com\/es\/wp-json\/wp\/v2\/users\/2"}],"replies":[{"embeddable":true,"href":"https:\/\/www.europesays.com\/es\/wp-json\/wp\/v2\/comments?post=203018"}],"version-history":[{"count":0,"href":"https:\/\/www.europesays.com\/es\/wp-json\/wp\/v2\/posts\/203018\/revisions"}],"wp:featuredmedia":[{"embeddable":true,"href":"https:\/\/www.europesays.com\/es\/wp-json\/wp\/v2\/media\/203019"}],"wp:attachment":[{"href":"https:\/\/www.europesays.com\/es\/wp-json\/wp\/v2\/media?parent=203018"}],"wp:term":[{"taxonomy":"category","embeddable":true,"href":"https:\/\/www.europesays.com\/es\/wp-json\/wp\/v2\/categories?post=203018"},{"taxonomy":"post_tag","embeddable":true,"href":"https:\/\/www.europesays.com\/es\/wp-json\/wp\/v2\/tags?post=203018"}],"curies":[{"name":"wp","href":"https:\/\/api.w.org\/{rel}","templated":true}]}}