{"id":203024,"date":"2025-10-27T05:04:19","date_gmt":"2025-10-27T05:04:19","guid":{"rendered":"https:\/\/www.europesays.com\/es\/203024\/"},"modified":"2025-10-27T05:04:19","modified_gmt":"2025-10-27T05:04:19","slug":"el-historico-paso-del-cometa-lemmon-y-un-robo-en-el-louvre","status":"publish","type":"post","link":"https:\/\/www.europesays.com\/es\/203024\/","title":{"rendered":"el hist\u00f3rico paso del cometa Lemmon y un robo en el Louvre"},"content":{"rendered":"<p>Una semana m\u00e1s se termina, lo que significa que en National Geographic te traemos <strong>una selecci\u00f3n de im\u00e1genes espectaculares<\/strong>, elegidas por su calidad t\u00e9cnica o por la historia que cuentan.\u00a0<\/p>\n<p>En esta ocasi\u00f3n, los eventos de actualidad \u2014como el <a href=\"https:\/\/historia.nationalgeographic.com.es\/a\/robo-louvre-esta-es-lista-piezas-extraidas-museo-mas-visitado-mundo_24761\" target=\"_blank\" rel=\"nofollow noopener\">robo en el Museo del Louvre<\/a> o <a href=\"https:\/\/www.nationalgeographic.com.es\/ciencia\/como-cuando-ver-cometa-lemmon-no-pasara-por-tierra-mucho-tiempo_26478\" target=\"_blank\" rel=\"nofollow noopener\">el paso del cometa Lemmon<\/a>\u2014 se han mezclado con im\u00e1genes de naturaleza que nos dejan sin aliento.<strong> \u00a1No te las pierdas!<\/strong><\/p>\n","protected":false},"excerpt":{"rendered":"Una semana m\u00e1s se termina, lo que significa que en National Geographic te traemos una selecci\u00f3n de im\u00e1genes&hellip;\n","protected":false},"author":2,"featured_media":203025,"comment_status":"","ping_status":"","sticky":false,"template":"","format":"standard","meta":{"footnotes":""},"categories":[81],"tags":[119,123,124,25,24,1408,448,1407,1409,117,121,122,23,118,120,226],"class_list":{"0":"post-203024","1":"post","2":"type-post","3":"status-publish","4":"format-standard","5":"has-post-thumbnail","7":"category-ciencia-y-tecnologia","8":"tag-ciencia","9":"tag-ciencia-y-tecnologia","10":"tag-cienciaytecnologia","11":"tag-es","12":"tag-espana","13":"tag-geographic","14":"tag-historia","15":"tag-national","16":"tag-naturaleza","17":"tag-science","18":"tag-science-and-technology","19":"tag-scienceandtechnology","20":"tag-spain","21":"tag-technology","22":"tag-tecnologia","23":"tag-viajes"},"share_on_mastodon":{"url":"https:\/\/pubeurope.com\/@es\/115444387955578099","error":""},"_links":{"self":[{"href":"https:\/\/www.europesays.com\/es\/wp-json\/wp\/v2\/posts\/203024","targetHints":{"allow":["GET"]}}],"collection":[{"href":"https:\/\/www.europesays.com\/es\/wp-json\/wp\/v2\/posts"}],"about":[{"href":"https:\/\/www.europesays.com\/es\/wp-json\/wp\/v2\/types\/post"}],"author":[{"embeddable":true,"href":"https:\/\/www.europesays.com\/es\/wp-json\/wp\/v2\/users\/2"}],"replies":[{"embeddable":true,"href":"https:\/\/www.europesays.com\/es\/wp-json\/wp\/v2\/comments?post=203024"}],"version-history":[{"count":0,"href":"https:\/\/www.europesays.com\/es\/wp-json\/wp\/v2\/posts\/203024\/revisions"}],"wp:featuredmedia":[{"embeddable":true,"href":"https:\/\/www.europesays.com\/es\/wp-json\/wp\/v2\/media\/203025"}],"wp:attachment":[{"href":"https:\/\/www.europesays.com\/es\/wp-json\/wp\/v2\/media?parent=203024"}],"wp:term":[{"taxonomy":"category","embeddable":true,"href":"https:\/\/www.europesays.com\/es\/wp-json\/wp\/v2\/categories?post=203024"},{"taxonomy":"post_tag","embeddable":true,"href":"https:\/\/www.europesays.com\/es\/wp-json\/wp\/v2\/tags?post=203024"}],"curies":[{"name":"wp","href":"https:\/\/api.w.org\/{rel}","templated":true}]}}