{"id":203037,"date":"2025-10-27T05:17:12","date_gmt":"2025-10-27T05:17:12","guid":{"rendered":"https:\/\/www.europesays.com\/es\/203037\/"},"modified":"2025-10-27T05:17:12","modified_gmt":"2025-10-27T05:17:12","slug":"el-ex-presidente-del-fenerbahce-quiere-comprar-el-sevilla","status":"publish","type":"post","link":"https:\/\/www.europesays.com\/es\/203037\/","title":{"rendered":"El ex presidente del Fenerbah\u00e7e quiere comprar el Sevilla"},"content":{"rendered":"<p class=\"parrafo\">Apuntan desde <strong>Turqu\u00eda<\/strong> que <strong>Ali Ko\u00e7<\/strong>, hasta el mes pasado presidente del <strong>Fenerbah\u00e7e<\/strong>, quiere hacerse con la mayor\u00eda accionarial del <strong>Sevilla FC<\/strong>. El que fuera desde <strong>2018<\/strong> a <strong>2025<\/strong> rector del club donde juega el ex nervionense <strong>Youssef En-Nesyri<\/strong> (<a href=\"https:\/\/www.estadiodeportivo.com\/futbol\/sevilla-fc\/ennesyri-inesperada-ayuda-para-sevilla-20241225-475986.html\" target=\"_blank\" class=\"intext-link\" rel=\"nofollow noopener\">por el que pag\u00f3 casi 20 millones de euros<\/a>, lleg\u00e1ndole a mandar su avi\u00f3n privado, aunque finalmente vol\u00f3 un par de d\u00edas despu\u00e9s a <strong>Estambul<\/strong>) y que tiene cedido en el <strong>Real Betis<\/strong> a <strong>Sofyan Amrabat<\/strong>, sustituido el <strong>21 de septiembre <\/strong>por <strong>Sadettin Saran<\/strong> tras unas elecciones forzadas por su pol\u00e9mica gesti\u00f3n, se a\u00f1ade a la n\u00f3mina de aspirantes a los paquetes m\u00e1s importantes de t\u00edtulos de la sociedad andaluza, en manos de <strong>Jos\u00e9 Mar\u00eda del Nido Benavente <\/strong>(que controla aproximadamente un <strong>40%<\/strong> del capital social), la <strong>Familia Carri\u00f3n <\/strong>(<strong>15%<\/strong>), el <strong>Grupo de Utrera <\/strong>(<strong>14%<\/strong>) o <strong>A-CAP <\/strong>(los antes llamados &#8216;<strong>777 Partners<\/strong>&#8216; o &#8216;<strong>Los Americanos<\/strong>&#8216;), con otro <strong>14%<\/strong>.<\/p>\n<p class=\"parrafo\">A falta de confirmaci\u00f3n, algunos fondos de inversi\u00f3n relacionados con la operaci\u00f3n de venta, <a href=\"https:\/\/www.estadiodeportivo.com\/futbol\/sevilla-fc\/ruido-sobre-venta-del-club-vuelve-ensordecedor-cuarta-via-con-nombres-apellidos-posturas-las-grandes-familias-plazos-previstos-20251017-516790.html\" target=\"_blank\" class=\"intext-link\" rel=\"nofollow noopener\">claramente iniciada<\/a> gracias a los contactos de algunos empresarios y grupos interesados y otros persuadidos por el abogado del <strong>Sevilla FC<\/strong>, <strong>Alberto P\u00e9rez-Solano<\/strong>, se han desmarcado de la misma, como <strong>Football.Enterprises Inc. <\/strong>o <strong>Dana Capital<\/strong>, aunque diversas fuentes encartan al magnate canadiense-polaco <strong>Gabriel de Alba <\/strong>y la banca de inversi\u00f3n <strong>Goldman Sachs<\/strong>. El que s\u00ed ha efectuado ya un movimiento, ofertando unos <strong>2.400 euros por acci\u00f3n<\/strong>, es el representante de la llamada &#8216;<strong>tercera v\u00eda<\/strong>&#8216;, el ex consejero y reconocido editor e impresor hispalense <strong>Antonio Lapp\u00ed<\/strong>, que ir\u00eda de la mano del periodista <strong>Fede Quintero<\/strong>.<\/p>\n<p class=\"parrafo\"><strong>Ali Ko\u00e7<\/strong>, por su parte, representa al <strong>Holding Ko\u00e7<\/strong>, primera firma de su pa\u00eds y \u00fanica que figura desde el a\u00f1o pasado en la prestigiosa lista <strong>Fortune Global 500<\/strong>. Responsable del <strong>7%<\/strong> de las exportaciones globales de <strong>Turqu\u00eda<\/strong>, el conglomerado incluye empresas de la banca (<strong>Yapi Kredi<\/strong>), la automoci\u00f3n, la energ\u00eda (controla con <strong>T\u00fcpras<\/strong> la mayor\u00eda de refiner\u00edas de petr\u00f3leo de la zona, adem\u00e1s de <strong>Aygaz<\/strong> para la electricidad y el gas natural, m\u00e1s <strong>Opet<\/strong> en forma de cientos de gasolineras), los electrodom\u00e9sticos (due\u00f1o de marcas como <strong>Beko<\/strong>, <strong>Indesit<\/strong> o <strong>Grundig<\/strong>) y la industria armament\u00edstica. Hasta la fecha no se les conoce intenci\u00f3n de adquirir un club de f\u00fatbol, pues la presidencia del <strong>Fenerbah\u00e7e<\/strong> no supuso desembolso de dinero propio.<\/p>\n<p><a class=\"elementos-rel-t2\" href=\"https:\/\/www.estadiodeportivo.com\/futbol\/sevilla-fc\/accionistas-unidos-habla-claro-sobre-venta-del-sevilla-quieren-paz-social-20251022-517381.html\" title=\"Accionistas Unidos habla claro sobre la venta del Sevilla FC: &quot;Si quieren paz social...&quot;\" rel=\"nofollow noopener\" target=\"_blank\">Accionistas Unidos habla claro sobre la venta del Sevilla FC: \u00abSi quieren paz social&#8230;\u00bb<img decoding=\"async\" src=\"https:\/\/www.europesays.com\/es\/wp-content\/uploads\/2025\/10\/9537a5ac-147b-40fb-86e0-cac59e105f64_320x180.jpeg\" alt=\"Accionistas Unidos habla claro sobre la venta del Sevilla FC: &quot;Si quieren paz social...&quot;\"\/><\/a><a class=\"elementos-rel-t2\" href=\"https:\/\/www.estadiodeportivo.com\/futbol\/sevilla-fc\/fondo-inversor-footballenterprises-inc-desmarca-compra-del-sevilla-20251021-517341.html\" title=\"El fondo inversor Football.Enterprises Inc. se desmarca de la compra del Sevilla\" rel=\"nofollow noopener\" target=\"_blank\">El fondo inversor Football.Enterprises Inc. se desmarca de la compra del Sevilla<img decoding=\"async\" src=\"https:\/\/www.europesays.com\/es\/wp-content\/uploads\/2025\/10\/706df639-08c6-46a6-ad07-ebcafc44708f_320x180.jpeg\" alt=\"El fondo inversor Football.Enterprises Inc. se desmarca de la compra del Sevilla\"\/><\/a><a class=\"elementos-rel-t2\" href=\"https:\/\/www.estadiodeportivo.com\/futbol\/sevilla-fc\/antonio-lappi-paso-presenta-una-oferta-formal-los-grandes-accionistas-20251020-517196.html\" title=\"Antonio Lapp\u00ed da el paso y presenta una oferta formal a los grandes accionistas\" rel=\"nofollow noopener\" target=\"_blank\">Antonio Lapp\u00ed da el paso y presenta una oferta formal a los grandes accionistas<img decoding=\"async\" src=\"https:\/\/www.europesays.com\/es\/wp-content\/uploads\/2025\/10\/184f7f88-f324-4d76-982e-91877125399f_320x180.jpeg\" alt=\"Antonio Lapp\u00ed da el paso y presenta una oferta formal a los grandes accionistas\"\/><\/a>Ali Yildirim Ko\u00e7: un patrimonio personal de m\u00e1s de 1.000 millones de euros<\/p>\n<p class=\"parrafo\">Al empresario turco <strong>Ali Ko\u00e7<\/strong> (<strong>58 a\u00f1os<\/strong>), hijo menor de <strong>Mustafa Rahmi Ko\u00e7<\/strong> y tercera generaci\u00f3n de la familia m\u00e1s rica del pa\u00eds, se le calcula una fortuna personal de unos <strong>1.000 millones de euros<\/strong>, fruto de su labor como cabeza visible del holding que lleva su apellido, en realidad el de su abuelo paterno y patriarca, <strong>Ahmet Vehbi Ko\u00e7<\/strong>, natural de <strong>Ankara<\/strong>, musulm\u00e1n y descendiente de armenios. Su nieto m\u00e1s conocido est\u00e1 casado con <strong>Nevbahar Demira\u011f <\/strong>y es padre de dos hijos, <strong>Kerim Rahmi<\/strong> y <strong>Sadberk Leyla<\/strong>. El conglomerado que representa es propietario del astillero <strong>RMK Marine<\/strong>, conocido por fabricar <strong>yates de lujo<\/strong> como el <strong>Nazenin V<\/strong> (propiedad de su progenitor), <strong>Calliope<\/strong> (anteriormente conocida como <strong>Explorar<\/strong>) y el <strong>Jazm\u00edn<\/strong>, el tesoro marino del multimillonario turco <strong>Mehmet Sepil<\/strong>. Varias casas y barcos, un <strong>jet privado<\/strong> y numerosas inversiones componen el mapa de movimientos del magnate que aspira a comprar el <strong>Sevilla FC<\/strong>.<\/p>\n<p><img decoding=\"async\" src=\"https:\/\/www.europesays.com\/es\/wp-content\/uploads\/2025\/10\/b86f3c87-30fd-4ec0-aead-157774861d8e_800x593.jpeg\" loading=\"lazy\"\/><\/p>\n","protected":false},"excerpt":{"rendered":"Apuntan desde Turqu\u00eda que Ali Ko\u00e7, hasta el mes pasado presidente del Fenerbah\u00e7e, quiere hacerse con la mayor\u00eda&hellip;\n","protected":false},"author":2,"featured_media":203038,"comment_status":"","ping_status":"","sticky":false,"template":"","format":"standard","meta":{"footnotes":""},"categories":[268],"tags":[168,25,24,284,24503,280,282,2993,281,23,167],"class_list":{"0":"post-203037","1":"post","2":"type-post","3":"status-publish","4":"format-standard","5":"has-post-thumbnail","7":"category-futbol","8":"tag-deportes","9":"tag-es","10":"tag-espana","11":"tag-estadio-deportivo","12":"tag-fenerbahce","13":"tag-football","14":"tag-futbol","15":"tag-sevilla-futbol-club","16":"tag-soccer","17":"tag-spain","18":"tag-sports"},"share_on_mastodon":{"url":"https:\/\/pubeurope.com\/@es\/115444439203589693","error":""},"_links":{"self":[{"href":"https:\/\/www.europesays.com\/es\/wp-json\/wp\/v2\/posts\/203037","targetHints":{"allow":["GET"]}}],"collection":[{"href":"https:\/\/www.europesays.com\/es\/wp-json\/wp\/v2\/posts"}],"about":[{"href":"https:\/\/www.europesays.com\/es\/wp-json\/wp\/v2\/types\/post"}],"author":[{"embeddable":true,"href":"https:\/\/www.europesays.com\/es\/wp-json\/wp\/v2\/users\/2"}],"replies":[{"embeddable":true,"href":"https:\/\/www.europesays.com\/es\/wp-json\/wp\/v2\/comments?post=203037"}],"version-history":[{"count":0,"href":"https:\/\/www.europesays.com\/es\/wp-json\/wp\/v2\/posts\/203037\/revisions"}],"wp:featuredmedia":[{"embeddable":true,"href":"https:\/\/www.europesays.com\/es\/wp-json\/wp\/v2\/media\/203038"}],"wp:attachment":[{"href":"https:\/\/www.europesays.com\/es\/wp-json\/wp\/v2\/media?parent=203037"}],"wp:term":[{"taxonomy":"category","embeddable":true,"href":"https:\/\/www.europesays.com\/es\/wp-json\/wp\/v2\/categories?post=203037"},{"taxonomy":"post_tag","embeddable":true,"href":"https:\/\/www.europesays.com\/es\/wp-json\/wp\/v2\/tags?post=203037"}],"curies":[{"name":"wp","href":"https:\/\/api.w.org\/{rel}","templated":true}]}}