{"id":203054,"date":"2025-10-27T05:29:15","date_gmt":"2025-10-27T05:29:15","guid":{"rendered":"https:\/\/www.europesays.com\/es\/203054\/"},"modified":"2025-10-27T05:29:15","modified_gmt":"2025-10-27T05:29:15","slug":"ee-uu-descarta-aranceles-a-colombia-pero-podria-venir-otro-golpe-a-petro","status":"publish","type":"post","link":"https:\/\/www.europesays.com\/es\/203054\/","title":{"rendered":"EE. UU. descarta aranceles a Colombia pero podr\u00eda venir otro golpe a Petro"},"content":{"rendered":"<p>Por ahora, el gobierno de Donald Trump no interpondr\u00e1 nuevos aranceles a Colombia, una amenaza que surgi\u00f3 en los \u00faltimos d\u00edas en medio de la escalada de las tensiones entre Bogot\u00e1 y Washington. Pese a eso, esta semana se podr\u00eda concretar una nueva embestida contra el presidente Gustavo Petro, con la inclusi\u00f3n de m\u00e1s figuras en la Lista Clinton y el posible inicio de un proceso en una corte americana. <\/p>\n<p><strong>Rubio descarta aranceles. <\/strong>Lo hizo este s\u00e1bado, un d\u00eda despu\u00e9s de que el <a href=\"https:\/\/www.lasillavacia.com\/en-vivo\/la-amenaza-se-cumplio-petro-tras-entrar-a-la-lista-clinton-de-estados-unidos\/\" rel=\"nofollow noopener\" target=\"_blank\">Departamento del Tesoro anunciara que incluir\u00eda al presidente, parte de su familia y a su ministro Benedetti en la Lista Clinton<\/a>; y que el mismo Rubio confirmara que no certificar\u00eda a Colombia en la lucha antidrogas, <a href=\"https:\/\/www.lasillavacia.com\/en-vivo\/estados-unidos-confirma-recorte-de-la-ayuda-economica-a-colombia\/\" rel=\"nofollow noopener\" target=\"_blank\">lo que implica una p\u00e9rdida de 27 millones de d\u00f3lares<\/a> del total de la ayuda que Estados Unidos gira a Colombia. <\/p>\n<p>\u201cNuestras relaciones con el pueblo colombiano y el sector econ\u00f3mico (\u2026) son s\u00f3lidas y duraderas\u201d, dijo Rubio para confirmar que no vendr\u00edan aranceles. Pero agreg\u00f3, insistiendo en la tensi\u00f3n con el presidente: \u201cNuestro problema con Petro es por no cooperar en nuestra lucha antidrogas, y consideramos que era mejor abordarlo de manera individual\u201d. <\/p>\n<p><strong>Una nueva embestida. <\/strong>Este abordaje individual es el que se estar\u00eda moviendo paralelamente en Washington. <a href=\"https:\/\/www.eltiempo.com\/unidad-investigativa\/las-otras-cartas-de-donald-trump-para-aumentar-la-presion-sobre-el-presidente-petro-nuevas-inclusiones-en-lista-clinton-y-un-indictment-3503016\" rel=\"nofollow noopener\" target=\"_blank\">El Tiempo<\/a> habla este domingo de la anexi\u00f3n de hasta 50 personas a la Lista Clinton, entre los que se cuentan funcionarios y exfuncionarios del gobierno. Adem\u00e1s, habla de personas cercanas a Ver\u00f3nica Alcocer, la primera dama, quien tambi\u00e9n fue incluida en el mismo listado este viernes. <\/p>\n<p>La segunda parte de la embestida tendr\u00eda que ver con un \u201cindicment\u201d o un proceso ante la justicia de Estados Unidos. La tesis que mueve este cap\u00edtulo tiene que ver con el supuesto ingreso de plata del r\u00e9gimen de Nicol\u00e1s Maduro a la campa\u00f1a Petro Presidente en 2022. El Tiempo habla de Hugo \u201cEl Pollo\u201d Carvajal como figura clave para darle aire a la idea de que a la campa\u00f1a ingres\u00f3 plata del narcotr\u00e1fico. <\/p>\n<p>Mientras estos escenarios se decantan, <a href=\"https:\/\/www.lasillavacia.com\/silla-nacional\/trump-usa-la-lista-clinton-como-instrumento-de-matoneo-politico-contra-petro\/\" rel=\"nofollow noopener\" target=\"_blank\">esta historia es clave para entender c\u00f3mo Estados Unidos busca redoblar las presiones sobre Petro<\/a>, empezando por usar su Lista Clinton como un arma pol\u00edtica. <\/p>\n","protected":false},"excerpt":{"rendered":"Por ahora, el gobierno de Donald Trump no interpondr\u00e1 nuevos aranceles a Colombia, una amenaza que surgi\u00f3 en&hellip;\n","protected":false},"author":2,"featured_media":203055,"comment_status":"","ping_status":"","sticky":false,"template":"","format":"standard","meta":{"footnotes":""},"categories":[42],"tags":[17,18,629,13,14,11,61,62,63,64,19,20,9,10,15,16,55674,12,936,21,22,65,66,67],"class_list":{"0":"post-203054","1":"post","2":"type-post","3":"status-publish","4":"format-standard","5":"has-post-thumbnail","7":"category-internacional","8":"tag-breaking-news","9":"tag-breakingnews","10":"tag-estados-unidos","11":"tag-featured-news","12":"tag-featurednews","13":"tag-headlines","14":"tag-internacional","15":"tag-international","16":"tag-international-news","17":"tag-internationalnews","18":"tag-latest-news","19":"tag-latestnews","20":"tag-news","21":"tag-noticias","22":"tag-noticias-destacadas","23":"tag-noticiasdestacadas","24":"tag-petro","25":"tag-titulares","26":"tag-trump","27":"tag-ultimas-noticias","28":"tag-ultimasnoticias","29":"tag-world","30":"tag-world-news","31":"tag-worldnews"},"share_on_mastodon":{"url":"https:\/\/pubeurope.com\/@es\/115444486759684867","error":""},"_links":{"self":[{"href":"https:\/\/www.europesays.com\/es\/wp-json\/wp\/v2\/posts\/203054","targetHints":{"allow":["GET"]}}],"collection":[{"href":"https:\/\/www.europesays.com\/es\/wp-json\/wp\/v2\/posts"}],"about":[{"href":"https:\/\/www.europesays.com\/es\/wp-json\/wp\/v2\/types\/post"}],"author":[{"embeddable":true,"href":"https:\/\/www.europesays.com\/es\/wp-json\/wp\/v2\/users\/2"}],"replies":[{"embeddable":true,"href":"https:\/\/www.europesays.com\/es\/wp-json\/wp\/v2\/comments?post=203054"}],"version-history":[{"count":0,"href":"https:\/\/www.europesays.com\/es\/wp-json\/wp\/v2\/posts\/203054\/revisions"}],"wp:featuredmedia":[{"embeddable":true,"href":"https:\/\/www.europesays.com\/es\/wp-json\/wp\/v2\/media\/203055"}],"wp:attachment":[{"href":"https:\/\/www.europesays.com\/es\/wp-json\/wp\/v2\/media?parent=203054"}],"wp:term":[{"taxonomy":"category","embeddable":true,"href":"https:\/\/www.europesays.com\/es\/wp-json\/wp\/v2\/categories?post=203054"},{"taxonomy":"post_tag","embeddable":true,"href":"https:\/\/www.europesays.com\/es\/wp-json\/wp\/v2\/tags?post=203054"}],"curies":[{"name":"wp","href":"https:\/\/api.w.org\/{rel}","templated":true}]}}