{"id":203056,"date":"2025-10-27T05:30:09","date_gmt":"2025-10-27T05:30:09","guid":{"rendered":"https:\/\/www.europesays.com\/es\/203056\/"},"modified":"2025-10-27T05:30:09","modified_gmt":"2025-10-27T05:30:09","slug":"puigdemont-y-la-cupula-de-junts-abordan-en-un-clima-de-ruptura-su-relacion-con-el-psoe-noticias-de-cataluna","status":"publish","type":"post","link":"https:\/\/www.europesays.com\/es\/203056\/","title":{"rendered":"Puigdemont y la c\u00fapula de Junts abordan en un clima de ruptura su relaci\u00f3n con el PSOE | Noticias de Catalu\u00f1a"},"content":{"rendered":"<p class=\"\">Cuando Carles Puigdemont tuvo que revalidar su cargo de <a href=\"https:\/\/elpais.com\/ccaa\/2015\/06\/13\/catalunya\/1434199449_600659.html\" target=\"_blank\" rel=\"noreferrer nofollow noopener\" title=\"https:\/\/elpais.com\/ccaa\/2015\/06\/13\/catalunya\/1434199449_600659.html\">alcalde de Girona<\/a> lo hizo como cabeza de cartel de Converg\u00e8ncia i Uni\u00f3 y, durante la campa\u00f1a electoral, reclamaba \u201cconfianza a la gente para terminar el trabajo\u201d del primer mandato. En una entrevista a TVE que sigue colgada en el archivo de la cadena p\u00fablica, manifestaba que es f\u00e1cil entender que \u201ccon cuatro a\u00f1os de gobierno se han quedado cosas por hacer\u201d. Una d\u00e9cada despu\u00e9s ya no es alcalde, sino que se reivindica como presidente de la Generalitat en el exilio y <a href=\"https:\/\/elpais.com\/espana\/catalunya\/2022-10-08\/de-la-todopoderosa-convergencia-a-la-tambaleante-junts-historia-de-un-declive.html\" target=\"_blank\" rel=\"noreferrer nofollow noopener\" title=\"https:\/\/elpais.com\/espana\/catalunya\/2022-10-08\/de-la-todopoderosa-convergencia-a-la-tambaleante-junts-historia-de-un-declive.html\">ha cambiado el carn\u00e9 de Converg\u00e8ncia<\/a> por el de Junts per Catalunya. Es el l\u00edder del partido y ha convocado este lunes a la direcci\u00f3n de la formaci\u00f3n a <a href=\"https:\/\/elpais.com\/espana\/catalunya\/2025-10-23\/puigdemont-convoca-en-perpinan-a-la-direccion-de-junts-en-pleno-desafio-al-psoe.html?outputType=amp\" target=\"_blank\" rel=\"noreferrer nofollow noopener\" title=\"https:\/\/elpais.com\/espana\/catalunya\/2025-10-23\/puigdemont-convoca-en-perpinan-a-la-direccion-de-junts-en-pleno-desafio-al-psoe.html?outputType=amp\">una cumbre en Perpi\u00f1\u00e1n<\/a> (sur de Francia) para abordar la ruptura de las relaciones con el Gobierno. El domingo ya se reuni\u00f3 con algunos de sus colaboradores m\u00e1s cercanos para trazar el discurso del cambio de ciclo. <\/p>\n<p class=\"\">Se van a cumplir dos a\u00f1os del <a href=\"https:\/\/elpais.com\/espana\/2023-11-09\/el-psoe-y-junts-cierran-el-acuerdo-de-la-amnistia-y-dan-via-libre-a-la-investidura-de-sanchez.html\" target=\"_blank\" rel=\"noreferrer nofollow noopener\" title=\"https:\/\/elpais.com\/espana\/2023-11-09\/el-psoe-y-junts-cierran-el-acuerdo-de-la-amnistia-y-dan-via-libre-a-la-investidura-de-sanchez.html\">acuerdo entre Junts y el PSOE por la investidura<\/a> de Pedro S\u00e1nchez y, con media legislatura por delante, Puigdemont considera que se ha agotado el margen de los socialistas para satisfacer las contrapartidas prometidas a Junts. El plan es someter, luego, la decisi\u00f3n a la militancia de JxCat, pero en el partido nadie duda de que se trata de una mera formalidad porque los veredictos del exalcalde se toman como palabra de ley.<\/p>\n<p>M\u00e1s informaci\u00f3n<\/p>\n<p class=\"\">El \u201coto\u00f1o caliente\u201d prometido por Junts per Catalunya eleva la temperatura de la legislatura espa\u00f1ola. \u201cTal vez en oto\u00f1o pasen cosas que no han pasado hasta ahora\u201d, vaticin\u00f3 Puigdemont a mediados de agosto. Conviene pensar en si llega \u201cla hora del cambio\u201d, dijo su portavoz parlamentaria, <a href=\"https:\/\/elpais.com\/ideas\/2023-12-16\/miriam-nogueras-la-virreina-de-puigdemont-en-madrid.html\" target=\"_blank\" rel=\"noreferrer nofollow noopener\" title=\"https:\/\/elpais.com\/ideas\/2023-12-16\/miriam-nogueras-la-virreina-de-puigdemont-en-madrid.html\">M\u00edriam Nogueras<\/a>, la semana pasada en el Congreso de los Diputados, donde los siete esca\u00f1os posconvergentes tienen una importancia capital para la estabilidad de Pedro S\u00e1nchez. <\/p>\n<p class=\"\">Solo en privado algunas voces con peso en la toma de decisiones aceptan aclarar c\u00f3mo gestiona el partido un dilema que es ineludible: \u00bfJunts no teme que debilitando al Gobierno de coalici\u00f3n facilite el camino a una alianza de PP y Vox? A eso se aferran tambi\u00e9n en el Gobierno, a la dificultad que tendr\u00e1 Puigdemont de explicar que se alinea con la ultraderecha. <\/p>\n<p class=\"\">Este domingo, <a href=\"https:\/\/www.lavanguardia.com\/politica\/20251026\/11197296\/junts-debe-elegir-avanzar-volver-espana-nodo-feijoo-venia-politica-adultos-ultras.html\" target=\"_self\" rel=\"nofollow noopener\" title=\"https:\/\/www.lavanguardia.com\/politica\/20251026\/11197296\/junts-debe-elegir-avanzar-volver-espana-nodo-feijoo-venia-politica-adultos-ultras.html\">en una entrevista en La Vanguardia<\/a>, el ministro para la Transformaci\u00f3n Digital y de la Funci\u00f3n P\u00fablica, \u00d3scar L\u00f3pez, urgi\u00f3 a Junts a elegir entre \u201cla Espa\u00f1a del nodo o la Espa\u00f1a moderna, volver al pasado o seguir avanzando hacia el futuro\u201d. M\u00e1s all\u00e1 de las declaraciones p\u00fablicas apelando a Junts, en los \u00faltimos d\u00edas, el PSOE se ha movido para intentar contentar a Puigdemont con avances sobre la oficialidad del catal\u00e1n en la Uni\u00f3n Europea, <a href=\"https:\/\/elpais.com\/espana\/2025-10-24\/alemania-y-espana-acuerdan-abrir-un-dialogo-para-que-el-catalan-pueda-ser-oficial-en-la-ue.html\" target=\"_self\" rel=\"nofollow noopener\" title=\"https:\/\/elpais.com\/espana\/2025-10-24\/alemania-y-espana-acuerdan-abrir-un-dialogo-para-que-el-catalan-pueda-ser-oficial-en-la-ue.html\">de ah\u00ed el comunicado conjunto de Espa\u00f1a y Alemania<\/a> sobre el inicio del di\u00e1logo para buscar un acuerdo al respecto. <\/p>\n<p class=\"\">El CIS se\u00f1ala que los votantes de Junts aprueban la gesti\u00f3n de S\u00e1nchez, le ponen un 5,16 de nota, y el sondeo tambi\u00e9n revela que, en la terna que lo enfrenta con Feij\u00f3o y Abascal, es su preferido como presidente. Pero en Junts tambi\u00e9n tienen en la mano las encuestas que advierten una marcada tendencia al alza en Catalu\u00f1a de la fuerza de ultraderecha independentista <a href=\"https:\/\/elpais.com\/espana\/catalunya\/2025-09-28\/alianca-catalana-la-tormenta-de-arena-que-se-cierne-sobre-el-oasis-catalan.html\" target=\"_blank\" rel=\"noreferrer nofollow noopener\" title=\"https:\/\/elpais.com\/espana\/catalunya\/2025-09-28\/alianca-catalana-la-tormenta-de-arena-que-se-cierne-sobre-el-oasis-catalan.html\">Alian\u00e7a Catalana<\/a>, un crecimiento que va en perjuicio de la marca JxCat. <\/p>\n<p class=\"\">En sus \u00faltimas intervenciones, Nogueras ha responsabilizado directamente al Gobierno de haber bloqueado iniciativas contra la multirreincidencia y las ocupaciones de viviendas, y de preferir \u201cpagar rescates a <a href=\"https:\/\/elpais.com\/expres\/2025-10-03\/la-detencion-por-parte-de-israel-de-los-activistas-de-la-flotilla-desata-manifestaciones-que-pasara-con-ellos.html\" target=\"_blank\" rel=\"noreferrer nofollow noopener\" title=\"https:\/\/elpais.com\/expres\/2025-10-03\/la-detencion-por-parte-de-israel-de-los-activistas-de-la-flotilla-desata-manifestaciones-que-pasara-con-ellos.html\">algunas estrellitas de la flotilla<\/a>\u201d o arroparse \u201ccon la bandera de Palestina\u201d antes que abordar temas que \u201cle quitan el sue\u00f1o a muchas personas\u201d. El secretario general de la formaci\u00f3n, Jordi Turull, se reuni\u00f3 el jueves con Pimec \u2014organizaci\u00f3n empresarial de Catalu\u00f1a\u2014 para mostrar complicidad con las demandas de rebaja de impuestos que hacen los empresarios. <\/p>\n<p class=\"\">Desde Junts se indica que ya antes se top\u00f3 con disyuntivas peliagudas. Se cita, como ejemplo, el rechazo del partido al <a href=\"https:\/\/elpais.com\/espana\/2025-01-28\/sanchez-cede-con-gestos-a-junts-para-aprobar-el-decreto-de-las-pensiones-y-desbloquear-la-relacion.html\" target=\"_blank\" rel=\"noreferrer nofollow noopener\" title=\"https:\/\/elpais.com\/espana\/2025-01-28\/sanchez-cede-con-gestos-a-junts-para-aprobar-el-decreto-de-las-pensiones-y-desbloquear-la-relacion.html\">decreto \u00f3mnibus del Ejecutivo<\/a>. Aquel gesto, el pasado enero, congel\u00f3 las prestaciones para 12 millones de pensionistas y dej\u00f3 sin efecto las bonificaciones al transporte p\u00fablico. Junts manifiesta que, pasado el golpe inicial, logr\u00f3 ganar la batalla por el relato y no aparecer como el malo de la pel\u00edcula. \u201cSe vio que la culpa de no haber podido aprobar el decreto fue la incapacidad del PSOE de llegar a acuerdos y tuvieron que salir corriendo a volver a aprobar otro, pero esta vez negociado con Junts\u201d. <\/p>\n<p class=\"\">Nogueras, ariete del partido en el Congreso y persona de la confianza de Puigdemont, argumenta que Junts se marca como \u00fanica misi\u00f3n defender \u201clos intereses de Catalu\u00f1a y de los catalanes\u201d y que su cometido pol\u00edtico tiene poco que ver con el eje izquierdas-derechas. Un punto de partida con el que se diferencia deliberadamente del posicionamiento que ha adoptado Esquerra Republicana, cuyo m\u00e1ximo estandarte es el portavoz del partido en Madrid, Gabriel Rufi\u00e1n, partidario de una formar un frente com\u00fan de la \u201cizquierda plurinacional\u201d para detener el avance de la derecha y la ultraderecha. <\/p>\n<p class=\"\">Junts ejerci\u00f3 una dura presi\u00f3n al Gobierno para lograr la aprobaci\u00f3n de la ley de amnist\u00eda y altos cargos de la direcci\u00f3n reconocen que el presidente S\u00e1nchez termin\u00f3 tomando una decisi\u00f3n osada y no exenta de riesgo electoral. Pese a ello, Puigdemont sigue sin poder beneficiarse de la medida y un ejemplo es la cita de este lunes con la ejecutiva del partido, que se tiene que celebrar en territorio franc\u00e9s para evitar el riesgo de detenci\u00f3n en Espa\u00f1a del presidente de Junts. <\/p>\n<p class=\"\">Tampoco se ha concretado el traspaso a Catalu\u00f1a de las competencias sobre inmigraci\u00f3n (que actualmente gestionar\u00eda una Generalitat <a href=\"https:\/\/elpais.com\/espana\/catalunya\/2025-09-02\/el-apreton-de-manos-entre-illa-y-puigdemont-sella-el-regreso-a-la-normalidad-institucional-tras-el-proces.html\" target=\"_blank\" rel=\"noreferrer nofollow noopener\" title=\"https:\/\/elpais.com\/espana\/catalunya\/2025-09-02\/el-apreton-de-manos-entre-illa-y-puigdemont-sella-el-regreso-a-la-normalidad-institucional-tras-el-proces.html\">comandada por Salvador Illa y el PSC<\/a>), ni se puede considerar como un logro conseguido el reconocimiento del catal\u00e1n en la Uni\u00f3n Europea. El PSOE defiende que ha puesto empe\u00f1o en cumplir los pactos y se\u00f1ala que el cierre de las carpetas no depende solo de su buena voluntad. <\/p>\n<p class=\"\">\u201cHay mucha tarea por delante, pero creo que si miramos objetivamente c\u00f3mo est\u00e1 yendo Catalu\u00f1a y Espa\u00f1a en estos a\u00f1os respecto a c\u00f3mo lo est\u00e1 haciendo otros Estados miembros de la Uni\u00f3n Europea. Creo que podemos estar orgullosos de lo que aqu\u00ed tambi\u00e9n se aprueba, gracias al apoyo de su grupo parlamentario\u201d, le respondi\u00f3 S\u00e1nchez a Nogueras en el \u00faltimo pleno. <\/p>\n<p class=\"\">Junts, pese a ello, dice haber detectado \u201cfalta de voluntad pol\u00edtica\u201d del Gobierno y la direcci\u00f3n considera que ha llegado la hora de desmarcarse del todo de un Ejecutivo que lleva un andar tambaleante y que, en caso de ca\u00edda, puede arrastrar a quien le haya tendido la mano. Nogueras ha manifestado que si ha habido una financiaci\u00f3n ilegal en el PSOE \u201cse va a saber\u201d y ser\u00e1 un problema del partido y de sus votantes. Todo ello mientras Santos Cerd\u00e1n, quien fue secretario de Organizaci\u00f3n socialista e interlocutor del PSOE en las reuniones con Junts en Suiza, permanece en prisi\u00f3n preventiva. <\/p>\n<p class=\"\">Puigdemont dispone, la direcci\u00f3n del partido valida y la militancia ratifica. Sin embargo, pocas variaciones cabe esperar respecto a lo que se decida en Perpi\u00f1\u00e1n. Hace dos a\u00f1os, <a href=\"https:\/\/elpais.com\/espana\/catalunya\/2022-09-29\/250-cargos-y-mas-de-20-millones-en-sueldos-lo-que-pierde-junts-si-sale-del-govern.html\" target=\"_blank\" rel=\"noreferrer nofollow noopener\" title=\"https:\/\/elpais.com\/espana\/catalunya\/2022-09-29\/250-cargos-y-mas-de-20-millones-en-sueldos-lo-que-pierde-junts-si-sale-del-govern.html\">en otro octubre caliente<\/a>, los militantes de Junts avalaron, con un 55% de los votos, la idea incubada por Carles Puigdemont, Laura Borr\u00e0s y Jordi Turull de abandonar el Govern que compart\u00edan con ERC en la Generalitat. Entonces, hab\u00eda un grupo de consellers y cargos del partido que se mostraron disconformes con la decisi\u00f3n. Ahora, la disidencia ni est\u00e1 ni se la espera.<\/p>\n","protected":false},"excerpt":{"rendered":"Cuando Carles Puigdemont tuvo que revalidar su cargo de alcalde de Girona lo hizo como cabeza de cartel&hellip;\n","protected":false},"author":2,"featured_media":203057,"comment_status":"","ping_status":"","sticky":false,"template":"","format":"standard","meta":{"footnotes":""},"categories":[8],"tags":[17,18,3834,1980,25,24,13,14,582,11,3833,3837,19,20,9,10,15,16,16261,2959,31409,1699,23,12,21,22],"class_list":{"0":"post-203056","1":"post","2":"type-post","3":"status-publish","4":"format-standard","5":"has-post-thumbnail","7":"category-espana","8":"tag-breaking-news","9":"tag-breakingnews","10":"tag-carles-puigdemont","11":"tag-cataluna","12":"tag-es","13":"tag-espana","14":"tag-featured-news","15":"tag-featurednews","16":"tag-gobierno","17":"tag-headlines","18":"tag-independencia","19":"tag-juntsxcat","20":"tag-latest-news","21":"tag-latestnews","22":"tag-news","23":"tag-noticias","24":"tag-noticias-destacadas","25":"tag-noticiasdestacadas","26":"tag-pactos-politicos","27":"tag-pedro-sanchez","28":"tag-perpinan","29":"tag-psoe","30":"tag-spain","31":"tag-titulares","32":"tag-ultimas-noticias","33":"tag-ultimasnoticias"},"share_on_mastodon":{"url":"https:\/\/pubeurope.com\/@es\/115444490111118907","error":""},"_links":{"self":[{"href":"https:\/\/www.europesays.com\/es\/wp-json\/wp\/v2\/posts\/203056","targetHints":{"allow":["GET"]}}],"collection":[{"href":"https:\/\/www.europesays.com\/es\/wp-json\/wp\/v2\/posts"}],"about":[{"href":"https:\/\/www.europesays.com\/es\/wp-json\/wp\/v2\/types\/post"}],"author":[{"embeddable":true,"href":"https:\/\/www.europesays.com\/es\/wp-json\/wp\/v2\/users\/2"}],"replies":[{"embeddable":true,"href":"https:\/\/www.europesays.com\/es\/wp-json\/wp\/v2\/comments?post=203056"}],"version-history":[{"count":0,"href":"https:\/\/www.europesays.com\/es\/wp-json\/wp\/v2\/posts\/203056\/revisions"}],"wp:featuredmedia":[{"embeddable":true,"href":"https:\/\/www.europesays.com\/es\/wp-json\/wp\/v2\/media\/203057"}],"wp:attachment":[{"href":"https:\/\/www.europesays.com\/es\/wp-json\/wp\/v2\/media?parent=203056"}],"wp:term":[{"taxonomy":"category","embeddable":true,"href":"https:\/\/www.europesays.com\/es\/wp-json\/wp\/v2\/categories?post=203056"},{"taxonomy":"post_tag","embeddable":true,"href":"https:\/\/www.europesays.com\/es\/wp-json\/wp\/v2\/tags?post=203056"}],"curies":[{"name":"wp","href":"https:\/\/api.w.org\/{rel}","templated":true}]}}