{"id":203062,"date":"2025-10-27T05:39:35","date_gmt":"2025-10-27T05:39:35","guid":{"rendered":"https:\/\/www.europesays.com\/es\/203062\/"},"modified":"2025-10-27T05:39:35","modified_gmt":"2025-10-27T05:39:35","slug":"el-casademont-zaragoza-femenino-se-da-un-homenaje-en-casa-87-57-nuestro-deporte","status":"publish","type":"post","link":"https:\/\/www.europesays.com\/es\/203062\/","title":{"rendered":"El Casademont Zaragoza femenino se da un homenaje en casa (87-57) | Nuestro deporte"},"content":{"rendered":"<p>El Casademont Zaragoza femenino se ha impuesto con contundencia al Baxi Ferrol en un encuentro que le cost\u00f3 arrancar pero <strong>su calidad sali\u00f3 a relucir en la segunda parte para poner la directa hacia la victoria.<\/strong><\/p>\n<p>El encuentro comenzar\u00eda igualado<strong>, con un Casademont que coger\u00eda la primera ventaja del encuentro (11-5).<\/strong> Sin embargo, un contundente\u00a0parcial de 0-14\u00a0 a favor del conjunto gallego iba a complicar las cosas a las de Cantero. Por suerte, reaccionar\u00eda en el tramo final del cuarto para igualar las fuerzas de nuevo (21-23). Ya en el segundo, Casademont volver\u00eda a carburar para<strong> colocar su m\u00e1xima diferencia del partido e irse al descanso con ventaja ya considerable\u00a0(44-35).<\/strong><\/p>\n<p>Tras el intermedio, Casademont pondr\u00eda la directa y ampliar\u00eda la ventaja. <strong>La anotaci\u00f3n estar\u00eda muy repartida en varias jugadoras gracias a la rotaci\u00f3n de Cantero,<\/strong> con Vorackova, Aminata, Bankol\u00e9\u00a0y Mariona como jugadoras m\u00e1s destacadas con m\u00e1s de 15 cr\u00e9ditos de valoraci\u00f3n. <strong>Otras de las noticias positivas, la vuelta de Nerea a las pistas de la Liga Femenina Endesa ya con un Casademont<\/strong> que se marchar\u00eda en el marcador al final del tercer periodo\u00a0(62-46). En el \u00faltimo, tiempo para el disfrute y poner la diferencia final en 30 puntos (87-57).<\/p>\n<p><strong>Ficha t\u00e9cnica:<\/strong><\/p>\n<p><strong>Casademont Zaragoza:\u00a0<\/strong>Ortiz, Pueyo, Leite, Fingall, Gueye -cinco inicial-, Flores, Hempe, Vorackova, Mawuli, Oma y Hermosa.<\/p>\n<p><strong>Baxi Ferrol: <\/strong>S\u00e1nchez Ramos, Erjavec, Sotolov\u00e1, Mill\u00e1n, Melia, Daniels, Rodr\u00edguez, Joiner y Joris.<\/p>\n<p><strong>Parciales:\u00a0<\/strong>21-23 | 23-12 | 18-11 | 25-11<\/p>\n<p>Si quieres estar al d\u00eda de toda la actualidad deportiva, s\u00edguenos en redes sociales: <a href=\"https:\/\/www.instagram.com\/aragondeporte\/\" target=\"_blank\" rel=\"noindex nofollow noopener\">Instagram<\/a>, <a href=\"https:\/\/www.facebook.com\/aragondeporte\/\" target=\"_blank\" rel=\"noindex nofollow noopener\">Facebook<\/a>, <a href=\"https:\/\/x.com\/ardeportes\" target=\"_blank\" rel=\"noindex nofollow\">X<\/a> y tambi\u00e9n en el canal de <a href=\"https:\/\/whatsapp.com\/channel\/0029Vb8JrUy6rsQrHNE2y41l\" target=\"_blank\" rel=\"noindex nofollow noopener\">WhatsApp<\/a>.<\/p>\n<p>            <script async src=\"\/\/www.instagram.com\/embed.js\"><\/script><\/p>\n","protected":false},"excerpt":{"rendered":"El Casademont Zaragoza femenino se ha impuesto con contundencia al Baxi Ferrol en un encuentro que le cost\u00f3&hellip;\n","protected":false},"author":2,"featured_media":203063,"comment_status":"","ping_status":"","sticky":false,"template":"","format":"standard","meta":{"footnotes":""},"categories":[269],"tags":[4499,4502,299,298,4501,4110,634,168,25,24,4500,1448,23,167,214],"class_list":{"0":"post-203062","1":"post","2":"type-post","3":"status-publish","4":"format-standard","5":"has-post-thumbnail","7":"category-baloncesto","8":"tag-aragon","9":"tag-aragonesa","10":"tag-baloncesto","11":"tag-basketball","12":"tag-cartv","13":"tag-corporacion","14":"tag-deporte","15":"tag-deportes","16":"tag-es","17":"tag-espana","18":"tag-publica","19":"tag-radio","20":"tag-spain","21":"tag-sports","22":"tag-tv"},"share_on_mastodon":{"url":"https:\/\/pubeurope.com\/@es\/115444525529811253","error":""},"_links":{"self":[{"href":"https:\/\/www.europesays.com\/es\/wp-json\/wp\/v2\/posts\/203062","targetHints":{"allow":["GET"]}}],"collection":[{"href":"https:\/\/www.europesays.com\/es\/wp-json\/wp\/v2\/posts"}],"about":[{"href":"https:\/\/www.europesays.com\/es\/wp-json\/wp\/v2\/types\/post"}],"author":[{"embeddable":true,"href":"https:\/\/www.europesays.com\/es\/wp-json\/wp\/v2\/users\/2"}],"replies":[{"embeddable":true,"href":"https:\/\/www.europesays.com\/es\/wp-json\/wp\/v2\/comments?post=203062"}],"version-history":[{"count":0,"href":"https:\/\/www.europesays.com\/es\/wp-json\/wp\/v2\/posts\/203062\/revisions"}],"wp:featuredmedia":[{"embeddable":true,"href":"https:\/\/www.europesays.com\/es\/wp-json\/wp\/v2\/media\/203063"}],"wp:attachment":[{"href":"https:\/\/www.europesays.com\/es\/wp-json\/wp\/v2\/media?parent=203062"}],"wp:term":[{"taxonomy":"category","embeddable":true,"href":"https:\/\/www.europesays.com\/es\/wp-json\/wp\/v2\/categories?post=203062"},{"taxonomy":"post_tag","embeddable":true,"href":"https:\/\/www.europesays.com\/es\/wp-json\/wp\/v2\/tags?post=203062"}],"curies":[{"name":"wp","href":"https:\/\/api.w.org\/{rel}","templated":true}]}}