{"id":203066,"date":"2025-10-27T05:42:23","date_gmt":"2025-10-27T05:42:23","guid":{"rendered":"https:\/\/www.europesays.com\/es\/203066\/"},"modified":"2025-10-27T05:42:23","modified_gmt":"2025-10-27T05:42:23","slug":"su-foto-con-uno-de-los-javis-que-lo-dice-todo","status":"publish","type":"post","link":"https:\/\/www.europesays.com\/es\/203066\/","title":{"rendered":"su foto con uno de los Javis que lo dice todo"},"content":{"rendered":"<p id=\"epcr3wrQI2\" data-wc=\"91\">El pasado 19 de mayo, durante la <a class=\"hm-link ho-link\" href=\"https:\/\/www.hola.com\/actualidad\/20250519832850\/penelope-cruz-los-javis-nueva-pelicula-la-bola-negra\/\" data-mrf-recirculation=\"article-body-link\" rel=\"nofollow noopener\" target=\"_blank\">presentaci\u00f3n en el marco del Festival de Cannes<\/a> de este ambicioso proyecto, promet\u00edan Los Javis que \u00aba\u00fan quedan por desvelar algunas sorpresas\u00bb. Se refer\u00edan con misterio al reparto que les acompa\u00f1ar\u00eda en esta aventura, guard\u00e1ndose a\u00fan y en teor\u00eda un as en la manga. Y no ment\u00edan en absoluto. Anunciaron primero a <strong>Pen\u00e9lope Cruz<\/strong>, ah\u00ed es nada, y ahora se ha desvelado la participaci\u00f3n en su pr\u00f3ximo filme de una de las mejores int\u00e9rpretes que ha dado nunca la meca del cine: <strong>Glenn Close<\/strong>.<\/p>\n<p> <img src=\"https:\/\/www.europesays.com\/es\/wp-content\/uploads\/2025\/10\/6d0a8e374658-gettyimages-2148589105.jpg\"   width=\"1024\" height=\"682\" loading=\"lazy\" decoding=\"async\" alt=\"Media Image\" fetchpriority=\"auto\" class=\"image ho-image\"\/>\u00a9 Getty Images<\/p>\n<p class=\"\" id=\"efW4hZa2ybh\" data-wc=\"76\">La estrella de Hollywood es sin duda un <strong>fichaje de relumbr\u00f3n y <\/strong>que ha sorprendido a todos para trabajar en La bola negra, la nueva y esperad\u00edsima pel\u00edcula que preparan Calvo y Ambrossi. Se trata de la cinta basada en la obra inacaba de 1936 de Federico Garc\u00eda Lorca y que ha supuesto para sus directores<strong>\u00a0\u00abel rodaje de nuestras vidas\u00bb,<\/strong> confesaba el primero recientemente al contar que solo quedan dos semanas para terminar el mismo.<\/p>\n<p> <img src=\"https:\/\/www.europesays.com\/es\/wp-content\/uploads\/2025\/10\/5450e37b9426-568623749185410170160352678658594510949052397n.jpg\"   width=\"1024\" height=\"681\" loading=\"lazy\" decoding=\"async\" alt=\"Media Image\" fetchpriority=\"auto\" class=\"image ho-image\"\/>\u00a9 javviercalvo<\/p>\n<p class=\"\" id=\"eK1nAVEmBg\" data-wc=\"79\">La protagonista de t\u00edtulos tan emblem\u00e1ticos como Atracci\u00f3n fatal o Las amistades peligrosas se ha desplazado ya a la capital de Espa\u00f1a, y ella misma lo contaba a trav\u00e9s de sus redes sociales con mucho humor.<strong>\u00a0\u00abSaltando a Madrid durante dos d\u00edas\u00bb<\/strong>, dec\u00eda junto a una imagen donde la vemos aparentemente durmiendo en el avi\u00f3n que la tra\u00eda hasta aqu\u00ed. \u00abPip no ha podido seguir el ritmo con su espa\u00f1ol, as\u00ed que se ha vuelto para Berl\u00edn\u00bb, comentaba seguidamente.<\/p>\n<p> <img src=\"https:\/\/www.europesays.com\/es\/wp-content\/uploads\/2025\/10\/138d499ddb7b-570096183181903787413286446019118685360505749n.jpg\"   width=\"1024\" height=\"768\" loading=\"lazy\" decoding=\"async\" alt=\"Media Image\" fetchpriority=\"auto\" class=\"image ho-image\"\/>\u00a9 glennclose<\/p>\n<p id=\"e_YCPjDovj\" data-wc=\"94\">La actriz estadounidense, que a sus 78 a\u00f1os mantiene una forma envidiable, se refer\u00eda as\u00ed a la ausencia de su adorable mascota en nuestro pa\u00eds. Su perro es un bich\u00f3n habanero blanco de car\u00e1cter muy juguet\u00f3n al que <a class=\"hm-link ho-link\" href=\"https:\/\/www.hola.com\/actualidad\/20190224137944\/glenn-close-spirit-awards-perro-protagonista\/\" data-mrf-recirculation=\"article-body-link\" rel=\"nofollow noopener\" target=\"_blank\">hemos visto con su due\u00f1a en algunos festivales<\/a>, y que, como dice ella, esta vez no ha podido venir al no dominar muy bien el castellano (enti\u00e9ndase la broma). Se ha quedado el peque\u00f1o can en tierras germanas, donde Glenn Close rueda tambi\u00e9n actualmente una precuela de\u00a0Los juegos del Hambre titulada Sunrise on the Reaping.<\/p>\n<p> <img src=\"https:\/\/www.europesays.com\/es\/wp-content\/uploads\/2025\/10\/9ab9cd868b21-gettyimages-1465626910.jpg\"   width=\"1024\" height=\"657\" loading=\"lazy\" decoding=\"async\" alt=\"Media Image\" fetchpriority=\"auto\" class=\"image ho-image\"\/>\u00a9 Getty Images<\/p>\n<p id=\"eV7lR-0VZ6\" data-wc=\"98\">Una vez en Madrid, la eterna Cruella de Vil de\u00a0101 D\u00e1lmatas\u00a0se inmortalizaba <strong>muy cari\u00f1osa del brazo de Javier Calvo<\/strong>, dando un tranquilo paseo por las calles al caer la tarde. \u00abMother is in town\u00bb (Madre est\u00e1 en la ciudad), dec\u00eda en ingl\u00e9s el actor, guionista, productor y director para definir esa imagen que lo dice todo, sobre la qu\u00edmica innegable que ya se ha establecido entre ambos. No es de extra\u00f1ar, teniendo en cuenta la profunda admiraci\u00f3n que siente \u00e9l y millones de personas hacia una de las damas de la interpretaci\u00f3n m\u00e1s sobresalientes del planeta.<\/p>\n<p> <img src=\"https:\/\/www.europesays.com\/es\/wp-content\/uploads\/2025\/10\/fdadfd9bf7d6-javis.jpg\"   width=\"768\" height=\"1024\" loading=\"lazy\" decoding=\"async\" alt=\"Media Image\" fetchpriority=\"auto\" class=\"image ho-image\"\/>\u00a9 javviercalvo<\/p>\n","protected":false},"excerpt":{"rendered":"El pasado 19 de mayo, durante la presentaci\u00f3n en el marco del Festival de Cannes de este ambicioso&hellip;\n","protected":false},"author":2,"featured_media":203067,"comment_status":"","ping_status":"","sticky":false,"template":"","format":"standard","meta":{"footnotes":""},"categories":[174],"tags":[517,255,146,147,25,24,256,55680,12491,22111,23],"class_list":{"0":"post-203066","1":"post","2":"type-post","3":"status-publish","4":"format-standard","5":"has-post-thumbnail","7":"category-famosos","8":"tag-actualidad","9":"tag-celebrities","10":"tag-entertainment","11":"tag-entretenimiento","12":"tag-es","13":"tag-espana","14":"tag-famosos","15":"tag-glenn-close","16":"tag-los-javis","17":"tag-penelope-cruz","18":"tag-spain"},"share_on_mastodon":{"url":"https:\/\/pubeurope.com\/@es\/115444537552178081","error":""},"_links":{"self":[{"href":"https:\/\/www.europesays.com\/es\/wp-json\/wp\/v2\/posts\/203066","targetHints":{"allow":["GET"]}}],"collection":[{"href":"https:\/\/www.europesays.com\/es\/wp-json\/wp\/v2\/posts"}],"about":[{"href":"https:\/\/www.europesays.com\/es\/wp-json\/wp\/v2\/types\/post"}],"author":[{"embeddable":true,"href":"https:\/\/www.europesays.com\/es\/wp-json\/wp\/v2\/users\/2"}],"replies":[{"embeddable":true,"href":"https:\/\/www.europesays.com\/es\/wp-json\/wp\/v2\/comments?post=203066"}],"version-history":[{"count":0,"href":"https:\/\/www.europesays.com\/es\/wp-json\/wp\/v2\/posts\/203066\/revisions"}],"wp:featuredmedia":[{"embeddable":true,"href":"https:\/\/www.europesays.com\/es\/wp-json\/wp\/v2\/media\/203067"}],"wp:attachment":[{"href":"https:\/\/www.europesays.com\/es\/wp-json\/wp\/v2\/media?parent=203066"}],"wp:term":[{"taxonomy":"category","embeddable":true,"href":"https:\/\/www.europesays.com\/es\/wp-json\/wp\/v2\/categories?post=203066"},{"taxonomy":"post_tag","embeddable":true,"href":"https:\/\/www.europesays.com\/es\/wp-json\/wp\/v2\/tags?post=203066"}],"curies":[{"name":"wp","href":"https:\/\/api.w.org\/{rel}","templated":true}]}}