{"id":203091,"date":"2025-10-27T06:14:19","date_gmt":"2025-10-27T06:14:19","guid":{"rendered":"https:\/\/www.europesays.com\/es\/203091\/"},"modified":"2025-10-27T06:14:19","modified_gmt":"2025-10-27T06:14:19","slug":"meghan-markle-y-el-principe-harry-comparten-una-estampa-familiar-en-redes-recogiendo-calabazas-con-sus-hijos","status":"publish","type":"post","link":"https:\/\/www.europesays.com\/es\/203091\/","title":{"rendered":"Meghan Markle y el pr\u00edncipe Harry comparten una estampa familiar en redes recogiendo calabazas con sus hijos"},"content":{"rendered":"<p>El esp\u00edritu oto\u00f1al ha llegado al hogar de los duques de Sussex. Meghan Markle y el pr\u00edncipe Harry disfrutaron de una actividad en familia junto a sus hijos, el pr\u00edncipe Archie, de seis a\u00f1os, y la princesa Lilibet, de cuatro, con motivo de la temporada de Halloween. <b>La duquesa comparti\u00f3 en Instagram una recopilaci\u00f3n de v\u00eddeos<\/b> que muestran distintos momentos de su visita a un huerto de calabazas en California.<\/p>\n<p>En las im\u00e1genes, acompa\u00f1adas de la canci\u00f3n <b>California Dreamin\u2019<\/b> de The Mamas &amp; The Papas, puede verse a Archie corriendo entre filas de calabazas y laberintos de ma\u00edz, mientras Meghan tira de un carro de madera junto a Harry y su hija menor. En una de las escenas, Lilibet viaja dentro del carro rodeada de las calabazas recolectadas durante la excursi\u00f3n. <b>La familia aparece sonriente y relajada, disfrutando de un d\u00eda al aire libre y del clima oto\u00f1al de Montecito<\/b>.<\/p>\n<p>El v\u00eddeo tambi\u00e9n incluye un momento m\u00e1s \u00edntimo en el que Meghan sostiene a Archie por los hombros mientras observa c\u00f3mo juega, y otro en el que camina tomada de la mano de Harry. La publicaci\u00f3n finaliza con tomas de la familia en casa, donde contin\u00faan con las celebraciones tallando las calabazas recolectadas. <b>En una escena se ve al duque de Sussex esculpiendo una cl\u00e1sica cara de Halloween<\/b>, mientras la madre de Meghan, Doria Ragland, hace una breve aparici\u00f3n colaborando en la actividad.<\/p>\n<p>Un vistazo a la vida familiar en Montecito<\/p>\n<p>La publicaci\u00f3n llega pocos d\u00edas despu\u00e9s de que Meghan compartiera m\u00e1s detalles sobre la vida cotidiana de su familia durante una transmisi\u00f3n en directo de la librer\u00eda Godmothers, el 23 de octubre. En esa charla, <b>explic\u00f3 una tradici\u00f3n familiar que practican cada noche durante la cena con sus hijos<\/b>: el juego de la \u201crosa y la espina\u201d, en el que cada miembro comparte la mejor y la peor parte de su d\u00eda.<\/p>\n<p>\u201cEspecialmente con ni\u00f1os peque\u00f1os, es una gran manera de conseguir que hablen y expresen c\u00f3mo se sienten\u201d, dijo. Adem\u00e1s, revel\u00f3 que la peque\u00f1a Lilibet est\u00e1 atravesando una etapa especialmente alegre. \u201cTiene una personalidad muy fuerte y es incre\u00edble. Ahora, cuando le pregunto cu\u00e1l fue su rosa y su espina del d\u00eda, simplemente responde: \u2018Tuve un d\u00eda fant\u00e1stico\u2019\u201d, cont\u00f3 Meghan entre risas.<\/p>\n<p><b>La familia Sussex contin\u00faa asentada en Montecito, California, donde mantiene una vida discreta alejada de los compromisos oficiales<\/b>, centrada en la crianza de sus hijos y en sus proyectos personales y ben\u00e9ficos. Con la llegada del oto\u00f1o, Meghan Markle y el pr\u00edncipe Harry celebraron una de las tradiciones m\u00e1s populares de la temporada junto a sus hijos, el pr\u00edncipe Archie, de seis a\u00f1os, y la princesa Lilibet, de cuatro.<\/p>\n","protected":false},"excerpt":{"rendered":"El esp\u00edritu oto\u00f1al ha llegado al hogar de los duques de Sussex. Meghan Markle y el pr\u00edncipe Harry&hellip;\n","protected":false},"author":2,"featured_media":203092,"comment_status":"","ping_status":"","sticky":false,"template":"","format":"standard","meta":{"footnotes":""},"categories":[174],"tags":[255,146,147,25,24,256,23],"class_list":{"0":"post-203091","1":"post","2":"type-post","3":"status-publish","4":"format-standard","5":"has-post-thumbnail","7":"category-famosos","8":"tag-celebrities","9":"tag-entertainment","10":"tag-entretenimiento","11":"tag-es","12":"tag-espana","13":"tag-famosos","14":"tag-spain"},"share_on_mastodon":{"url":"https:\/\/pubeurope.com\/@es\/115444663221137881","error":""},"_links":{"self":[{"href":"https:\/\/www.europesays.com\/es\/wp-json\/wp\/v2\/posts\/203091","targetHints":{"allow":["GET"]}}],"collection":[{"href":"https:\/\/www.europesays.com\/es\/wp-json\/wp\/v2\/posts"}],"about":[{"href":"https:\/\/www.europesays.com\/es\/wp-json\/wp\/v2\/types\/post"}],"author":[{"embeddable":true,"href":"https:\/\/www.europesays.com\/es\/wp-json\/wp\/v2\/users\/2"}],"replies":[{"embeddable":true,"href":"https:\/\/www.europesays.com\/es\/wp-json\/wp\/v2\/comments?post=203091"}],"version-history":[{"count":0,"href":"https:\/\/www.europesays.com\/es\/wp-json\/wp\/v2\/posts\/203091\/revisions"}],"wp:featuredmedia":[{"embeddable":true,"href":"https:\/\/www.europesays.com\/es\/wp-json\/wp\/v2\/media\/203092"}],"wp:attachment":[{"href":"https:\/\/www.europesays.com\/es\/wp-json\/wp\/v2\/media?parent=203091"}],"wp:term":[{"taxonomy":"category","embeddable":true,"href":"https:\/\/www.europesays.com\/es\/wp-json\/wp\/v2\/categories?post=203091"},{"taxonomy":"post_tag","embeddable":true,"href":"https:\/\/www.europesays.com\/es\/wp-json\/wp\/v2\/tags?post=203091"}],"curies":[{"name":"wp","href":"https:\/\/api.w.org\/{rel}","templated":true}]}}