{"id":203109,"date":"2025-10-27T06:26:09","date_gmt":"2025-10-27T06:26:09","guid":{"rendered":"https:\/\/www.europesays.com\/es\/203109\/"},"modified":"2025-10-27T06:26:09","modified_gmt":"2025-10-27T06:26:09","slug":"directivos-de-uvesco-e-inversores-vascos-se-alian-para-comprar-la-compania-y-blindarla-en-euskadi","status":"publish","type":"post","link":"https:\/\/www.europesays.com\/es\/203109\/","title":{"rendered":"Directivos de Uvesco e inversores vascos se al\u00edan para comprar la compa\u00f1\u00eda y blindarla en Euskadi"},"content":{"rendered":"<p>El presidente de Uvesco, el grupo propietario de la cadena de supermercados BM, Jos\u00e9 Ram\u00f3n Fern\u00e1ndez de Barrena, ya lo explic\u00f3 el pasado mes de  &#8230; mayo: la compa\u00f1\u00eda vive un a\u00f1o tranquilo en lo societario tras el intento de compra por parte de Carrefour en 2024, que permite trabajar para reforzar una posible alternativa que atienda al arraigo de la empresa. <\/p>\n<p class=\"v-p\">En esa l\u00ednea, precisamente, es en la que est\u00e1 apunto de cerrase un acuerdo que podr\u00eda ver la luz en las pr\u00f3ximas semanas, tal y como confirman a EL CORREO fuentes conocedoras de las negociaciones. Las conversaciones que se han venido manteniendo a lo largo del a\u00f1o podr\u00edan cristalizar as\u00ed en un acuerdo en la parte del accionariado vasco de la compa\u00f1\u00eda.<\/p>\n<p class=\"v-p\">Hay que recordar que el 70% del Grupo Uvesco pertenece al fondo inversor franc\u00e9s Pai Partners tras su adquisici\u00f3n en 2021. El 30% restante se divide entre diferentes accionistas, entre ellos, destaca la familia Fen\u00e1ndez Barrena con un destacada participaci\u00f3n. Los directivos tambi\u00e9n cuentan con t\u00edtulos de la empresa. Entre los socios tambi\u00e9n est\u00e1 Stellum Capital, uno de los fondos agrupados en la Fundaci\u00f3n Artizarra, la entidad impulsada por empresarios vascos para promover inversiones que aseguren el arraigo de compa\u00f1\u00edas en Euskadi. Stellum entr\u00f3 en Uvesco con un 5% junto a Gaea, una herramienta de inversi\u00f3n del grupo Inverready. Es la estructura de Josep Mar\u00eda Echarri, importante inversor que participa en MasOrange, Avatel o Audax Renovables. <\/p>\n<p><img decoding=\"async\" loading=\"lazy\" src=\"https:\/\/www.europesays.com\/es\/wp-content\/uploads\/2025\/10\/CF1W2CC1-k4JI-U2402145212ntH-1200x840@El Correo.jpg\" class=\"v-a-img\" width=\"650\" height=\"455\" alt=\"Jos\u00e9 \u00c1ngel Jare\u00f1o y Jos\u00e9 Ram\u00f3n Fern\u00e1ndez de Barrena\" data-voc-vtm-id=\"in-text-traffic\"\/><\/p>\n<p>Jos\u00e9 \u00c1ngel Jare\u00f1o y Jos\u00e9 Ram\u00f3n Fern\u00e1ndez de Barrena<\/p>\n<p>E. C.<\/p>\n<p><img loading=\"lazy\" decoding=\"async\" src=\"https:\/\/www.europesays.com\/es\/wp-content\/uploads\/2025\/10\/CF1W2CC1-k4JI-U2402145212ntH-1200x840@El Correo.jpg\" class=\"v-mdl__img-z\" width=\"1920\" height=\"1344\" alt=\"\"\/><\/p>\n<p class=\"v-p\">El acuerdo, que cuenta con el respaldo del Gobierno vasco busca agrupar acciones en este 30% de los propietarios entorno a las herramientas de la Fundaci\u00f3n Artizarra. Ser\u00eda un modo de dar m\u00e1s fuerza y entidad a las particiones vascas agrup\u00e1ndolas en un n\u00facleo m\u00e1s concentrado y en una entidad que pudiera ejercer como ancla ante una posible operaci\u00f3n de compra sobre el total de la marca de los supermercados BM. La firma guipuzcoana es la segunda por cuota de mercado en Euskadi con 183 tiendas, 4.000 empleados y compras por 127 millones a proveedores locales.<\/p>\n<p class=\"v-p\"><strong>Control del fondo de inversi\u00f3n<\/strong><\/p>\n<p class=\"v-p\">Este grupo de accionistas fue el que trat\u00f3 de buscar una alternativa a Carrefour cuando, el pasado a\u00f1o el gigante franc\u00e9s intent\u00f3 adquirir la firma vasca. La cadena gala de supermercados plante\u00f3 una operaci\u00f3n que pod\u00eda alcanzar los 800 millones, pero al final desisti\u00f3 de la compra por lo elevado de precio y la situaci\u00f3n que atravesaba. Unas circunstancias que le llevaron este verano a rotar activos con la venta de su negocio en Italia para obtener recursos con los que financiar sus mercados objetivo: Espa\u00f1a, Francia y Brasil. Precisamente en Espa\u00f1a, la marca gala redujo sus ganancias un 17% en el primer semestre alcanzando los 287 millones.<\/p>\n<p class=\"v-p\">Pai Partners, aunque como todos los fondos tiene una vocaci\u00f3n de salida, no contempla una operaci\u00f3n en el corto plazo sobre Uvesco. El inversor adquiri\u00f3 la firma vasca con el modelo &#8216;Leveraged Buy-Out (LBO)&#8217;, es decir, con una combinaci\u00f3n de capital propio y con deuda a cargo de los activos y el flujo de caja de la empresa comprada, en este caso Uvesco. En el pacto de socios de BM, seg\u00fan se\u00f1alan las mismas fuentes, la posici\u00f3n de control de Pai es total. Debe autorizar cualquier modificaci\u00f3n y cuenta con derecho de arrastre en cualquier venta. Los socios vascos, eso s\u00ed, tienen derecho a plantear una oferta alternativa.<\/p>\n","protected":false},"excerpt":{"rendered":"El presidente de Uvesco, el grupo propietario de la cadena de supermercados BM, Jos\u00e9 Ram\u00f3n Fern\u00e1ndez de Barrena,&hellip;\n","protected":false},"author":2,"featured_media":203110,"comment_status":"","ping_status":"","sticky":false,"template":"","format":"standard","meta":{"footnotes":""},"categories":[80],"tags":[10599,945,25497,82,11358,95,94,25,24,5691,23,48425,55686,12826],"class_list":{"0":"post-203109","1":"post","2":"type-post","3":"status-publish","4":"format-standard","5":"has-post-thumbnail","7":"category-economia","8":"tag-accionistas","9":"tag-acuerdo","10":"tag-arraigo","11":"tag-business","12":"tag-defender","13":"tag-economia","14":"tag-economy","15":"tag-es","16":"tag-espana","17":"tag-euskadi","18":"tag-spain","19":"tag-ultiman","20":"tag-uvesco","21":"tag-vascos"},"share_on_mastodon":{"url":"https:\/\/pubeurope.com\/@es\/115444710817873715","error":""},"_links":{"self":[{"href":"https:\/\/www.europesays.com\/es\/wp-json\/wp\/v2\/posts\/203109","targetHints":{"allow":["GET"]}}],"collection":[{"href":"https:\/\/www.europesays.com\/es\/wp-json\/wp\/v2\/posts"}],"about":[{"href":"https:\/\/www.europesays.com\/es\/wp-json\/wp\/v2\/types\/post"}],"author":[{"embeddable":true,"href":"https:\/\/www.europesays.com\/es\/wp-json\/wp\/v2\/users\/2"}],"replies":[{"embeddable":true,"href":"https:\/\/www.europesays.com\/es\/wp-json\/wp\/v2\/comments?post=203109"}],"version-history":[{"count":0,"href":"https:\/\/www.europesays.com\/es\/wp-json\/wp\/v2\/posts\/203109\/revisions"}],"wp:featuredmedia":[{"embeddable":true,"href":"https:\/\/www.europesays.com\/es\/wp-json\/wp\/v2\/media\/203110"}],"wp:attachment":[{"href":"https:\/\/www.europesays.com\/es\/wp-json\/wp\/v2\/media?parent=203109"}],"wp:term":[{"taxonomy":"category","embeddable":true,"href":"https:\/\/www.europesays.com\/es\/wp-json\/wp\/v2\/categories?post=203109"},{"taxonomy":"post_tag","embeddable":true,"href":"https:\/\/www.europesays.com\/es\/wp-json\/wp\/v2\/tags?post=203109"}],"curies":[{"name":"wp","href":"https:\/\/api.w.org\/{rel}","templated":true}]}}