{"id":203119,"date":"2025-10-27T06:35:13","date_gmt":"2025-10-27T06:35:13","guid":{"rendered":"https:\/\/www.europesays.com\/es\/203119\/"},"modified":"2025-10-27T06:35:13","modified_gmt":"2025-10-27T06:35:13","slug":"un-duo-que-escala-podios-a-pedaladas","status":"publish","type":"post","link":"https:\/\/www.europesays.com\/es\/203119\/","title":{"rendered":"Un d\u00fao que escala podios a pedaladas"},"content":{"rendered":"<p>\t\t\t \t\t \t\t\t\t\t\t\tIago Carou y \u00c1ngel Maneiro entrenan seis d\u00edas a la semana <strong class=\"pd-l\">CARMELA QUEIJEIRO  <\/strong><\/p>\n<p>\t\t\t\t\t\tEl lousamiano Iago Carou y el noi\u00e9s \u00c1ngel Maneiro hicieron doblete barbanzano en la Copa Galicia de BTT<br \/>\n\t\t\t\t\t\t<strong>27 oct 2025<\/strong> . Actualizado a las 05:00 h.\t\t\t\t\t\t<\/p>\n<p class=\"txt first-paragraph\">&#13;<br \/>\n    \t El ciclismo es mucho m\u00e1s que un deporte, es una forma de vida que engancha por la sensaci\u00f3n de libertad que ofrece. En cada salida se crea un compa\u00f1erismo espont\u00e1neo entre los que lo practican,&#13;\n\t<\/p>\n<p>&#13;<br \/>\n\t\t\t\t\tContenido exclusivo para suscriptores&#13;\n\t\t\t\t<\/p>\n<p>\t\t\t\t\tContin\u00faa leyendo con un 85% dto.<\/p>\n<p>\t\t\t\t\t\tSuscr\u00edbete por solo<br \/>\n\t\t\t\t\t\t\t\t\t\t\t\t1\u20ac\/mes<br \/>\n\t\t\t\t\t\tdurante 3 meses\t\t\t\t\t\t<\/p>\n<p>\t\t\t\t\t\t<a href=\"https:\/\/elquiosco.lavozdegalicia.es\/suscripciones\/19-45-suscripcion-webapp.html?dllvdg=0003_202510B27C8991&amp;urlData=https:\/\/www.lavozdegalicia.es\/noticia\/barbanza\/2025\/10\/27\/duo-escala-podios-pedaladas\/0003_202510B27C8991.htm\" class=\"btn-brand btn sz-t-s no-brd t-sserif pd-h-2 btnAddToCart\" data-analytics-event=\"addToCart\" data-product-name=\"Suscripci\u00f3n WEB+APP\" data-product-price=\"1.00 \" data-product-coupon=\"2025_OCTUBRE_1E3M_WEB_MES\" data-product-periodicity=\"Mensual\" rel=\"nofollow noopener\" target=\"_blank\">Suscr\u00edbete <\/a>\t\t\t\t\t\t<\/p>\n<p>\t\t\t\t\t&#13;<br \/>\n\t\t\t\t\t\u00bfYa eres subscriptor? <a href=\"https:\/\/miperfil.lavozdegalicia.es\/login.jsp?url=https:\/\/www.lavozdegalicia.es\/noticia\/barbanza\/2025\/10\/27\/duo-escala-podios-pedaladas\/0003_202510B27C8991.htm\" class=\"c-white\" rel=\"nofollow noopener\" target=\"_blank\">Inicia sesi\u00f3n<\/a>&#13;<\/p>\n","protected":false},"excerpt":{"rendered":"Iago Carou y \u00c1ngel Maneiro entrenan seis d\u00edas a la semana CARMELA QUEIJEIRO El lousamiano Iago Carou y&hellip;\n","protected":false},"author":2,"featured_media":203120,"comment_status":"","ping_status":"","sticky":false,"template":"","format":"standard","meta":{"footnotes":""},"categories":[273],"tags":[313,21386,312,168,25,24,23906,41520,23,167],"class_list":{"0":"post-203119","1":"post","2":"type-post","3":"status-publish","4":"format-standard","5":"has-post-thumbnail","7":"category-ciclismo","8":"tag-ciclismo","9":"tag-comarca-do-barbanza","10":"tag-cycling","11":"tag-deportes","12":"tag-es","13":"tag-espana","14":"tag-maraton","15":"tag-noia","16":"tag-spain","17":"tag-sports"},"share_on_mastodon":{"url":"https:\/\/pubeurope.com\/@es\/115444745806823102","error":""},"_links":{"self":[{"href":"https:\/\/www.europesays.com\/es\/wp-json\/wp\/v2\/posts\/203119","targetHints":{"allow":["GET"]}}],"collection":[{"href":"https:\/\/www.europesays.com\/es\/wp-json\/wp\/v2\/posts"}],"about":[{"href":"https:\/\/www.europesays.com\/es\/wp-json\/wp\/v2\/types\/post"}],"author":[{"embeddable":true,"href":"https:\/\/www.europesays.com\/es\/wp-json\/wp\/v2\/users\/2"}],"replies":[{"embeddable":true,"href":"https:\/\/www.europesays.com\/es\/wp-json\/wp\/v2\/comments?post=203119"}],"version-history":[{"count":0,"href":"https:\/\/www.europesays.com\/es\/wp-json\/wp\/v2\/posts\/203119\/revisions"}],"wp:featuredmedia":[{"embeddable":true,"href":"https:\/\/www.europesays.com\/es\/wp-json\/wp\/v2\/media\/203120"}],"wp:attachment":[{"href":"https:\/\/www.europesays.com\/es\/wp-json\/wp\/v2\/media?parent=203119"}],"wp:term":[{"taxonomy":"category","embeddable":true,"href":"https:\/\/www.europesays.com\/es\/wp-json\/wp\/v2\/categories?post=203119"},{"taxonomy":"post_tag","embeddable":true,"href":"https:\/\/www.europesays.com\/es\/wp-json\/wp\/v2\/tags?post=203119"}],"curies":[{"name":"wp","href":"https:\/\/api.w.org\/{rel}","templated":true}]}}