{"id":203125,"date":"2025-10-27T06:39:20","date_gmt":"2025-10-27T06:39:20","guid":{"rendered":"https:\/\/www.europesays.com\/es\/203125\/"},"modified":"2025-10-27T06:39:20","modified_gmt":"2025-10-27T06:39:20","slug":"todas-las-mujeres-de-la-vida-de-cayetano-martinez-de-irujo","status":"publish","type":"post","link":"https:\/\/www.europesays.com\/es\/203125\/","title":{"rendered":"Todas las mujeres de la vida de Cayetano Mart\u00ednez de Irujo"},"content":{"rendered":"<p><strong>Cayetano Mart\u00ednez de Irujo<\/strong> <a href=\"https:\/\/okdiario.com\/look\/actualidad\/imagenes-exlusivas-faceta-privada-boda-cayetano-martinez-irujo-barbara-mirjan-2396419\" rel=\"nofollow noopener\" target=\"_blank\">se daba el \u00abs\u00ed quiero\u00bb con B\u00e1rbara Mirjan el pasado 4 de octubre<\/a> despu\u00e9s de 10 a\u00f1os de relaci\u00f3n. Sin embargo, esta discreta joven no ha sido la \u00fanica mujer que ha pasado por la vida del duque de Arjona, quien cuenta con un amplio curriculum amoroso que repasaremos a continuaci\u00f3n. De hecho, algunas de ellas son bastante conocidas, lo que les ha llevado a estar en el foco medi\u00e1tico de manera constante.<\/p>\n<p>Empezando por<strong> Katia Ca\u00f1edo<\/strong>, primer amor del hijo de la duquesa de Alba, y aquella con la que \u00abm\u00e1s cari\u00f1o recuerda\u00bb. Su relaci\u00f3n duraba 7 a\u00f1os e incluso pudo haber terminado en boda, sobre todo porque eran muy afines y ten\u00edan muchos intereses en com\u00fan. A los dos les gustaba el deporte, y tambi\u00e9n hab\u00edan recibido una educaci\u00f3n elitista. De hecho, incluso veraneaban juntos en Marbella y sus familias se conoc\u00edan. Lamentablemente, su historia no fue a m\u00e1s, aunque la imagen de Katia llevando las arras en la boda de Marisa Yordi y Alfonso de Borb\u00f3n quedar\u00e1 siempre para la posteridad.<\/p>\n<p>Del primer amor, a la pasi\u00f3n con Mar Flores: las mujeres de la vida de Cayetano Mart\u00ednez de Irujo<\/p>\n<p>Despu\u00e9s de Katia, al duque de Arjona se le estuvo relacionando con <strong>Sonia Mart\u00ednez<\/strong>, presentadora muy querida de programas infantiles como Dabadabad\u00e1 o La bola de cristal, -en este \u00faltimo sustituyo a Alaska-. Gracias a eso, consegu\u00eda adquirir una gran notoriedad, y fue ah\u00ed cuando conoci\u00f3 a Cayetano. Sin embargo, su historia fue bastante breve y ya no se les volv\u00eda a ver juntos. Cuando Sonia falleci\u00f3 en 1994 a los 31 a\u00f1os, el hijo de la duquesa de Alba la defini\u00f3 como \u00abuna buena chica\u00bb.<\/p>\n<p>\n<img decoding=\"async\" loading=\"lazy\" class=\"wp-image-2392449 size-full\" alt=\"La presentadora Sonia Mart\u00ednez. (Foto: Gtres)\" width=\"1800\" height=\"1013\"  src=\"https:\/\/www.europesays.com\/es\/wp-content\/uploads\/2025\/10\/placeholder.jpg\"  bad-src=\"https:\/\/www.europesays.com\/es\/wp-content\/uploads\/2025\/10\/placeholder.jpg\"\/><\/p>\n<p><img decoding=\"async\" loading=\"lazy\" class=\"wp-image-2392449 size-full\" src=\"https:\/\/www.europesays.com\/es\/wp-content\/uploads\/2025\/10\/lali-esposito-y-miguel-angel-silvestre-en-el-arenal-sound.-foto-redes-sociales--arenalsound-40.jpg\" alt=\"La presentadora Sonia Mart\u00ednez. (Foto: Gtres)\" width=\"1800\" height=\"1013\"  \/><\/p>\n<p> La presentadora Sonia Mart\u00ednez. (Foto: Gtres)\n<\/p>\n<p>En la lista de conquistas de Mart\u00ednez de Irujo tambi\u00e9n tendr\u00edamos a <strong>Kika Aparicio<\/strong>, hija del torero Julio Aparicio y Maleni Loreto, quien trataba a la familia Alba desde peque\u00f1a. Pese a que nunca se termin\u00f3 de oficializar, hay sospechas de que esa profunda amistad que sostuvieron, pudo haber dado paso a un breve romance.<\/p>\n<p>Una de las relaciones m\u00e1s medi\u00e1ticas e intensas de Cayetano fue, sin duda alguna, con Mar Flores. Tanto es as\u00ed, que<a href=\"https:\/\/okdiario.com\/look\/actualidad\/cayetano-martinez-irujo-desvela-motivo-ruptura-mar-flores-2381696\" rel=\"nofollow noopener\" target=\"_blank\"> incluso llegaron a plantearse pasar por el altar en secreto<\/a>, convertidos en una de las parejas del momento. Sin embargo, parece que la modelo no lleg\u00f3 a contar jam\u00e1s con el benepl\u00e1cito de Cayetana de Alba. Eso s\u00ed<strong>, estuvo presente en la boda de Eugenia Mart\u00ednez de Irujo con Fran Rivera.<\/strong><\/p>\n<p>\n<img decoding=\"async\" loading=\"lazy\" class=\"wp-image-2392439 size-full\" alt=\"Cayetano Mart\u00ednez de Irujo y Mar Flores. (Foto: Gtres)\" width=\"1705\" height=\"2560\"  src=\"https:\/\/www.europesays.com\/es\/wp-content\/uploads\/2025\/10\/placeholder.jpg\"  bad-src=\"https:\/\/www.europesays.com\/es\/wp-content\/uploads\/2025\/10\/placeholder.jpg\"\/><\/p>\n<p><img decoding=\"async\" loading=\"lazy\" class=\"wp-image-2392439 size-full\" src=\"https:\/\/www.europesays.com\/es\/wp-content\/uploads\/2025\/10\/a00137036-scaled.jpg\" alt=\"Cayetano Mart\u00ednez de Irujo y Mar Flores. (Foto: Gtres)\" width=\"1705\" height=\"2560\"  \/><\/p>\n<p> Cayetano Mart\u00ednez de Irujo y Mar Flores. (Foto: Gtres)\n<\/p>\n<p>Tras el final de su romance, la ex pareja daba paso a un fuerte intercambio de acusaciones y reproches que les persigue hasta el d\u00eda de hoy. En el punto de mira por la reciente publicaci\u00f3n de sus memorias, queda claro que Mar y Cayetano no terminaron como amigos ni muchos menos. \u00abUna persona que miente tanto y que se inventa tanto, pues nunca sabes\u00bb, arremet\u00eda en su contra el hijo de la duquesa de Alba.<\/p>\n<p>En 1997, la relaci\u00f3n entre Cayetano Mart\u00ednez de Irujo y<strong> la entonces directora general de RTVE<\/strong>, M\u00f3nica Ridruejo, comenz\u00f3 a resonar con fuerza. Hasta tal punto, que muchos comentaban, -con cierta mala intenci\u00f3n-, que ese inter\u00e9s amoroso estaba estrechamente relacionado con la condici\u00f3n que ocupaba ella dentro de los medios. De hecho, la propia duquesa de Alba se vio obligada a intervenir, emitiendo un comunicado en el que desment\u00eda que su hijo se fuese a casar con Ridruejo.<\/p>\n<p>\n<img decoding=\"async\" loading=\"lazy\" class=\"wp-image-2392433 size-full\" alt=\"Cayetano Mart\u00ednez de Irujo y M\u00f3nica Ridruejo. (Foto: Gtres)\" width=\"1772\" height=\"1367\"  src=\"https:\/\/www.europesays.com\/es\/wp-content\/uploads\/2025\/10\/placeholder.jpg\"  bad-src=\"https:\/\/www.europesays.com\/es\/wp-content\/uploads\/2025\/10\/placeholder.jpg\"\/><\/p>\n<p><img decoding=\"async\" loading=\"lazy\" class=\"wp-image-2392433 size-full\" src=\"https:\/\/www.europesays.com\/es\/wp-content\/uploads\/2025\/10\/a00025637.jpg\" alt=\"Cayetano Mart\u00ednez de Irujo y M\u00f3nica Ridruejo. (Foto: Gtres)\" width=\"1772\" height=\"1367\"  \/><\/p>\n<p> Cayetano Mart\u00ednez de Irujo y M\u00f3nica Ridruejo. (Foto: Gtres)\n<\/p>\n<p>Genoveva Casanova ha sido definitivamente<strong> una de las mujeres m\u00e1s importantes en la vida de Cayetano<\/strong>. Ambos se conocieron en Sevilla, y comenzaron a frecuentarse cada vez m\u00e1s, hasta que en 2001 anunciaban que estaban esperando no solo uno, sino dos hijos: los mellizos Luis y Amina. Unos a\u00f1os despu\u00e9s, en octubre de 2005,<a href=\"https:\/\/okdiario.com\/look\/actualidad\/asi-fue-cameo-cayetano-martinez-irujo-genoveva-casanova-pelicula-natalie-portman-2392109\" rel=\"nofollow noopener\" target=\"_blank\"> sellaban su amor con una gran boda celebrada en el conocido Palacio de Due\u00f1as<\/a>.<\/p>\n<p>\n<img decoding=\"async\" loading=\"lazy\" class=\"wp-image-2392321 size-full\" alt=\"Cayetano Mart\u00ednez de Irujo y Genoveva Casanova. (Foto: Gtres)\" width=\"1800\" height=\"1013\"  src=\"https:\/\/www.europesays.com\/es\/wp-content\/uploads\/2025\/10\/placeholder.jpg\"  bad-src=\"https:\/\/www.europesays.com\/es\/wp-content\/uploads\/2025\/10\/placeholder.jpg\"\/><\/p>\n<p><img decoding=\"async\" loading=\"lazy\" class=\"wp-image-2392321 size-full\" src=\"https:\/\/www.europesays.com\/es\/wp-content\/uploads\/2025\/10\/lali-esposito-y-miguel-angel-silvestre-en-el-arenal-sound.-foto-redes-sociales--arenalsound-39.jpg\" alt=\"Cayetano Mart\u00ednez de Irujo y Genoveva Casanova. (Foto: Gtres)\" width=\"1800\" height=\"1013\"  \/><\/p>\n<p> Cayetano Mart\u00ednez de Irujo y Genoveva Casanova. (Foto: Gtres)\n<\/p>\n<p>La estabilidad dentro de la pareja duraba poco, ya que apenas 2 a\u00f1os despu\u00e9s, en 2007, anunciaban su separaci\u00f3n de mutuo acuerdo y firmaban el divorcio.<\/p>\n<p>De vuelta a su faceta como soltero de oro, Cayetano tambi\u00e9n <strong>protagonizaba una rom\u00e1ntica cita en \u00c1frica con M\u00f3nica Hoyos<\/strong>, que tan solo quedaba en un mera an\u00e9cdota.<\/p>\n<p>\n<img decoding=\"async\" loading=\"lazy\" class=\"wp-image-2392425 size-full\" alt=\"Cayetano Mart\u00ednez de Irujo y M\u00f3nica Hoyos. (Foto: Gtres)\" width=\"1964\" height=\"2520\"  src=\"https:\/\/www.europesays.com\/es\/wp-content\/uploads\/2025\/10\/placeholder.jpg\"  bad-src=\"https:\/\/www.europesays.com\/es\/wp-content\/uploads\/2025\/10\/placeholder.jpg\"\/><\/p>\n<p><img decoding=\"async\" loading=\"lazy\" class=\"wp-image-2392425 size-full\" src=\"https:\/\/www.europesays.com\/es\/wp-content\/uploads\/2025\/10\/u051156_004.jpg\" alt=\"Cayetano Mart\u00ednez de Irujo y M\u00f3nica Hoyos. (Foto: Gtres)\" width=\"1964\" height=\"2520\"  \/><\/p>\n<p> Cayetano Mart\u00ednez de Irujo y M\u00f3nica Hoyos. (Foto: Gtres)\n<\/p>\n<p>Una de sus \u00faltimas conquistas, que incluso llegaba a presentar a la duquesa de Alba, fue <strong>Melani Costa<\/strong>, -apodada como \u00abLa Sirenita\u00bb-. Una nadadora ol\u00edmpica junto a la que el duque de Arjona protagonizaba numerosos reportajes y con la incluso llegaba a posar dentro del palacio de Liria.<\/p>\n<p>\n<img decoding=\"async\" loading=\"lazy\" class=\"wp-image-2392424 size-full\" alt=\"Cayetano Mart\u00ednez de Irujo y Melani Costa. (Foto: Gtres)\" width=\"2560\" height=\"1704\"  src=\"https:\/\/www.europesays.com\/es\/wp-content\/uploads\/2025\/10\/placeholder.jpg\"  bad-src=\"https:\/\/www.europesays.com\/es\/wp-content\/uploads\/2025\/10\/placeholder.jpg\"\/><\/p>\n<p><img decoding=\"async\" loading=\"lazy\" class=\"wp-image-2392424 size-full\" src=\"https:\/\/www.europesays.com\/es\/wp-content\/uploads\/2025\/10\/u267383_058-scaled.jpg\" alt=\"Cayetano Mart\u00ednez de Irujo y Melani Costa. (Foto: Gtres)\" width=\"2560\" height=\"1704\"  \/><\/p>\n<p> Cayetano Mart\u00ednez de Irujo y Melani Costa. (Foto: Gtres)\n<\/p>\n<p>Una pareja que a simple vista parec\u00eda muy feliz, y en la que muchos ve\u00edan un prometedor futuro, hasta que decidieron ponerle punto y final a su historia sin m\u00e1s explicaciones.<\/p>\n","protected":false},"excerpt":{"rendered":"Cayetano Mart\u00ednez de Irujo se daba el \u00abs\u00ed quiero\u00bb con B\u00e1rbara Mirjan el pasado 4 de octubre despu\u00e9s&hellip;\n","protected":false},"author":2,"featured_media":203126,"comment_status":"","ping_status":"","sticky":false,"template":"","format":"standard","meta":{"footnotes":""},"categories":[174],"tags":[261,255,146,147,25,24,256,23],"class_list":{"0":"post-203125","1":"post","2":"type-post","3":"status-publish","4":"format-standard","5":"has-post-thumbnail","7":"category-famosos","8":"tag-cayetano-martinez-de-irujo","9":"tag-celebrities","10":"tag-entertainment","11":"tag-entretenimiento","12":"tag-es","13":"tag-espana","14":"tag-famosos","15":"tag-spain"},"share_on_mastodon":{"url":"https:\/\/pubeurope.com\/@es\/115444762128795016","error":""},"_links":{"self":[{"href":"https:\/\/www.europesays.com\/es\/wp-json\/wp\/v2\/posts\/203125","targetHints":{"allow":["GET"]}}],"collection":[{"href":"https:\/\/www.europesays.com\/es\/wp-json\/wp\/v2\/posts"}],"about":[{"href":"https:\/\/www.europesays.com\/es\/wp-json\/wp\/v2\/types\/post"}],"author":[{"embeddable":true,"href":"https:\/\/www.europesays.com\/es\/wp-json\/wp\/v2\/users\/2"}],"replies":[{"embeddable":true,"href":"https:\/\/www.europesays.com\/es\/wp-json\/wp\/v2\/comments?post=203125"}],"version-history":[{"count":0,"href":"https:\/\/www.europesays.com\/es\/wp-json\/wp\/v2\/posts\/203125\/revisions"}],"wp:featuredmedia":[{"embeddable":true,"href":"https:\/\/www.europesays.com\/es\/wp-json\/wp\/v2\/media\/203126"}],"wp:attachment":[{"href":"https:\/\/www.europesays.com\/es\/wp-json\/wp\/v2\/media?parent=203125"}],"wp:term":[{"taxonomy":"category","embeddable":true,"href":"https:\/\/www.europesays.com\/es\/wp-json\/wp\/v2\/categories?post=203125"},{"taxonomy":"post_tag","embeddable":true,"href":"https:\/\/www.europesays.com\/es\/wp-json\/wp\/v2\/tags?post=203125"}],"curies":[{"name":"wp","href":"https:\/\/api.w.org\/{rel}","templated":true}]}}