{"id":203127,"date":"2025-10-27T06:40:08","date_gmt":"2025-10-27T06:40:08","guid":{"rendered":"https:\/\/www.europesays.com\/es\/203127\/"},"modified":"2025-10-27T06:40:08","modified_gmt":"2025-10-27T06:40:08","slug":"tres-fotografos-mallorquines-viajaran-a-china-con-el-instituto-cervantes-y-el-ieb","status":"publish","type":"post","link":"https:\/\/www.europesays.com\/es\/203127\/","title":{"rendered":"Tres fot\u00f3grafos mallorquines viajar\u00e1n a China con el Instituto Cervantes y el IEB"},"content":{"rendered":"<p>El <strong><a href=\"https:\/\/www.ultimahora.es\/etiqueta\/Instituto+Cervantes.html?utm_source=Inline-tag&amp;utm_medium=internal\" rel=\"nofollow noopener\" target=\"_blank\">Instituto Cervantes<\/a><\/strong> y el <strong>Institut d\u2019Estudis Bale\u00e0rics<\/strong> han sellado un convenio de colaboraci\u00f3n con el objetivo de \u00abpotenciar la visibilidad del trabajo de artistas de las Illes Balears en <a href=\"https:\/\/www.ultimahora.es\/etiqueta\/China.html?utm_source=Inline-tag&amp;utm_medium=internal\" rel=\"nofollow noopener\" target=\"_blank\">China<\/a>, con posibilidad de presentarse de la mano del Instituto Cervantes en sus dos centros en China y otros espacios, as\u00ed como en otras ciudades, posibilitando su itinerancia\u00bb, seg\u00fan se desprende de la publicaci\u00f3n del acuerdo en el BOE.<\/p>\n<p>Espec\u00edficamente, el convenio establece la colaboraci\u00f3n entre las dos partes para presentar la obra de los <strong>fot\u00f3grafos<\/strong> <a href=\"https:\/\/www.ultimahora.es\/etiqueta\/Toni+Amengual.html?utm_source=Inline-tag&amp;utm_medium=internal\" rel=\"nofollow noopener\" target=\"_blank\">Toni Amengual<\/a>, <a href=\"https:\/\/www.ultimahora.es\/etiqueta\/Tomeu+Coll.html?utm_source=Inline-tag&amp;utm_medium=internal\" rel=\"nofollow noopener\" target=\"_blank\">Tomeu Coll<\/a> y Silvia Pri\u00f3 en la <strong>Feria de Arte y Dise\u00f1o WestBund<\/strong> de Shanghai y en las instalaciones del Instituto Cervantes de la ciudad asi\u00e1tica a partir de noviembre de este mes, as\u00ed como en Pek\u00edn a partir de 2026.<\/p>\n<p><strong>Toni Amengual<\/strong> (Mallorca, 1980) cuenta con una larga trayectoria dentro del mundo de la <a href=\"https:\/\/www.ultimahora.es\/etiqueta\/fotograf%C3%ADa.html?utm_source=Inline-tag&amp;utm_medium=internal\" rel=\"nofollow noopener\" target=\"_blank\">fotograf\u00eda<\/a>, representado por la Rocio SantaCruz Gallery de Barcelona y que adem\u00e1s ejerce como profesor de Adema. Su trabajo se centra en la gente, los propios seres humanos y sus relaciones, con varios referentes estil\u00edsticos y tem\u00e1ticos desde los cuales edifica sus diferentes propuestas.<\/p>\n<p><strong>Tomeu Coll<\/strong>, por su parte, es nacido en 1981 y es autor de Malas tierras, en la que explora la Mallorca m\u00e1s alejada de la imagen id\u00edlica del turista. Es una visi\u00f3n de una Isla abandonada, muerta incluso, alejada de la luz del sol que ba\u00f1a las playas para iluminar en blanco y negro escenas de un calibre muy diferente.<\/p>\n<p>Por \u00faltimo, <strong>Silvia<\/strong> <strong>Pri\u00f3<\/strong>, docente en la ESADIB, despliega su mirada de tipo documental sobre las personas que le llama la atenci\u00f3n, estudiando la marginalidad, la identidad y las conexiones entre lo estereotipado y lo real en las comunidades humanas.<\/p>\n<p>Finalmente, la <strong>WestBund<\/strong> se celebra anualmente desde 2014 en Shanghai e integra arte contempor\u00e1neo y dise\u00f1o, generando un puente internacional de artistas de varias disciplinas y se celebra, normalmente, en noviembre. Este a\u00f1o ser\u00e1 del 13 al 16 de ese mes.<\/p>\n","protected":false},"excerpt":{"rendered":"El Instituto Cervantes y el Institut d\u2019Estudis Bale\u00e0rics han sellado un convenio de colaboraci\u00f3n con el objetivo de&hellip;\n","protected":false},"author":2,"featured_media":203128,"comment_status":"","ping_status":"","sticky":false,"template":"","format":"standard","meta":{"footnotes":""},"categories":[173],"tags":[55692,229,233,231,230,1615,209,232,234,146,147,25,24,24834,244,8420,55693,6638,55688,48450,55689,23,55690,55691],"class_list":{"0":"post-203127","1":"post","2":"type-post","3":"status-publish","4":"format-standard","5":"has-post-thumbnail","7":"category-arte-y-diseno","8":"tag-antoni-amengual","9":"tag-arte","10":"tag-arte-y-diseno","11":"tag-arts","12":"tag-arts-and-design","13":"tag-china","14":"tag-cultura","15":"tag-design","16":"tag-diseno","17":"tag-entertainment","18":"tag-entretenimiento","19":"tag-es","20":"tag-espana","21":"tag-exposicion-fotografica","22":"tag-fotografia","23":"tag-fotografias","24":"tag-fotografias-de-mallorca","25":"tag-fotografo","26":"tag-institut-destudis-balearics","27":"tag-instituto-cervantes","28":"tag-silvia-prio","29":"tag-spain","30":"tag-tomeu-coll","31":"tag-toni-amengual"},"share_on_mastodon":{"url":"https:\/\/pubeurope.com\/@es\/115444765435016164","error":""},"_links":{"self":[{"href":"https:\/\/www.europesays.com\/es\/wp-json\/wp\/v2\/posts\/203127","targetHints":{"allow":["GET"]}}],"collection":[{"href":"https:\/\/www.europesays.com\/es\/wp-json\/wp\/v2\/posts"}],"about":[{"href":"https:\/\/www.europesays.com\/es\/wp-json\/wp\/v2\/types\/post"}],"author":[{"embeddable":true,"href":"https:\/\/www.europesays.com\/es\/wp-json\/wp\/v2\/users\/2"}],"replies":[{"embeddable":true,"href":"https:\/\/www.europesays.com\/es\/wp-json\/wp\/v2\/comments?post=203127"}],"version-history":[{"count":0,"href":"https:\/\/www.europesays.com\/es\/wp-json\/wp\/v2\/posts\/203127\/revisions"}],"wp:featuredmedia":[{"embeddable":true,"href":"https:\/\/www.europesays.com\/es\/wp-json\/wp\/v2\/media\/203128"}],"wp:attachment":[{"href":"https:\/\/www.europesays.com\/es\/wp-json\/wp\/v2\/media?parent=203127"}],"wp:term":[{"taxonomy":"category","embeddable":true,"href":"https:\/\/www.europesays.com\/es\/wp-json\/wp\/v2\/categories?post=203127"},{"taxonomy":"post_tag","embeddable":true,"href":"https:\/\/www.europesays.com\/es\/wp-json\/wp\/v2\/tags?post=203127"}],"curies":[{"name":"wp","href":"https:\/\/api.w.org\/{rel}","templated":true}]}}