{"id":203135,"date":"2025-10-27T06:46:10","date_gmt":"2025-10-27T06:46:10","guid":{"rendered":"https:\/\/www.europesays.com\/es\/203135\/"},"modified":"2025-10-27T06:46:10","modified_gmt":"2025-10-27T06:46:10","slug":"sant-joan-de-deu-aplica-la-ia-para-tratamientos-psicologicos-en-casos-de-psicosis","status":"publish","type":"post","link":"https:\/\/www.europesays.com\/es\/203135\/","title":{"rendered":"Sant Joan de D\u00e9u aplica la IA para tratamientos psicol\u00f3gicos en casos de psicosis"},"content":{"rendered":"<p class=\"ft-text ft-helper-closenews ft-helper-align-justify\">Durante a\u00f1os se crey\u00f3 que las personas con esquizofrenia u otros trastornos psic\u00f3ticos solo pod\u00edan ser tratadas con f\u00e1rmacos. \u201cNo hace tanto que se empez\u00f3 a ofrecer tambi\u00e9n tratamiento psicol\u00f3gico\u201d, recuerda <a href=\"https:\/\/www.linkedin.com\/in\/susana-ochoa-06155237\/\" class=\"ft-link ft-link--decoration\" rel=\"nofollow noopener\" target=\"_blank\"><strong>Susana Ochoa<\/strong><\/a>, psic\u00f3loga y coordinadora de la Unidad de Investigaci\u00f3n del Parc Sanitari Sant Joan de D\u00e9u (PSSJD). \u201cPero no todos los tratamientos funcionan igual para todo el mundo. Cada persona tiene necesidades distintas y debemos aprender a ajustar la terapia a su momento vital.\u201d<\/p>\n<p class=\"ft-text ft-helper-align-justify\">Con esta idea, Ochoa lidera <a href=\"https:\/\/permepsy.org\/es\/\" class=\"ft-link ft-link--decoration\" rel=\"nofollow noopener\" target=\"_blank\"><strong>PERMEPSY<\/strong><\/a>, un proyecto europeo que investiga c\u00f3mo la Inteligencia Artificial puede ayudar a personalizar la terapia psicol\u00f3gica en personas con trastornos psic\u00f3ticos. El objetivo: predecir qu\u00e9 pacientes responder\u00e1n mejor a un tipo de intervenci\u00f3n y adaptar su contenido para que sea m\u00e1s eficaz y m\u00e1s humano.<\/p>\n<p>La IA como aliada de la terapia<\/p>\n<p class=\"ft-text ft-helper-align-justify\">El proyecto se centra en un m\u00e9todo ya probado: el entrenamiento metacognitivo (EMC), que combina estrategias de terapia cognitivo-conductual y psicoeducaci\u00f3n en diez m\u00f3dulos. Con datos de m\u00e1s de 700 personas y el apoyo de t\u00e9cnicas de aprendizaje autom\u00e1tico, el equipo de Ochoa est\u00e1 creando un modelo <strong>capaz de predecir la respuesta terap\u00e9utica en funci\u00f3n de variables como los s\u00edntomas, la reflexi\u00f3n cognitiva o la autoestima<\/strong>. \u201cLos datos que alimentan el algoritmo no son solo cl\u00ednicos; provienen de la propia experiencia de los pacientes: c\u00f3mo se sienten, cu\u00e1l es su calidad de vida, qu\u00e9 valoran del tratamiento\u201d, explica Ochoa.<\/p>\n<blockquote class=\"ft-mol-quote\" data-aida-quote=\"\"><p>Los datos que alimentan el algoritmo no son solo cl\u00ednicos; provienen de la propia experiencia de los pacientes\u00bb<\/p>\n<p class=\"ft-mol-quote__author--name\">Susana Ochoa<\/p>\n<p class=\"ft-mol-quote__author--status\">\u2014 Psic\u00f3loga y coordinadora de la Unidad de Investigaci\u00f3n del Parc Sanitari Sant Joan de D\u00e9u<\/p>\n<\/blockquote>\n<p class=\"ft-text ft-helper-align-justify\">Este enfoque ha permitido identificar factores clave, como el <strong>g\u00e9nero<\/strong> y el <strong>autoestigma<\/strong>, que influyen directamente en la recuperaci\u00f3n. \u201c<strong>Si una persona siente que el diagn\u00f3stico la define o la a\u00edsla, eso afecta a su pron\u00f3stico<\/strong>. Trabajamos mucho para que su autoestima mejore y no interiorice la mirada social de la enfermedad.\u201d<\/p>\n<p>Predecir para cuidar mejor<\/p>\n<p class=\"ft-text ft-helper-align-justify\">Actualmente, el equipo del PSSJD lleva a cabo un ensayo cl\u00ednico con 350 participantes para comparar dos versiones del programa: el EMC cl\u00e1sico y el EMC adaptado mediante el modelo predictivo. Adem\u00e1s de los datos cuantitativos, los investigadores recogen testimonios y opiniones de los participantes y sus familias. \u201cCuando terminan la terapia, organizamos grupos de discusi\u00f3n para saber qu\u00e9 les ha ayudado m\u00e1s, qu\u00e9 cambiar\u00edan o c\u00f3mo han vivido el proceso. <strong>Queremos que su voz forme parte del dise\u00f1o de la tecnolog\u00eda<\/strong>\u201d.<\/p>\n<p class=\"ft-text ft-helper-align-justify\">Las conclusiones provisionales apuntan a que personalizar el tratamiento psicol\u00f3gico es posible y que los mayores beneficios se observan en autoestima y calidad de vida. \u201c<strong>En el fondo no se trata de tener m\u00e1s tecnolog\u00eda, sino de usarla para comprender mejor a las personas<\/strong>\u201d.<\/p>\n<p>La psicolog\u00eda tambi\u00e9n puede ser de precisi\u00f3n<\/p>\n<p class=\"ft-text ft-helper-align-justify\">En la jornada &#8216;Investigaci\u00f3n en salud mental: medicina personalizada para el futuro&#8217;, celebrada en el Parc Sanitari Sant Joan de D\u00e9u, Ochoa reivindic\u00f3 que la psicolog\u00eda tiene tanto potencial cient\u00edfico como la farmacolog\u00eda. \u201cDurante mucho tiempo la medicina personalizada se ha asociado a la gen\u00e9tica o a los f\u00e1rmacos, pero los tratamientos psicol\u00f3gicos tambi\u00e9n pueden adaptarse. Tenemos las herramientas para hacerlo\u201d, afirma.<\/p>\n<blockquote class=\"ft-mol-quote\" data-aida-quote=\"\"><p>La medicina personalizada se ha asociado a la gen\u00e9tica o a los f\u00e1rmacos, pero los tratamientos psicol\u00f3gicos tambi\u00e9n pueden adaptarse<\/p>\n<p class=\"ft-mol-quote__author--name\"> Susana Ochoa<\/p>\n<p class=\"ft-mol-quote__author--status\">\u2014 Psic\u00f3loga y coordinadora de la Unidad de Investigaci\u00f3n del Parc Sanitari Sant Joan de D\u00e9u<\/p>\n<\/blockquote>\n<p class=\"ft-text ft-helper-align-justify\">La psic\u00f3loga lo explica con entusiasmo y una mirada pr\u00e1ctica: \u201cSi sabemos que una persona tiene m\u00e1s dificultades cognitivas, podemos empezar por ah\u00ed antes de abordar otros aspectos. El orden del tratamiento puede marcar la diferencia\u201d.<\/p>\n<p>Investigaci\u00f3n con coraz\u00f3n<\/p>\n<p class=\"ft-text ft-helper-align-justify\">PERMEPSY forma parte de los cuatro proyectos europeos sobre medicina personalizada en salud mental presentados durante la jornada en el PSSJD, junto con FarmaPRED, PERMANENS y los estudios sobre estimulaci\u00f3n cerebral profunda. Todos comparten una misma visi\u00f3n: combinar rigor cient\u00edfico y compromiso social. Para Ochoa, el mensaje de fondo es claro: \u201c<strong>La inteligencia artificial puede ser una gran aliada, pero nunca sustituir\u00e1 la relaci\u00f3n terap\u00e9utica. Lo que cura es la conexi\u00f3n humana<\/strong>\u201d.<\/p>\n<p data-close=\"closedContent\" class=\"subscribeHideForDisplay\">Suscr\u00edbete para seguir leyendo<\/p>\n","protected":false},"excerpt":{"rendered":"Durante a\u00f1os se crey\u00f3 que las personas con esquizofrenia u otros trastornos psic\u00f3ticos solo pod\u00edan ser tratadas con&hellip;\n","protected":false},"author":2,"featured_media":203136,"comment_status":"","ping_status":"","sticky":false,"template":"","format":"standard","meta":{"footnotes":""},"categories":[92],"tags":[33915,55696,25,24,165,55697,1636,136,5170,1600,5697,166,4474,8729,23],"class_list":{"0":"post-203135","1":"post","2":"type-post","3":"status-publish","4":"format-standard","5":"has-post-thumbnail","7":"category-salud","8":"tag-aplica","9":"tag-deu","10":"tag-es","11":"tag-espana","12":"tag-health","13":"tag-hospital-de-sant-joan-de-deu","14":"tag-ia","15":"tag-inteligencia-artificial","16":"tag-joan","17":"tag-psicologia","18":"tag-psiquiatria","19":"tag-salud","20":"tag-salud-mental","21":"tag-sant","22":"tag-spain"},"share_on_mastodon":{"url":"https:\/\/pubeurope.com\/@es\/115444789069503192","error":""},"_links":{"self":[{"href":"https:\/\/www.europesays.com\/es\/wp-json\/wp\/v2\/posts\/203135","targetHints":{"allow":["GET"]}}],"collection":[{"href":"https:\/\/www.europesays.com\/es\/wp-json\/wp\/v2\/posts"}],"about":[{"href":"https:\/\/www.europesays.com\/es\/wp-json\/wp\/v2\/types\/post"}],"author":[{"embeddable":true,"href":"https:\/\/www.europesays.com\/es\/wp-json\/wp\/v2\/users\/2"}],"replies":[{"embeddable":true,"href":"https:\/\/www.europesays.com\/es\/wp-json\/wp\/v2\/comments?post=203135"}],"version-history":[{"count":0,"href":"https:\/\/www.europesays.com\/es\/wp-json\/wp\/v2\/posts\/203135\/revisions"}],"wp:featuredmedia":[{"embeddable":true,"href":"https:\/\/www.europesays.com\/es\/wp-json\/wp\/v2\/media\/203136"}],"wp:attachment":[{"href":"https:\/\/www.europesays.com\/es\/wp-json\/wp\/v2\/media?parent=203135"}],"wp:term":[{"taxonomy":"category","embeddable":true,"href":"https:\/\/www.europesays.com\/es\/wp-json\/wp\/v2\/categories?post=203135"},{"taxonomy":"post_tag","embeddable":true,"href":"https:\/\/www.europesays.com\/es\/wp-json\/wp\/v2\/tags?post=203135"}],"curies":[{"name":"wp","href":"https:\/\/api.w.org\/{rel}","templated":true}]}}