{"id":203141,"date":"2025-10-27T06:49:17","date_gmt":"2025-10-27T06:49:17","guid":{"rendered":"https:\/\/www.europesays.com\/es\/203141\/"},"modified":"2025-10-27T06:49:17","modified_gmt":"2025-10-27T06:49:17","slug":"malas-noticias-para-el-aeropuerto-internacional-de-la-region-de-murcia","status":"publish","type":"post","link":"https:\/\/www.europesays.com\/es\/203141\/","title":{"rendered":"Malas noticias para el Aeropuerto Internacional de la Regi\u00f3n de Murcia"},"content":{"rendered":"<p>\u00a0<\/p>\n<p>El delegado de\u00a0<strong>UGT en Iberia<\/strong>,\u00a0<strong>Santiago Pina<\/strong>, afirma que el\u00a0<strong>Aeropuerto Internacional de la Regi\u00f3n de Murcia<\/strong>, ubicado en<strong>\u00a0Corvera<\/strong>, cerrar\u00e1 el a\u00f1o\u00a0<strong>por debajo del mill\u00f3n de pasajeros<\/strong>, lejos de las cifras del\u00a0<strong>aeropuerto de\u00a0San Javier<\/strong>, que cerr\u00f3 sus instalaciones con<strong>\u00a01&#8217;2 millones de pasajeros\u00a0<\/strong>al a\u00f1o.<\/p>\n<p>\u00a0<\/p>\n<p>Pina es trabajador de\u00a0<strong>South<\/strong>, la empresa de handling de\u00a0<strong>Iberia<\/strong>. Una vez confirmada la programaci\u00f3n de vuelos para la temporada de invierno que empieza este fin de semana,\u00a0<strong>se muestra seguro de que no se alcanzar\u00e1 el mill\u00f3n de pasajeros<\/strong>.\u00a0<\/p>\n<p>\u00a0<\/p>\n<p>La principal novedad de la temporada de invierno que comienza este\u00a0<strong>domingo 26 de octubre<\/strong>\u00a0es la\u00a0<strong>incorporaci\u00f3n del destino de Tenerife Norte<\/strong>, lo que supondr\u00e1 cuatro frecuencias semanales a las\u00a0<strong>Canarias<\/strong>. Adem\u00e1s, la ruta que conecta la Regi\u00f3n de Murcia con\u00a0<strong>Barcelona<\/strong>, operada por<strong>\u00a0Volotea<\/strong>, ampl\u00eda su programaci\u00f3n con\u00a0<strong>una frecuencia adicional de ida y otra de vuelta<\/strong>, pasando\u00a0<strong>de dos a tres vuelos semanales<\/strong>.<\/p>\n<p>\u00a0<\/p>\n<p>A\u00fan as\u00ed,\u00a0<strong>Santiago Pina<\/strong>\u00a0cree que las cifras del\u00a0<strong>Aeropuerto Internacional de la Regi\u00f3n de Murcia<\/strong>\u00a0en 2025 mostrar\u00e1n un\u00a0<strong>estancamiento<\/strong>, y seguir\u00e1n lejos del \u00faltimo a\u00f1o a\u00f1o en\u00a0<strong>San Javier<\/strong>.<\/p>\n<p>\u00a0<\/p>\n<p>Pina recuerda que este a\u00f1o\u00a0<strong>TUI fly\u00a0<\/strong>ha operado solo tres meses los vuelos a\u00a0<strong>Amberes y Ostende<\/strong>, que acabaron el martes pasado.\u00a0Tambi\u00e9n se han perdido este a\u00f1o\u00a0 las conexiones a\u00a0<strong>Santander y Menorca<\/strong>, mientras que la de\u00a0<strong>Madrid<\/strong>\u00a0termin\u00f3 cuando se acab\u00f3 la subvenci\u00f3n de la comunidad aut\u00f3noma a\u00a0<strong>Volotea<\/strong>.<\/p>\n<p>\u00a0<\/p>\n<p>La\u00a0<strong>ruta a la capital de Espa\u00f1a es una de las grandes p\u00e9rdidas<\/strong>\u00a0de\u00a0<strong>Corvera\u00a0<\/strong>con respecto a\u00a0<strong>San Javier<\/strong>, seg\u00fan\u00a0<strong>Pina<\/strong>.\u00a0<strong>Air Nostrum<\/strong>\u00a0ten\u00eda base en el aeropuerto marmenorense y\u00a0<strong>operaba hasta tres vuelos diarios\u00a0<\/strong>para un perfil de cliente que ahora tiene que irse a\u00a0<strong>Alicante<\/strong>.<\/p>\n","protected":false},"excerpt":{"rendered":"\u00a0 El delegado de\u00a0UGT en Iberia,\u00a0Santiago Pina, afirma que el\u00a0Aeropuerto Internacional de la Regi\u00f3n de Murcia, ubicado en\u00a0Corvera,&hellip;\n","protected":false},"author":2,"featured_media":203142,"comment_status":"","ping_status":"","sticky":false,"template":"","format":"standard","meta":{"footnotes":""},"categories":[80],"tags":[7351,82,16894,95,94,25,24,13675,7818,15864,7664,55701,3905,23,5173,14207],"class_list":{"0":"post-203141","1":"post","2":"type-post","3":"status-publish","4":"format-standard","5":"has-post-thumbnail","7":"category-economia","8":"tag-aeropuerto","9":"tag-business","10":"tag-corvera","11":"tag-economia","12":"tag-economy","13":"tag-es","14":"tag-espana","15":"tag-iberia","16":"tag-millon","17":"tag-pasajeros","18":"tag-region-de-murcia","19":"tag-san-javier","20":"tag-sindicatos","21":"tag-spain","22":"tag-turistas","23":"tag-ugt"},"share_on_mastodon":{"url":"https:\/\/pubeurope.com\/@es\/115444800933108987","error":""},"_links":{"self":[{"href":"https:\/\/www.europesays.com\/es\/wp-json\/wp\/v2\/posts\/203141","targetHints":{"allow":["GET"]}}],"collection":[{"href":"https:\/\/www.europesays.com\/es\/wp-json\/wp\/v2\/posts"}],"about":[{"href":"https:\/\/www.europesays.com\/es\/wp-json\/wp\/v2\/types\/post"}],"author":[{"embeddable":true,"href":"https:\/\/www.europesays.com\/es\/wp-json\/wp\/v2\/users\/2"}],"replies":[{"embeddable":true,"href":"https:\/\/www.europesays.com\/es\/wp-json\/wp\/v2\/comments?post=203141"}],"version-history":[{"count":0,"href":"https:\/\/www.europesays.com\/es\/wp-json\/wp\/v2\/posts\/203141\/revisions"}],"wp:featuredmedia":[{"embeddable":true,"href":"https:\/\/www.europesays.com\/es\/wp-json\/wp\/v2\/media\/203142"}],"wp:attachment":[{"href":"https:\/\/www.europesays.com\/es\/wp-json\/wp\/v2\/media?parent=203141"}],"wp:term":[{"taxonomy":"category","embeddable":true,"href":"https:\/\/www.europesays.com\/es\/wp-json\/wp\/v2\/categories?post=203141"},{"taxonomy":"post_tag","embeddable":true,"href":"https:\/\/www.europesays.com\/es\/wp-json\/wp\/v2\/tags?post=203141"}],"curies":[{"name":"wp","href":"https:\/\/api.w.org\/{rel}","templated":true}]}}