{"id":203150,"date":"2025-10-27T06:58:22","date_gmt":"2025-10-27T06:58:22","guid":{"rendered":"https:\/\/www.europesays.com\/es\/203150\/"},"modified":"2025-10-27T06:58:22","modified_gmt":"2025-10-27T06:58:22","slug":"venialbo-disfrutara-de-su-gran-cita-por-octava-vez-con-todos-sus-dorsales-en-liza","status":"publish","type":"post","link":"https:\/\/www.europesays.com\/es\/203150\/","title":{"rendered":"Venialbo disfrutar\u00e1 de su gran cita por octava vez con todos sus dorsales en liza"},"content":{"rendered":"<p class=\"ft-text\"><a class=\"ft-link ft-link--decoration\" href=\"https:\/\/www.laopiniondezamora.es\/tags\/venialbo\/\" target=\"_blank\" rel=\"nofollow noopener\"><strong>Venialbo<\/strong><\/a><strong> celebra hoy una de sus jornadas deportivas de mayor repercusi\u00f3n<\/strong>, una prueba de <strong>elevado prestigio<\/strong> dentro del <strong>calendario ciclista de <\/strong><a class=\"ft-link ft-link--decoration\" href=\"https:\/\/www.laopiniondezamora.es\/zamora\/\" target=\"_blank\" rel=\"nofollow noopener\">Zamora<\/a>.<\/p>\n<p class=\"ft-text\">La localidad zamorana disfrutar\u00e1, por <strong>octava ocasi\u00f3n<\/strong>, de la <strong>Marcha BTT y Senderismo Tit\u00e1n Matacucos<\/strong>, evento que reunir\u00e1 a un gran n\u00famero de <strong>ciclistas y senderistas<\/strong>.<\/p>\n<p>\u00c9xito de participaci\u00f3n y dorsales agotados<\/p>\n<p class=\"ft-text\">Tras colgar el cartel de <strong>\u00abno hay dorsales disponibles\u00bb<\/strong>, la marcha se presenta como un aut\u00e9ntico <strong>\u00e9xito<\/strong> antes de su inicio en la <strong>Plaza de los Negrillos<\/strong>, punto elegido para arrancar los circuitos de las diferentes modalidades que ofrece la <a class=\"ft-link ft-link--decoration\" href=\"https:\/\/smartchip.es\/carrera.php?id=2510266\" target=\"_blank\" rel=\"nofollow noopener\">Tit\u00e1n Matacucos 2025<\/a>.<\/p>\n<p><img decoding=\"async\" src=\"https:\/\/www.europesays.com\/es\/wp-content\/uploads\/2025\/10\/d8d7d8b6-d130-4966-af96-bd05133a7077_alta-libre-aspect-ratio_default_0.jpg\" width=\"1200\" height=\"980\" alt=\"Manzano y Rodr\u00edguez se imponen en la VII Tit\u00e1n Matacucos\" class=\"ft-helper-img-rd\" loading=\"lazy\" hasdataaida=\"true\"\/><\/p>\n<p class=\"ft-helper-fontColor-quaternary ft-helper-fontSize-body-S ft-helper-spacer-t-xxs\">Uno de los podios de la Tit\u00e1n Matacucos de una edici\u00f3n anterior.  \/ Cedida<\/p>\n<p>Recorridos para ciclistas y senderistas<\/p>\n<p class=\"ft-text\">Los participantes que hayan optado por la <a class=\"ft-link ft-link--decoration\" href=\"https:\/\/www.laopiniondezamora.es\/deportes\/2021\/09\/23\/trabazos-contara-circuito-permanente-bicicletas-57596368.html\" target=\"_blank\" rel=\"nofollow noopener\">bicicleta de monta\u00f1a<\/a> podr\u00e1n elegir entre dos recorridos:<\/p>\n<ul class=\"ft-list ft-list--primary\" data-aida-text=\"\">\n<li class=\"ft-list__item\">Uno <strong>largo de 67 kil\u00f3metros<\/strong> con <strong>1.100 metros de desnivel positivo<\/strong>.<\/li>\n<li class=\"ft-list__item\">Otro <strong>m\u00e1s corto de 43 kil\u00f3metros<\/strong> con <strong>500 metros de desnivel positivo<\/strong>.<\/li>\n<\/ul>\n<p class=\"ft-text\">Quienes participen en la modalidad de <strong>senderismo<\/strong> recorrer\u00e1n un \u00fanico circuito de aproximadamente <strong>15 kil\u00f3metros<\/strong>.<\/p>\n<p class=\"ft-text\">Todos se reunir\u00e1n en la plaza de la localidad para iniciar la jornada.<\/p>\n<p>Salida neutralizada y recorrido urbano<\/p>\n<p class=\"ft-text\">Los ciclistas contar\u00e1n con una <strong>salida neutralizada<\/strong>, con un recorrido espec\u00edfico que partir\u00e1 y concluir\u00e1 en la plaza, pasando por:<\/p>\n<p class=\"ft-text\"><strong>Calle La Tajada, Calle San Miguel, Calle Santa Luc\u00eda, Carretera Toro, Calle Las Eras, Calle las Escuelas, Calle Las Armas, Traves\u00eda El Sol, Calle El Sol, Calle Las Bodegas y Plaza El Ca\u00f1o.<\/strong><\/p>\n<p class=\"ft-text\">Este trayecto urbano preceder\u00e1 al inicio de la ruta que decidir\u00e1 los <strong>ganadores de la octava edici\u00f3n<\/strong>.<\/p>\n<p>Servicios, ambiente y tradici\u00f3n<\/p>\n<p class=\"ft-text\">Como siempre, la <strong>Marcha BTT y Senderismo Tit\u00e1n Matacucos<\/strong> ofrece una <strong>generosa bolsa del corredor<\/strong>, <strong>avituallamientos<\/strong> y m\u00faltiples servicios que han consolidado su prestigio con el paso de los a\u00f1os.<\/p>\n<p class=\"ft-text\">El <strong>nivel organizativo<\/strong> no est\u00e1 re\u00f1ido con la <strong>comuni\u00f3n y el ambiente festivo<\/strong> que se vive en esta cita, que alcanza su punto \u00e1lgido en la <strong>comida posterior a la entrega de premios<\/strong>.<\/p>\n","protected":false},"excerpt":{"rendered":"Venialbo celebra hoy una de sus jornadas deportivas de mayor repercusi\u00f3n, una prueba de elevado prestigio dentro del&hellip;\n","protected":false},"author":2,"featured_media":203151,"comment_status":"","ping_status":"","sticky":false,"template":"","format":"standard","meta":{"footnotes":""},"categories":[273],"tags":[9167,313,2838,312,168,25,24,55703,15406,9168,23,167,13992,55704,55702],"class_list":{"0":"post-203150","1":"post","2":"type-post","3":"status-publish","4":"format-standard","5":"has-post-thumbnail","7":"category-ciclismo","8":"tag-btt","9":"tag-ciclismo","10":"tag-ciclistas","11":"tag-cycling","12":"tag-deportes","13":"tag-es","14":"tag-espana","15":"tag-matacucos","16":"tag-octava","17":"tag-senderismo","18":"tag-spain","19":"tag-sports","20":"tag-titan","21":"tag-titan-matacucos","22":"tag-venialbo"},"share_on_mastodon":{"url":"https:\/\/pubeurope.com\/@es\/115444836507707237","error":""},"_links":{"self":[{"href":"https:\/\/www.europesays.com\/es\/wp-json\/wp\/v2\/posts\/203150","targetHints":{"allow":["GET"]}}],"collection":[{"href":"https:\/\/www.europesays.com\/es\/wp-json\/wp\/v2\/posts"}],"about":[{"href":"https:\/\/www.europesays.com\/es\/wp-json\/wp\/v2\/types\/post"}],"author":[{"embeddable":true,"href":"https:\/\/www.europesays.com\/es\/wp-json\/wp\/v2\/users\/2"}],"replies":[{"embeddable":true,"href":"https:\/\/www.europesays.com\/es\/wp-json\/wp\/v2\/comments?post=203150"}],"version-history":[{"count":0,"href":"https:\/\/www.europesays.com\/es\/wp-json\/wp\/v2\/posts\/203150\/revisions"}],"wp:featuredmedia":[{"embeddable":true,"href":"https:\/\/www.europesays.com\/es\/wp-json\/wp\/v2\/media\/203151"}],"wp:attachment":[{"href":"https:\/\/www.europesays.com\/es\/wp-json\/wp\/v2\/media?parent=203150"}],"wp:term":[{"taxonomy":"category","embeddable":true,"href":"https:\/\/www.europesays.com\/es\/wp-json\/wp\/v2\/categories?post=203150"},{"taxonomy":"post_tag","embeddable":true,"href":"https:\/\/www.europesays.com\/es\/wp-json\/wp\/v2\/tags?post=203150"}],"curies":[{"name":"wp","href":"https:\/\/api.w.org\/{rel}","templated":true}]}}