{"id":203169,"date":"2025-10-27T07:13:09","date_gmt":"2025-10-27T07:13:09","guid":{"rendered":"https:\/\/www.europesays.com\/es\/203169\/"},"modified":"2025-10-27T07:13:09","modified_gmt":"2025-10-27T07:13:09","slug":"adara-fuera-de-si-colapsa-en-supervivientes-all-stars-ya-hay-finalistas","status":"publish","type":"post","link":"https:\/\/www.europesays.com\/es\/203169\/","title":{"rendered":"Adara, fuera de s\u00ed, colapsa en &#8216;Supervivientes All Stars&#8217;: ya hay finalistas"},"content":{"rendered":"<p class=\"c-paragraph\">Supervivientes All Stars ya ha entrado en su recta final y lo ha hecho con unas<b> preocupantes im\u00e1genes de <a href=\"https:\/\/www.20minutos.es\/tags\/personas\/adara-molinero.html\" title=\"Adara Molinero\" rel=\"nofollow noopener\" target=\"_blank\">Adara Molinero<\/a><\/b>, fuera de s\u00ed, colapsando por la gran tormenta ca\u00edda sobre Honduras.<\/p>\n<p class=\"c-paragraph\">Tal y como mostr\u00f3 el programa, la exazafata<b> pierde los nervios tras verse involucrada en la tormenta<\/b>, que afect\u00f3 a los concursantes de lleno durante una de las \u00faltimas noches que pasar\u00e1n en el pa\u00eds caribe\u00f1o.<\/p>\n<p class=\"c-paragraph\">\u00ab<b>\u00a1Estoy pisando agua, tengo el saco lleno de agua!<\/b>\u00ab, dice la concursante mientras grita, presa de los nervios.<\/p>\n<p class=\"c-paragraph\">Un mal trago que, con la luz de d\u00eda, pareci\u00f3 quedar atr\u00e1s. No los nervios por convertirse en el tercer finalista junto a Tony Spina y Miri P\u00e9rez-Cabrero. <b>Se la jugaban la propia Adara, Torres y Jessica Bueno<\/b>, siendo esta \u00faltima la elegida por el p\u00fablico para ocupar ese puesto.<\/p>\n<p class=\"c-paragraph\"><b>Adara y Torres son los \u00faltimos nominados de la edici\u00f3n<\/b>, y entre ellos se decidir\u00e1 el cuarto concursante finalista de esta segunda entrega del All Stars de Supervivientes.<\/p>\n","protected":false},"excerpt":{"rendered":"Supervivientes All Stars ya ha entrado en su recta final y lo ha hecho con unas preocupantes im\u00e1genes&hellip;\n","protected":false},"author":2,"featured_media":203170,"comment_status":"","ping_status":"","sticky":false,"template":"","format":"standard","meta":{"footnotes":""},"categories":[91],"tags":[24893,13787,146,147,25,24,8471,688,23,3947],"class_list":{"0":"post-203169","1":"post","2":"type-post","3":"status-publish","4":"format-standard","5":"has-post-thumbnail","7":"category-entretenimiento","8":"tag-adara","9":"tag-colapsa","10":"tag-entertainment","11":"tag-entretenimiento","12":"tag-es","13":"tag-espana","14":"tag-fuera","15":"tag-si","16":"tag-spain","17":"tag-supervivientes"},"share_on_mastodon":{"url":"https:\/\/pubeurope.com\/@es\/115444895249204515","error":""},"_links":{"self":[{"href":"https:\/\/www.europesays.com\/es\/wp-json\/wp\/v2\/posts\/203169","targetHints":{"allow":["GET"]}}],"collection":[{"href":"https:\/\/www.europesays.com\/es\/wp-json\/wp\/v2\/posts"}],"about":[{"href":"https:\/\/www.europesays.com\/es\/wp-json\/wp\/v2\/types\/post"}],"author":[{"embeddable":true,"href":"https:\/\/www.europesays.com\/es\/wp-json\/wp\/v2\/users\/2"}],"replies":[{"embeddable":true,"href":"https:\/\/www.europesays.com\/es\/wp-json\/wp\/v2\/comments?post=203169"}],"version-history":[{"count":0,"href":"https:\/\/www.europesays.com\/es\/wp-json\/wp\/v2\/posts\/203169\/revisions"}],"wp:featuredmedia":[{"embeddable":true,"href":"https:\/\/www.europesays.com\/es\/wp-json\/wp\/v2\/media\/203170"}],"wp:attachment":[{"href":"https:\/\/www.europesays.com\/es\/wp-json\/wp\/v2\/media?parent=203169"}],"wp:term":[{"taxonomy":"category","embeddable":true,"href":"https:\/\/www.europesays.com\/es\/wp-json\/wp\/v2\/categories?post=203169"},{"taxonomy":"post_tag","embeddable":true,"href":"https:\/\/www.europesays.com\/es\/wp-json\/wp\/v2\/tags?post=203169"}],"curies":[{"name":"wp","href":"https:\/\/api.w.org\/{rel}","templated":true}]}}