{"id":203193,"date":"2025-10-27T07:35:26","date_gmt":"2025-10-27T07:35:26","guid":{"rendered":"https:\/\/www.europesays.com\/es\/203193\/"},"modified":"2025-10-27T07:35:26","modified_gmt":"2025-10-27T07:35:26","slug":"javier-mariscal-el-diseno-para-mi-siempre-ha-sido-una-forma-de-comunicar-alegria","status":"publish","type":"post","link":"https:\/\/www.europesays.com\/es\/203193\/","title":{"rendered":"Javier Mariscal: \u00abEl dise\u00f1o para m\u00ed siempre ha sido una forma de comunicar alegr\u00eda\u00bb"},"content":{"rendered":"<p><a class=\"v-mdl-ath__fig-a\" href=\"https:\/\/www.lasprovincias.es\/autor\/laura-garces-501.html\" title=\"Laura Garc\u00e9s\" rel=\"nofollow noopener\" target=\"_blank\"><br \/>\n<img decoding=\"async\" class=\"v-mdl-ath__img\" src=\"https:\/\/www.europesays.com\/es\/wp-content\/uploads\/2025\/08\/autor-501-foto-2.jpeg\" alt=\"Laura Garc\u00e9s\"\/><br \/>\n<\/a><\/p>\n<p class=\"v-mdl-ath__p v-mdl-ath__p--6\">\nS\u00e1bado, 25 de octubre 2025, 16:27<\/p>\n<p class=\"v-p\">La Espa\u00f1a en blanco y negro, el nacimiento del c\u00f3mic &#8216;underground&#8217;, el boom del dise\u00f1o, aquellos milagrosos a\u00f1os noventa, la revoluci\u00f3n digital, la crisis econ\u00f3mica en los albores del siglo XXI, una pandemia y en ese contexto los m\u00e1s de setenta a\u00f1os de vida de un gran creador, el valenciano Javer Mariscal. Todo eso lo recoge el documental &#8216;Mariscal, la alegr\u00eda de vivir&#8217;, un trabajo de la valenciana Laura Grande que se estrena hoy en La Mostra, incluido en la secci\u00f3n del festival de cine. La responsable del documental ha destacado esta ma\u00f1ana que competir en la Secci\u00f3n Oficial \u00abes un sue\u00f1o y mucho m\u00e1s con un documental\u00bb.<\/p>\n<p class=\"v-p\">&#8216;Mariscal, la alegr\u00eda de vivir&#8217; es un retrato vibrante sobre la vida y obra del dise\u00f1ador con el que Laura Grande muestra \u00abno s\u00f3lo al genio creativo, sino tambi\u00e9n al hombre detr\u00e1s del mito\u00bb. La directora de la cinta ha hecho hincapi\u00e9 en que para hacer un buen relato ha sido necesario \u00abrecurrir a archivos in\u00e9ditos y mostrar tanto sus \u00e9xitos como sus fracasos, porque es ah\u00ed donde se entiende de verdad su resiliencia\u00bb. <\/p>\n<p class=\"v-p\">La alegr\u00eda que aparece en el t\u00edtulo de la cinta, como se\u00f1ala Mariscal, es el motor que mueve su universo creativo: \u00abEl dise\u00f1o para m\u00ed siempre ha sido una forma de comunicar alegr\u00eda. Incluso en los momentos dif\u00edciles, me ha permitido mantener la curiosidad intacta. &#8216;La alegr\u00eda de vivir&#8217; no es solo un t\u00edtulo, es lo que me mantiene en pie y lo que intento transmitir en cada dibujo, en cada proyecto. Ver mi vida convertida en pel\u00edcula es como mirarse en un espejo lleno de colores\u00bb.<\/p>\n<p class=\"v-p\">La pel\u00edcula combina material de archivo in\u00e9dito, animaciones originales y testimonios de artistas y creadores como Nazario Luque, Miquel Barcel\u00f3 o Fran\u00e7oise Mouly. \u00abLa \u00fanica espinita que se me ha quedado ha sido Almod\u00f3var, que a pesar de los intentos y su disposici\u00f3n a participar en el documental, finalmente no pudo ser\u00bb, ha lamentado Grande.<\/p>\n<p class=\"v-p\">Sumergirse en la cinta es recorrer cincuenta a\u00f1os de creatividad, el tiempo que el artista valenciano lleva activo mostrando a lo largo de todo ese tiempo la capacidad de reinventarse. M\u00e1s all\u00e1 de Cobi, el dise\u00f1ador ha sido el autor -entre otras muchas obras- de 18 portadas de la revista &#8216;New Yorker&#8217;, con la que entr\u00f3 en contacto a trav\u00e9s de Art Spiegleman y su esposa Fran\u00e7oise Mouly.<\/p>\n<p><a href=\"http:\/\/www.lasprovincias.es\/comunitat\/pintor-genaro-lahuerta-habita-cine-valencia-20251025124645-nt.html#vtm_modulosEngag=mod-rel:comunitat:noticia:1:cmp:1-not\" class=\"v-a-link\" aria-label=\"Imagen\" rel=\"nofollow noopener\" target=\"_blank\"><\/p>\n<p><img decoding=\"async\" loading=\"lazy\" src=\"https:\/\/www.europesays.com\/es\/wp-content\/uploads\/2025\/10\/251025_EDUC_Foto5 _IVC_Filmoteca_PeliculasLahuerta-kcLD--366x256@Las Provincias.jpg\" class=\"v-a-img\" width=\"258\" height=\"180\" alt=\"\" data-voc-vtm-id=\"in-text-traffic\"\/><\/p>\n<p><\/a><\/p>\n<p class=\"v-p\">El documental, producido por la valenciana Estrela Audiovisual, est\u00e1 rodado en 4K y en formato anam\u00f3rfico. Imagen tras imagen se descubre al artista desde sus inicios en el c\u00f3mic underground hasta su consolidaci\u00f3n como referente internacional del dise\u00f1o gr\u00e1fico y visual. \u00abMariscal es un dibujante nato, ha dise\u00f1ado y ha hecho de arquitecto en Jap\u00f3n. Nos centramos mucho en su \u00e9poca de hippy pero \u00e9l ten\u00eda muy claro que quer\u00eda triunfar, siempre iba por delante. Ha sido pionero, grande en los 80 y en los 90, y siempre ha ido hacia delante a pesar de los obst\u00e1culos\u00bb.<\/p>\n<p class=\"v-p\">M\u00e1s all\u00e1 de la trayectoria profesional del artista, Laura Grande, ha definido a Mariscal como personaje \u00abmuy particular\u00bb que no dud\u00f3 en embarcarse en esta aventura: \u00abLe hicimos la propuesta y le encant\u00f3 desde el principio. Lo grabamos durante 4 d\u00edas por la ma\u00f1ana y por la tarde y fue una experiencia incre\u00edble. Es una persona que ha hecho de todo\u00bb. <\/p>\n<p class=\"v-p\">Ensamblar el car\u00e1cter de Mariscal con su carrera profesional ha sido seg\u00fan Grande un trabajo \u00absencillo\u00bb ya que si hay un rasgo que define al artista adem\u00e1s de su talento es su generosidad: \u00abTodo el mundo hablaba de su gran generosidad en todos los \u00e1mbitos, en el econ\u00f3mico y en el de ense\u00f1ar. Conmigo ha sido muy transparente y generoso al hablarme de todo y de su intimidad sin tapujos\u00bb.<\/p>\n<p class=\"v-p\">En \u00abel espejo de colores&#8217; del que habla Mariscal, esta misma tarde y por primera vez, podr\u00e1 verse el propio artista en los cines Babel en una sesi\u00f3n en la que ya est\u00e1n agotadas todas las localidades. \u00abMariscal no ha visto el documental y estoy un poco asustada\u00ab, ha se\u00f1alado temerosa Laura Grande: \u00abCon \u00e9l, todo es una caja de sorpresas\u00bb.<\/p>\n<p>Reporta un error<\/p>\n<p class=\"v-crt__t\"> L\u00edmite de sesiones alcanzadas<\/p>\n<p class=\"v-crt__p\">El acceso al contenido Premium est\u00e1 abierto por cortes\u00eda del establecimiento donde te encuentras, pero ahora mismo hay demasiados usuarios conectados a las vez.<\/p>\n<p class=\"v-crt__p\">Por favor, int\u00e9ntalo pasados unos minutos.<\/p>\n<p>\nVolver a intentar\n<\/p>\n<p class=\"v-crt__t\">Sesi\u00f3n cerrada<\/p>\n<p class=\"v-crt__p\">Al iniciar sesi\u00f3n desde un dispositivo distinto, por seguridad, se cerr\u00f3 la \u00faltima sesi\u00f3n en este.<\/p>\n<p class=\"v-crt__p\">Para continuar disfrutando de su suscripci\u00f3n digital, inicie sesi\u00f3n en este dispositivo.<\/p>\n<p>\nEste contenido es exclusivo para suscriptores\n<\/p>\n<p class=\"text\">\u00bfTienes una suscripci\u00f3n? <a href=\"https:\/\/secure.lasprovincias.es\/identidad\/inicio#vca=suscribete&amp;vso=lasprovincias&amp;vmc=on&amp;vli=cdn-ce-link-login\" class=\"login\" data-voc-vtm-id=\"comienzoSuscripcionON\" data-voc-vtm-info=\"cdn-ce-link-login\" rel=\"nofollow noopener\" target=\"_blank\">Inicia sesi\u00f3n<\/a><\/p>\n","protected":false},"excerpt":{"rendered":"S\u00e1bado, 25 de octubre 2025, 16:27 La Espa\u00f1a en blanco y negro, el nacimiento del c\u00f3mic &#8216;underground&#8217;, el&hellip;\n","protected":false},"author":2,"featured_media":203194,"comment_status":"","ping_status":"","sticky":false,"template":"","format":"standard","meta":{"footnotes":""},"categories":[169],"tags":[20708,177,55707,234,146,147,25,24,176,1142,5264,23137,175,369,23],"class_list":{"0":"post-203193","1":"post","2":"type-post","3":"status-publish","4":"format-standard","5":"has-post-thumbnail","7":"category-cine","8":"tag-alegria","9":"tag-cine","10":"tag-comunicar","11":"tag-diseno","12":"tag-entertainment","13":"tag-entretenimiento","14":"tag-es","15":"tag-espana","16":"tag-film","17":"tag-forma","18":"tag-javier","19":"tag-mariscal","20":"tag-movies","21":"tag-siempre","22":"tag-spain"},"share_on_mastodon":{"url":"https:\/\/pubeurope.com\/@es\/115444982145716020","error":""},"_links":{"self":[{"href":"https:\/\/www.europesays.com\/es\/wp-json\/wp\/v2\/posts\/203193","targetHints":{"allow":["GET"]}}],"collection":[{"href":"https:\/\/www.europesays.com\/es\/wp-json\/wp\/v2\/posts"}],"about":[{"href":"https:\/\/www.europesays.com\/es\/wp-json\/wp\/v2\/types\/post"}],"author":[{"embeddable":true,"href":"https:\/\/www.europesays.com\/es\/wp-json\/wp\/v2\/users\/2"}],"replies":[{"embeddable":true,"href":"https:\/\/www.europesays.com\/es\/wp-json\/wp\/v2\/comments?post=203193"}],"version-history":[{"count":0,"href":"https:\/\/www.europesays.com\/es\/wp-json\/wp\/v2\/posts\/203193\/revisions"}],"wp:featuredmedia":[{"embeddable":true,"href":"https:\/\/www.europesays.com\/es\/wp-json\/wp\/v2\/media\/203194"}],"wp:attachment":[{"href":"https:\/\/www.europesays.com\/es\/wp-json\/wp\/v2\/media?parent=203193"}],"wp:term":[{"taxonomy":"category","embeddable":true,"href":"https:\/\/www.europesays.com\/es\/wp-json\/wp\/v2\/categories?post=203193"},{"taxonomy":"post_tag","embeddable":true,"href":"https:\/\/www.europesays.com\/es\/wp-json\/wp\/v2\/tags?post=203193"}],"curies":[{"name":"wp","href":"https:\/\/api.w.org\/{rel}","templated":true}]}}