{"id":203222,"date":"2025-10-27T07:58:12","date_gmt":"2025-10-27T07:58:12","guid":{"rendered":"https:\/\/www.europesays.com\/es\/203222\/"},"modified":"2025-10-27T07:58:12","modified_gmt":"2025-10-27T07:58:12","slug":"todos-los-ninos-de-los-anos-90-crecieron-con-esta-pelicula-hubo-dos-secuelas-pero-pocos-la-recuerdan-30-anos-despues-noticias-de-cine","status":"publish","type":"post","link":"https:\/\/www.europesays.com\/es\/203222\/","title":{"rendered":"Todos los ni\u00f1os de los a\u00f1os 90 crecieron con esta pel\u00edcula: hubo dos secuelas, pero pocos la recuerdan 30 a\u00f1os despu\u00e9s &#8211; Noticias de cine"},"content":{"rendered":"<p>Amblin Entertainment, el sello de Spielberg, desarroll\u00f3 esta c\u00e1lida pel\u00edcula de aventuras que se estren\u00f3 en 1995 y est\u00e1 muy poco valorada<\/p>\n<p class=\"bo-p\">En 1925, un perro lobo llamado Balto vive en las afueras de un peque\u00f1o pueblo de Alaska junto a su padre adoptivo, un ganso llamado Boris, y dos osos polares, Muk y Luk. Como tiene ascendencia mestiza, los otros perros se meten con \u00e9l y ha tenido que buscar su propia familia. Un d\u00eda, hay un brote de difteria en el pueblo que afecta a todos sus ni\u00f1os. En pleno invierno, el transporte de medicinas se complica, as\u00ed que la \u00fanica v\u00eda posible es utilizar a los perros.<\/p>\n<p class=\"bo-p\">Ante esta necesidad, Balto se presenta voluntario para participar en el grupo que viaje para conseguir el medicamento y gana, pero otro perro del pueblo, Steele, desvela su pasado como perro lobo y queda descalificado. Finalmente es el equipo de Steele el que parte hacia la medicina, pero se desorientan y quedan varados.<\/p>\n<p class=\"bo-p\">As\u00ed es como comienza <a href=\"https:\/\/www.sensacine.com\/peliculas\/pelicula-15131\/\" class=\"bo-link\" rel=\"nofollow noopener\" target=\"_blank\"><b>Balto<\/b><\/a>, la bonita historia de aventuras que desarroll\u00f3 Amblin Entertainment, la productora de <a href=\"https:\/\/www.sensacine.com\/actores\/actor-471\/\" class=\"bo-link\" rel=\"nofollow noopener\" target=\"_blank\">Steven Spielberg<\/a>, y la cual se convirti\u00f3 en <b>la tercera y \u00faltima cinta de animaci\u00f3n del estudio<\/b>. Aunque en esta ocasi\u00f3n el genio del cine no firm\u00f3 el guion, supervis\u00f3 el proceso y marc\u00f3 las decisiones m\u00e1s importantes.<\/p>\n<p class=\"bo-p\">Siendo claros, la pel\u00edcula fue <b>un fracaso econ\u00f3mico<\/b>. Tan solo logr\u00f3 recaudar 11 millones en taquilla para los 31 que hab\u00eda tenido que invertir la compa\u00f1\u00eda y la cr\u00edtica, b\u00e1sicamente, se la llev\u00f3 por delante. Supuso la \u00faltima pel\u00edcula de animaci\u00f3n de Amblin que, despu\u00e9s del desastre en taquilla de sus dos primeros lanzamientos &#8211;<a href=\"https:\/\/www.sensacine.com\/peliculas\/pelicula-2096\/\" class=\"bo-link\" rel=\"nofollow noopener\" target=\"_blank\">Fievel va al Oeste<\/a> (1991) y Rex, un dinosaurio en Nueva York (1993)-, decidi\u00f3 cerrar su actividad y pasarla a DreamWorks Animation -quienes, por cierto, lo primero que estrenaron fue <a href=\"https:\/\/www.sensacine.com\/peliculas\/pelicula-27415\/\" class=\"bo-link\" rel=\"nofollow noopener\" target=\"_blank\">Shrek<\/a>-.<\/p>\n<p class=\"bo-p\">Curiosamente, <b>cuando sali\u00f3 a la venta el VHS de Balto, tuvo un \u00e9xito inesperado<\/b>. La buena acogida de la cinta entre el p\u00fablico hizo posible que se desarrollaran dos secuelas que fueron directas a v\u00eddeo: <a href=\"https:\/\/www.sensacine.com\/peliculas\/pelicula-169742\/\" class=\"bo-link\" rel=\"nofollow noopener\" target=\"_blank\">Balto 2: aventura en la tierra de hielo<\/a> y <a href=\"https:\/\/www.sensacine.com\/peliculas\/pelicula-183749\/\" class=\"bo-link\" rel=\"nofollow noopener\" target=\"_blank\">Balto 3: rescate del avi\u00f3n perdido<\/a>.<\/p>\n<p class=\"bo-p\">A pesar de tener su propia franquicia, Balto no aparece entre las pel\u00edculas m\u00e1s queridas por los ni\u00f1os de los 90. Antes en la lista van t\u00edtulos como <a href=\"https:\/\/www.sensacine.com\/peliculas\/pelicula-10862\/\" class=\"bo-link\" rel=\"nofollow noopener\" target=\"_blank\">El rey le\u00f3n<\/a> o <a href=\"https:\/\/www.sensacine.com\/peliculas\/pelicula-14264\/\" class=\"bo-link\" rel=\"nofollow noopener\" target=\"_blank\">Toy Story<\/a> que, l\u00f3gicamente, dejaron una huella m\u00e1s profunda en nuestras memorias. Pero el peque\u00f1o perro merece tener su reconocimiento. De hecho, el m\u00edtico Roger Ebert la se\u00f1al\u00f3 como una preciosa \u00abpel\u00edcula para ni\u00f1os, con una narraci\u00f3n sencilla, llena de emoci\u00f3n y personajes que te importan\u00bb. <\/p>\n","protected":false},"excerpt":{"rendered":"Amblin Entertainment, el sello de Spielberg, desarroll\u00f3 esta c\u00e1lida pel\u00edcula de aventuras que se estren\u00f3 en 1995 y&hellip;\n","protected":false},"author":2,"featured_media":203223,"comment_status":"","ping_status":"","sticky":false,"template":"","format":"standard","meta":{"footnotes":""},"categories":[169],"tags":[10689,55709,177,146,147,25,24,176,175,55710,23],"class_list":{"0":"post-203222","1":"post","2":"type-post","3":"status-publish","4":"format-standard","5":"has-post-thumbnail","7":"category-cine","8":"tag-animacion","9":"tag-balto","10":"tag-cine","11":"tag-entertainment","12":"tag-entretenimiento","13":"tag-es","14":"tag-espana","15":"tag-film","16":"tag-movies","17":"tag-simon_wells","18":"tag-spain"},"share_on_mastodon":{"url":"https:\/\/pubeurope.com\/@es\/115445072484615579","error":""},"_links":{"self":[{"href":"https:\/\/www.europesays.com\/es\/wp-json\/wp\/v2\/posts\/203222","targetHints":{"allow":["GET"]}}],"collection":[{"href":"https:\/\/www.europesays.com\/es\/wp-json\/wp\/v2\/posts"}],"about":[{"href":"https:\/\/www.europesays.com\/es\/wp-json\/wp\/v2\/types\/post"}],"author":[{"embeddable":true,"href":"https:\/\/www.europesays.com\/es\/wp-json\/wp\/v2\/users\/2"}],"replies":[{"embeddable":true,"href":"https:\/\/www.europesays.com\/es\/wp-json\/wp\/v2\/comments?post=203222"}],"version-history":[{"count":0,"href":"https:\/\/www.europesays.com\/es\/wp-json\/wp\/v2\/posts\/203222\/revisions"}],"wp:featuredmedia":[{"embeddable":true,"href":"https:\/\/www.europesays.com\/es\/wp-json\/wp\/v2\/media\/203223"}],"wp:attachment":[{"href":"https:\/\/www.europesays.com\/es\/wp-json\/wp\/v2\/media?parent=203222"}],"wp:term":[{"taxonomy":"category","embeddable":true,"href":"https:\/\/www.europesays.com\/es\/wp-json\/wp\/v2\/categories?post=203222"},{"taxonomy":"post_tag","embeddable":true,"href":"https:\/\/www.europesays.com\/es\/wp-json\/wp\/v2\/tags?post=203222"}],"curies":[{"name":"wp","href":"https:\/\/api.w.org\/{rel}","templated":true}]}}