{"id":203224,"date":"2025-10-27T07:59:14","date_gmt":"2025-10-27T07:59:14","guid":{"rendered":"https:\/\/www.europesays.com\/es\/203224\/"},"modified":"2025-10-27T07:59:14","modified_gmt":"2025-10-27T07:59:14","slug":"piden-una-sancion-publica-para-vinicius-tras-su-tremendo-enfado-en-el-clasico-el-perdon-ya-no-es-sincero-futbol","status":"publish","type":"post","link":"https:\/\/www.europesays.com\/es\/203224\/","title":{"rendered":"Piden una sanci\u00f3n p\u00fablica para Vinicius tras su tremendo enfado en el Cl\u00e1sico: \u00abEl perd\u00f3n ya no es sincero\u00bb | F\u00fatbol"},"content":{"rendered":"<p class=\"loc\">Madrid<\/p>\n<p><a href=\"https:\/\/cadenaser.com\/nacional\/2025\/10\/26\/real-madrid-2-1-fc-barcelona-resumen-resultado-y-goles-del-clasico-de-la-jornada-10-de-laliga-cadena-ser\/\" target=\"_blank\" rel=\"noreferrer nofollow noopener\" title=\"https:\/\/cadenaser.com\/nacional\/2025\/10\/26\/real-madrid-2-1-fc-barcelona-resumen-resultado-y-goles-del-clasico-de-la-jornada-10-de-laliga-cadena-ser\/\">El Real Madrid se ha impuesto este domingo al FC Barcelona por dos goles a uno en el primer Cl\u00e1sico de la temporada<\/a>. Tras el gol inicial de Kylian Mbapp\u00e9 en el minuto 22 del encuentro, Ferm\u00edn pon\u00eda las tablas con un tanto en el 38 para cerrar as\u00ed su mejor semana como jugador del primer conjunto blaugrana. Y cuando todo apuntaba a que ambos equipos iban a marcharse a vestuarios con empate en el marcador, Jude Bellingham hac\u00eda el definitivo 2-1 para los locales. De esta manera, el Real Madrid es todav\u00eda m\u00e1s l\u00edder y ya le saca cinco puntos a su m\u00e1ximo rival.<\/p>\n<p>M\u00e1s informaci\u00f3n<\/p>\n<p>Despu\u00e9s una primera parte muy fren\u00e9tica, en la que los de Xabi Alonso pudieron marcar alg\u00fan que otro gol m\u00e1s, nos encontramos con una segunda parte mucho m\u00e1s bronca en la que no hubo tanto f\u00fatbol. Especialmente en los minutos finales, cuando asistimos al tremendo cabreo de Vinicius tras ser sustituido por Rodrygo, y tambi\u00e9n a una tangana final en la que los jugadores del Real Madrid le recriminaron a Lamine Yamal <a href=\"https:\/\/cadenaser.com\/nacional\/2025\/10\/24\/prefieres-ser-pique-o-iniesta-indignacion-con-lamine-yamal-por-sus-palabras-a-tan-solo-unos-dias-del-clasico-cadena-ser\/\" target=\"_blank\" rel=\"noreferrer nofollow noopener\" title=\"https:\/\/cadenaser.com\/nacional\/2025\/10\/24\/prefieres-ser-pique-o-iniesta-indignacion-con-lamine-yamal-por-sus-palabras-a-tan-solo-unos-dias-del-clasico-cadena-ser\/\">sus palabras durante las Kings League<\/a>. Y s\u00ed, el <a href=\"https:\/\/trends.google.es\/trends\/explore?q=real%20madrid%20-%20barcelona&amp;date=now%201-d&amp;geo=ES&amp;hl=es\" target=\"_blank\" rel=\"noreferrer nofollow noopener\" title=\"https:\/\/trends.google.es\/trends\/explore?q=real%20madrid%20-%20barcelona&amp;date=now%201-d&amp;geo=ES&amp;hl=es\">Real Madrid &#8211; FC Barcelona<\/a> ha sido<a href=\"https:\/\/trends.google.es\/trending?geo=ES\" target=\"_blank\" rel=\"noreferrer nofollow noopener\" title=\"https:\/\/trends.google.es\/trending?geo=ES\"> lo m\u00e1s consultado de la jornada en Google Trends,<\/a> pero tambi\u00e9n otros nombres propios del partido como <a href=\"https:\/\/trends.google.es\/trends\/explore?q=lamine%20yamal&amp;date=now%201-d&amp;geo=ES&amp;hl=es\" target=\"_blank\" rel=\"noreferrer nofollow noopener\" title=\"https:\/\/trends.google.es\/trends\/explore?q=lamine%20yamal&amp;date=now%201-d&amp;geo=ES&amp;hl=es\">Lamine Yamal<\/a>, Carvajal y <a href=\"https:\/\/trends.google.es\/trends\/explore?q=vinicius&amp;date=now%201-d&amp;geo=ES&amp;hl=es\" target=\"_blank\" rel=\"noreferrer nofollow noopener\" title=\"https:\/\/trends.google.es\/trends\/explore?q=vinicius&amp;date=now%201-d&amp;geo=ES&amp;hl=es\">Vinicius<\/a>.<\/p>\n<p><img decoding=\"async\" src=\"https:\/\/www.europesays.com\/es\/wp-content\/uploads\/2025\/10\/A3BIYIN6BFGQRPKPRO5OGEBJZE.jpg\" alt=\"Vinicius ha sido uno de los nombres propios de la jornada.\" width=\"650\" height=\"220\"  loading=\"lazy\"\/><\/p>\n<p>Vinicius ha sido uno de los nombres propios de la jornada. \/ Google Trends<\/p>\n<p>Ampliar<img decoding=\"async\" src=\"https:\/\/www.europesays.com\/es\/wp-content\/uploads\/2025\/10\/1761551953_311_A3BIYIN6BFGQRPKPRO5OGEBJZE.jpg\" alt=\"Vinicius ha sido uno de los nombres propios de la jornada.\" width=\"650\" height=\"220\" loading=\"lazy\"\/><\/p>\n<p>Vinicius ha sido uno de los nombres propios de la jornada. \/ Google Trends<\/p>\n<p>Cerrar\u00bbEs un punto de inflexi\u00f3n\u00bb<\/p>\n<p>El primero de ellos por su sonora bronca con jugadores como Dani Carvajal y, el segundo, <a href=\"https:\/\/cadenaser.com\/nacional\/2025\/10\/27\/me-voy-del-equipo-el-monumental-enfado-de-vinicius-tras-ser-sustituido-ante-el-barca-cadena-ser\/\" target=\"_blank\" rel=\"noreferrer nofollow noopener\" title=\"https:\/\/cadenaser.com\/nacional\/2025\/10\/27\/me-voy-del-equipo-el-monumental-enfado-de-vinicius-tras-ser-sustituido-ante-el-barca-cadena-ser\/\">por su tremendo enfado con Xabi Alonso y el resto del cuerpo t\u00e9cnico despu\u00e9s de ser sustituido.<\/a> Un gesto sobre el que hemos hablado en Carrusel Deportivo, donde algunos como Ant\u00f3n Meana han llegado a la conclusi\u00f3n de que el jugador del Real Madrid se merece un castigo ejemplar que le permita aprender la lecci\u00f3n: \u00abHa sido todo tan escandaloso que parece un punto de inflexi\u00f3n. El vaso ya est\u00e1 rebosando y tendr\u00eda que haber una sanci\u00f3n p\u00fablica\u00bb. <\/p>\n<blockquote class=\"twitter-tweet\">\n<p lang=\"es\" dir=\"ltr\">\ud83e\udef5\ud83d\uddef\ufe0f \u00abSi ha sido tan escandaloso que todos lo hemos visto, tendr\u00e1 que haber una sanci\u00f3n p\u00fablica\u00bb<\/p>\n<p>\u274c \u00abComo ha sido p\u00fablico, el castigo NO PUEDE ser privado. Ya no da tiempo, el perd\u00f3n, AHORA, no es sincero\u00bb<\/p>\n<p>\ud83d\udd10\ud83d\udde3\ufe0f <a href=\"https:\/\/twitter.com\/antonmeana?ref_src=twsrc%5Etfw\" rel=\"nofollow noopener\" target=\"_blank\">@antonmeana<\/a>, en el <a href=\"https:\/\/twitter.com\/hashtag\/CarruselCanalla?src=hash&amp;ref_src=twsrc%5Etfw\" rel=\"nofollow noopener\" target=\"_blank\">#CarruselCanalla<\/a>, sobre la actitud de VINICIUS <a href=\"https:\/\/t.co\/yVEBigbBrr\" rel=\"nofollow\">pic.twitter.com\/yVEBigbBrr<\/a><\/p>\n<p>\u2014 Carrusel Deportivo (@carrusel) <a href=\"https:\/\/twitter.com\/carrusel\/status\/1982586116986581305?ref_src=twsrc%5Etfw\" rel=\"nofollow noopener\" target=\"_blank\">October 26, 2025<\/a><\/p><\/blockquote>\n<p>Porque no es la primera vez que se enfada tras ser sustituido, pero nunca hab\u00eda llegado a abandonar el terreno de juego por el simple hecho de que Xabi Alonso decidiera apostar por Rodrygo para mantener la renta del Real Madrid. Por todo ello, el periodista de la Cadena SER cree que deber\u00eda haber una sanci\u00f3n p\u00fablica para el brasile\u00f1o: \u00abQue no juegue contra el Valencia, que le metan una sanci\u00f3n econ\u00f3mica o que tanto el grupo como el entrenador reprendan sus actos. Yo creo que, como ha sido p\u00fablico, el castigo no puede ser privado\u00bb. <\/p>\n<p>\u00abNo vale con un perd\u00f3n en redes sociales\u00bb<\/p>\n<p>Bajo su punto de vista, un perd\u00f3n en redes sociales no arreglar\u00eda absolutamente nada. De hecho, ya pidi\u00f3 perd\u00f3n en el pasado y ha seguido haciendo lo propio sin ning\u00fan tipo de arrepentimiento real: \u00abPara m\u00ed no vale con un perd\u00f3n en redes sociales. Ya no da tiempo. El perd\u00f3n ahora ya no es sincero\u00bb. Por todo ello, Ant\u00f3n Meana cree que deber\u00eda haber una sanci\u00f3n ejemplar contra Vinicius para que viera, en todo momento, que nadie est\u00e1 por encima del Real Madrid.<\/p>\n<p>De esta manera, el Real Madrid suma tres nuevos puntos para seguir liderando la Liga EA Sports, pero tambi\u00e9n un nuevo problema a su vestuario. Un problema que se ven\u00eda barruntando desde hace ya varias jornadas, cuando Xabi Alonso sentaba a Vinicius en varios encuentros, pero que ha estallado en este partido contra el FC Barcelona para manchar todav\u00eda m\u00e1s la imagen del jugador.<\/p>\n<p>Escucha &#8216;Carrusel Deportivo&#8217; completo<\/p>\n<p><a href=\"https:\/\/cadenaser.com\/podcast\/cadena-ser\/carrusel-deportivo\/323\/\" target=\"_blank\" rel=\"nofollow noopener\" title=\"https:\/\/cadenaser.com\/podcast\/cadena-ser\/carrusel-deportivo\/323\/\">Esto es un fragmento de &#8216;Carrusel Deportivo&#8217;<\/a>, con Dani Garrido. Puedes escuchar el programa completo aqu\u00ed:<\/p>\n<p><img decoding=\"async\" src=\"https:\/\/www.europesays.com\/es\/wp-content\/uploads\/2025\/10\/https:\/\/sdmedia.playser.cadenaser.com\/playser\/image\/20213\/17\/1615993725_asset_still.png\" alt=\"El Real Madrid de Xabi Alonso es m\u00e1s l\u00edder de LaLiga tras llevarse el primer 'Cl\u00e1sico' del curso\" width=\"655\"   loading=\"lazy\"\/><\/p>\n<p class=\"tit\">El Real Madrid de Xabi Alonso es m\u00e1s l\u00edder de LaLiga tras llevarse el primer &#8216;Cl\u00e1sico&#8217; del curso<\/p>\n<p>00:00:0001:40:07<\/p>\n<p>El c\u00f3digo iframe se ha copiado en el portapapeles<\/p>\n<p>FacebookTwitterLinkedinWhatsAppCerrar<\/p>\n<p><script async src=\"https:\/\/platform.twitter.com\/widgets.js\" charset=\"utf-8\"><\/script><\/p>\n","protected":false},"excerpt":{"rendered":"Madrid El Real Madrid se ha impuesto este domingo al FC Barcelona por dos goles a uno en&hellip;\n","protected":false},"author":2,"featured_media":203225,"comment_status":"","ping_status":"","sticky":false,"template":"","format":"standard","meta":{"footnotes":""},"categories":[93],"tags":[52999,53000,16705,55711,50245,168,25,24,24865,55712,280,1207,55713,288,16707,1215,55667,55714,19596,3048,23,16709,167,1221,42798,55715,10111],"class_list":{"0":"post-203224","1":"post","2":"type-post","3":"status-publish","4":"format-standard","5":"has-post-thumbnail","7":"category-deportes","8":"tag-alberto-gardin","9":"tag-albertogardin","10":"tag-athletic-performance","11":"tag-coaching-decision","12":"tag-competitive-match","13":"tag-deportes","14":"tag-es","15":"tag-espana","16":"tag-estadio-santiago-bernabeu","17":"tag-fan-reactions","18":"tag-football","19":"tag-football-match","20":"tag-iconic-stadium","21":"tag-laliga","22":"tag-match-day","23":"tag-nurphoto","24":"tag-october-26","25":"tag-player-substitution","26":"tag-professional-football","27":"tag-real-madrid","28":"tag-spain","29":"tag-spanish-league","30":"tag-sports","31":"tag-sports-photography","32":"tag-team-management","33":"tag-team-strategy","34":"tag-vinicius-junior"},"share_on_mastodon":{"url":"","error":"Validation failed: Text character limit of 500 exceeded"},"_links":{"self":[{"href":"https:\/\/www.europesays.com\/es\/wp-json\/wp\/v2\/posts\/203224","targetHints":{"allow":["GET"]}}],"collection":[{"href":"https:\/\/www.europesays.com\/es\/wp-json\/wp\/v2\/posts"}],"about":[{"href":"https:\/\/www.europesays.com\/es\/wp-json\/wp\/v2\/types\/post"}],"author":[{"embeddable":true,"href":"https:\/\/www.europesays.com\/es\/wp-json\/wp\/v2\/users\/2"}],"replies":[{"embeddable":true,"href":"https:\/\/www.europesays.com\/es\/wp-json\/wp\/v2\/comments?post=203224"}],"version-history":[{"count":0,"href":"https:\/\/www.europesays.com\/es\/wp-json\/wp\/v2\/posts\/203224\/revisions"}],"wp:featuredmedia":[{"embeddable":true,"href":"https:\/\/www.europesays.com\/es\/wp-json\/wp\/v2\/media\/203225"}],"wp:attachment":[{"href":"https:\/\/www.europesays.com\/es\/wp-json\/wp\/v2\/media?parent=203224"}],"wp:term":[{"taxonomy":"category","embeddable":true,"href":"https:\/\/www.europesays.com\/es\/wp-json\/wp\/v2\/categories?post=203224"},{"taxonomy":"post_tag","embeddable":true,"href":"https:\/\/www.europesays.com\/es\/wp-json\/wp\/v2\/tags?post=203224"}],"curies":[{"name":"wp","href":"https:\/\/api.w.org\/{rel}","templated":true}]}}