{"id":203252,"date":"2025-10-27T08:22:09","date_gmt":"2025-10-27T08:22:09","guid":{"rendered":"https:\/\/www.europesays.com\/es\/203252\/"},"modified":"2025-10-27T08:22:09","modified_gmt":"2025-10-27T08:22:09","slug":"comunicado-oficial-fallecimiento-de-jose-manuel-ochotorena-realmadrid-com","status":"publish","type":"post","link":"https:\/\/www.europesays.com\/es\/203252\/","title":{"rendered":"Comunicado Oficial: fallecimiento de Jos\u00e9 Manuel Ochotorena &#8211; realmadrid.com"},"content":{"rendered":"<ol>\n<li><a href=\"https:\/\/news.google.com\/rss\/articles\/CBMikgFBVV95cUxPMmhqN2gxZnFGQmZIYUFNU2JxVTMxV2RjSGtxNXIyUDNuY1FYdk1IX1dCdEdDS1RKUmJ5ZmVSSTgzOUxkNHY3cmhfRk0tTkFUbDVnU19RYzlqdFZpZ2dSbDZJNjNQWW9PT1pTVHlRWlpUcHFjaXRWMVdrUmNCS204TWxTb3VSdmRVSnFaRGNPRG55QQ?oc=5\" target=\"_blank\" rel=\"nofollow noopener\">Comunicado Oficial: fallecimiento de Jos\u00e9 Manuel Ochotorena<\/a>&nbsp;&nbsp;realmadrid.com<\/li>\n<li><a href=\"https:\/\/news.google.com\/rss\/articles\/CBMirwFBVV95cUxQcHpKQml0U282R0FmSEE1UzF1MVRGS21YMURibnU5UWZ0Q3RxYWhsM3N4bkllTllwSXRRbzVjQlRoQ0UzSm9BUm12dnp6ei1rRFBZNklsaGJrMV9kQjlVeHQtRVh2cExfMmVhOEVhekhKcTQtTDhMOHNEV3lWalNEbEVmSlF2Uk1ucG5fMTNZWV9BRDZ5Y2RsLUFfQWkxM3Z0NVdfWGVKT0wwcElGdl9N?oc=5\" target=\"_blank\" rel=\"nofollow noopener\">Muere Ochotorena, exjugador de Real Madrid y Valencia y leyenda de la Selecci\u00f3n<\/a>&nbsp;&nbsp;MARCA<\/li>\n<li><a href=\"https:\/\/news.google.com\/rss\/articles\/CBMifEFVX3lxTE9ZOWFaQUtyeVROdWprMEltMm1QZFB5akdDZk9XT3Q1TXMzWGtRTC1DMzREWXRpSnZObmo1UGxzbndyRjhBeHRxWWhZVVZwaDhnb0pmN1V5WFA2UmxydlpLS1haQk5ZV1hQZElIcHNOdlRxaDlhRFpfWFJfRl_SAXxBVV95cUxQQUs2R1lZZEVZZF9VdVRtXzAtbVVqN25lVGpGUklRX2V4MzUwSTFEQnhKN2k1MTFGQ2FOcjViVllSREJxZklubzBPcUFKdjN2bkpSbnpzMzc5ckYwTFJYLVV1d0ZlalhqUlZ1X2JpanZyYUtVcFlmRm1sVnJk?oc=5\" target=\"_blank\" rel=\"nofollow noopener\">Muere Jos\u00e9 Manuel Ochotorena, preparador de porteros del Valencia y de la Selecci\u00f3n Espa\u00f1ola durante casi dos d\u00e9cadas<\/a>&nbsp;&nbsp;El Mundo<\/li>\n<li><a href=\"https:\/\/news.google.com\/rss\/articles\/CBMixAFBVV95cUxQVnlwRTVxQjBkVDR6c2NxazNtZWpRcWdUMncxdEppaHZjaDVKODk4UFpjUG1tcTZMQ0Q2cjM1Wmw4VlhtLXNCQ2poX082MGFjQWlVakJ2aWJvQlUyaFNnc1dqSThsX0U2cnZLQ3pzdGJ2azhVbHNKaFUtOWRGT191VXlTQkZYbkRxeDc4dDdpcVc4TVpFUU1jbFhjbDQxT2NWZkVPazFETDJ2anE0UmdyNXBsYmR2QUlOejBtSjZtbjRROXhq?oc=5\" target=\"_blank\" rel=\"nofollow noopener\">Muere Ochotorena, exportero y preparador de guardametas del Valencia y la selecci\u00f3n<\/a>&nbsp;&nbsp;EL PA\u00cdS<\/li>\n<li><a href=\"https:\/\/news.google.com\/rss\/articles\/CBMiowFBVV95cUxNMXZKQ2o3UUJlbDZpSVBBYnM4NUFrR0JlX0w3VnJrZC1FeDdiNGU4YkNyRFhwYTQyOGhDREo2WlNrYkhFdWZqSy1uSENEUjZla0tIMUJDNDBxNkhpYUVFWFpITzBRNk1OZW1kYVUzRjRFb0hjeUxGOFZaZmFIS3ZuamVMc0pmY2FtSWJuUmpKTVluU2dtVHNtZGtTanR5czdMMVI40gGoAUFVX3lxTE9KcV9mZFk2aHF1MjB0cWxBYVM0RFNrTWU4SUtlVzV0SVkxRW85VDhCTzJMMERndVhwOHdpR29Ed1NYb2Z6NG9zWU5Gd3M3Z2dJS08zaW9PUnhGYmNpZjhwMjJ2M05DOG9tWVQyOUZhOV9VSVRLZW9GRHB6UVVMdGxEQzRFSFV6aGZVMmpWbEFOdGhWcEtza0VIU2VLLXk0OWdidFUzdDY2ag?oc=5\" target=\"_blank\" rel=\"nofollow noopener\">Muere Jos\u00e9 Manuel Ochotorena a los 64 a\u00f1os, hist\u00f3rico portero del Valencia<\/a>&nbsp;&nbsp;El Confidencial<\/li>\n<\/ol>\n","protected":false},"excerpt":{"rendered":"Comunicado Oficial: fallecimiento de Jos\u00e9 Manuel Ochotorena&nbsp;&nbsp;realmadrid.com Muere Ochotorena, exjugador de Real Madrid y Valencia y leyenda de&hellip;\n","protected":false},"author":2,"featured_media":171506,"comment_status":"","ping_status":"","sticky":false,"template":"","format":"standard","meta":{"footnotes":""},"categories":[93],"tags":[168,25,24,6523,3048,23,167],"class_list":{"0":"post-203252","1":"post","2":"type-post","3":"status-publish","4":"format-standard","5":"has-post-thumbnail","7":"category-deportes","8":"tag-deportes","9":"tag-es","10":"tag-espana","11":"tag-home","12":"tag-real-madrid","13":"tag-spain","14":"tag-sports"},"share_on_mastodon":{"url":"https:\/\/pubeurope.com\/@es\/115445166613689105","error":""},"_links":{"self":[{"href":"https:\/\/www.europesays.com\/es\/wp-json\/wp\/v2\/posts\/203252","targetHints":{"allow":["GET"]}}],"collection":[{"href":"https:\/\/www.europesays.com\/es\/wp-json\/wp\/v2\/posts"}],"about":[{"href":"https:\/\/www.europesays.com\/es\/wp-json\/wp\/v2\/types\/post"}],"author":[{"embeddable":true,"href":"https:\/\/www.europesays.com\/es\/wp-json\/wp\/v2\/users\/2"}],"replies":[{"embeddable":true,"href":"https:\/\/www.europesays.com\/es\/wp-json\/wp\/v2\/comments?post=203252"}],"version-history":[{"count":0,"href":"https:\/\/www.europesays.com\/es\/wp-json\/wp\/v2\/posts\/203252\/revisions"}],"wp:featuredmedia":[{"embeddable":true,"href":"https:\/\/www.europesays.com\/es\/wp-json\/wp\/v2\/media\/171506"}],"wp:attachment":[{"href":"https:\/\/www.europesays.com\/es\/wp-json\/wp\/v2\/media?parent=203252"}],"wp:term":[{"taxonomy":"category","embeddable":true,"href":"https:\/\/www.europesays.com\/es\/wp-json\/wp\/v2\/categories?post=203252"},{"taxonomy":"post_tag","embeddable":true,"href":"https:\/\/www.europesays.com\/es\/wp-json\/wp\/v2\/tags?post=203252"}],"curies":[{"name":"wp","href":"https:\/\/api.w.org\/{rel}","templated":true}]}}