{"id":203292,"date":"2025-10-27T08:53:12","date_gmt":"2025-10-27T08:53:12","guid":{"rendered":"https:\/\/www.europesays.com\/es\/203292\/"},"modified":"2025-10-27T08:53:12","modified_gmt":"2025-10-27T08:53:12","slug":"nuevo-curso-de-posgrado-de-plena-inclusion-y-la-uned-para-ayudar-a-personas-con-discapacidad-intelectual-en-los-juicios","status":"publish","type":"post","link":"https:\/\/www.europesays.com\/es\/203292\/","title":{"rendered":"Nuevo curso de posgrado de Plena inclusi\u00f3n y la UNED para ayudar a personas con discapacidad intelectual en los juicios"},"content":{"rendered":"<p>Plena inclusi\u00f3n y la UNED han creado un curso nuevo<br \/>para formar a personas facilitadoras judiciales.<\/p>\n<p>Este curso es el primero en Espa\u00f1a<br \/>que explica todo lo que necesita saber<br \/>una persona para ser facilitadora judicial.<\/p>\n<p>El curso ya est\u00e1 abierto<br \/>y puedes apuntarte hasta el 20 de noviembre.<\/p>\n<p>Una persona facilitadora judicial ayuda<br \/>a que las personas con discapacidad intelectual<br \/>puedan participar bien en los juicios.<\/p>\n<p>El curso es por internet.<\/p>\n<p>Puedes hacerlo poco a poco<br \/>y combinarlo con tu vida personal y laboral.<\/p>\n<p>El curso dura 375 horas.<\/p>\n<p>Eso equivale a 15 cr\u00e9ditos universitarios.<\/p>\n<p>Puedes apuntarte<br \/>hasta el 20 de noviembre de 2025.<\/p>\n<p>\t\t\t\t\t\t\t    \t\tPlena inclusi\u00f3n potencia la figura del facilitador judicial gracias a una formaci\u00f3n universitaria pionera y de gran calidad   <\/p>\n<p class=\"subtitulo muted\"><img decoding=\"async\" src=\"https:\/\/www.europesays.com\/es\/wp-content\/uploads\/2025\/10\/icon-lectura-dificil.png\" alt=\"Este contenido est\u00e1 en lectura dif\u00edcil\"\/> Este contenido NO est\u00e1 adaptado a Lectura F\u00e1cil<\/p>\n<p><strong>\u2022 <\/strong><strong>Plena inclusi\u00f3n potencia la figura del facilitador judicial gracias a una formaci\u00f3n universitaria pionera y de gran calidad.<\/strong><\/p>\n<ul>\n<li><b\/><b>Este curso de posgrado realizado junto con la UNED ofrece la primera formaci\u00f3n integral sobre facilitaci\u00f3n procesal, combinando bases jur\u00eddicas, psicol\u00f3gicas y de comunicaci\u00f3n accesible.<\/b><\/li>\n<\/ul>\n<p><strong>Madrid, 27 de octubre de 2025.- <\/strong>Esta formaci\u00f3n de posgrado tiene como objetivo capacitar a personas que quieran ejercer como facilitadores procesales, un perfil profesional en crecimiento, reconocido en el ordenamiento jur\u00eddico espa\u00f1ol, que contribuye a una justicia m\u00e1s inclusiva y comprensible para todas las personas. El curso, promovido por la UNED y Plena inclusi\u00f3n, tiene su plazo de matriculaci\u00f3n abierto hasta el pr\u00f3ximo 20 de noviembre.<\/p>\n<p>Los facilitadores procesales son profesionales que trabajan junto a operadores jur\u00eddicos y personas con discapacidad para asegurar una comunicaci\u00f3n eficaz durante los procedimientos judiciales. Su labor es esencial para garantizar que las personas con discapacidad intelectual puedan comprender y tomar decisiones informadas, mediante explicaciones accesibles y apoyos adecuados que aseguren su participaci\u00f3n plena en los procesos legales.<\/p>\n<p><b>Formaci\u00f3n de calidad, enfoque pr\u00e1ctico y aval institucional<\/b><\/p>\n<p>El curso ofrece una formaci\u00f3n espec\u00edfica, multidisciplinar y actualizada, impartida por un claustro mixto de profesorado de la UNED y profesionales en ejercicio. Esta combinaci\u00f3n garantiza el rigor acad\u00e9mico, la experiencia pr\u00e1ctica y un enfoque aplicado con casos reales.<\/p>\n<p>Entre los objetivos de la formaci\u00f3n destacan:<\/p>\n<ul>\n<li>Dotar al alumnado de herramientas y competencias para acompa\u00f1ar a personas con discapacidad en procedimientos judiciales.<\/li>\n<li>Formarles para interactuar con operadores jur\u00eddicos de manera eficaz y profesional.<\/li>\n<li>Promover una transformaci\u00f3n cultural hacia una justicia que respete los derechos de todas las personas, sin excepciones.<\/li>\n<\/ul>\n<p><b style=\"font-style: inherit;\">Una modalidad online, flexible y adaptada<\/b><\/p>\n<p>La formaci\u00f3n se imparte \u00edntegramente en modalidad online, con materiales actualizados, tutorizaci\u00f3n experta y una metodolog\u00eda adaptada a las necesidades de los profesionales en activo. Esto permite conciliar el aprendizaje con otras responsabilidades laborales o personales.<\/p>\n<p>El curso, que tiene una duraci\u00f3n de 375 horas (15 cr\u00e9ditos universitarios) representa un paso m\u00e1s hacia la construcci\u00f3n de un sistema judicial m\u00e1s accesible, igualitario y respetuoso con los derechos de las personas con discapacidad.<\/p>\n<p><b>Informaci\u00f3n e inscripciones<\/b><\/p>\n","protected":false},"excerpt":{"rendered":"Plena inclusi\u00f3n y la UNED han creado un curso nuevopara formar a personas facilitadoras judiciales. Este curso es&hellip;\n","protected":false},"author":2,"featured_media":203293,"comment_status":"","ping_status":"","sticky":false,"template":"","format":"standard","meta":{"footnotes":""},"categories":[5],"tags":[17,18,55751,25,24,13,14,11,19,20,9,10,15,16,2599,23,12,21,22],"class_list":{"0":"post-203292","1":"post","2":"type-post","3":"status-publish","4":"format-standard","5":"has-post-thumbnail","7":"category-titulares","8":"tag-breaking-news","9":"tag-breakingnews","10":"tag-el-poder-de-las-personas","11":"tag-es","12":"tag-espana","13":"tag-featured-news","14":"tag-featurednews","15":"tag-headlines","16":"tag-latest-news","17":"tag-latestnews","18":"tag-news","19":"tag-noticias","20":"tag-noticias-destacadas","21":"tag-noticiasdestacadas","22":"tag-participacion","23":"tag-spain","24":"tag-titulares","25":"tag-ultimas-noticias","26":"tag-ultimasnoticias"},"share_on_mastodon":{"url":"https:\/\/pubeurope.com\/@es\/115445288520360846","error":""},"_links":{"self":[{"href":"https:\/\/www.europesays.com\/es\/wp-json\/wp\/v2\/posts\/203292","targetHints":{"allow":["GET"]}}],"collection":[{"href":"https:\/\/www.europesays.com\/es\/wp-json\/wp\/v2\/posts"}],"about":[{"href":"https:\/\/www.europesays.com\/es\/wp-json\/wp\/v2\/types\/post"}],"author":[{"embeddable":true,"href":"https:\/\/www.europesays.com\/es\/wp-json\/wp\/v2\/users\/2"}],"replies":[{"embeddable":true,"href":"https:\/\/www.europesays.com\/es\/wp-json\/wp\/v2\/comments?post=203292"}],"version-history":[{"count":0,"href":"https:\/\/www.europesays.com\/es\/wp-json\/wp\/v2\/posts\/203292\/revisions"}],"wp:featuredmedia":[{"embeddable":true,"href":"https:\/\/www.europesays.com\/es\/wp-json\/wp\/v2\/media\/203293"}],"wp:attachment":[{"href":"https:\/\/www.europesays.com\/es\/wp-json\/wp\/v2\/media?parent=203292"}],"wp:term":[{"taxonomy":"category","embeddable":true,"href":"https:\/\/www.europesays.com\/es\/wp-json\/wp\/v2\/categories?post=203292"},{"taxonomy":"post_tag","embeddable":true,"href":"https:\/\/www.europesays.com\/es\/wp-json\/wp\/v2\/tags?post=203292"}],"curies":[{"name":"wp","href":"https:\/\/api.w.org\/{rel}","templated":true}]}}