{"id":203362,"date":"2025-10-27T09:49:09","date_gmt":"2025-10-27T09:49:09","guid":{"rendered":"https:\/\/www.europesays.com\/es\/203362\/"},"modified":"2025-10-27T09:49:09","modified_gmt":"2025-10-27T09:49:09","slug":"la-pili-el-alma-creativa-y-familiar-detras-del-imperio-rosalia","status":"publish","type":"post","link":"https:\/\/www.europesays.com\/es\/203362\/","title":{"rendered":"La Pili, el alma creativa (y familiar) detr\u00e1s del imperio Rosal\u00eda"},"content":{"rendered":"<p>El viernes, <a href=\"https:\/\/www.huffingtonpost.es\/life\/leonor-dirige-directamente-sofia-momentos-mas-emotivos-discurso.html\" title=\"La felicidad de la infanta Sof\u00eda cuando Leonor se dirige a ella en pleno discurso de los Princesa de Asturias\" rel=\"nofollow noopener\" target=\"_blank\">la princesa Leonor pronunci\u00f3 su discurso <\/a>m\u00e1s relajado hasta la fecha. Bromas, gestos c\u00f3mplices y una frase que desat\u00f3 sonrisas en el Teatro Jovellanos: \u201cLas hermanas c\u00f3mplices son nuestras grandes aliadas y nuestras compa\u00f1eras de viaje\u201d. La heredera mir\u00f3 a Sof\u00eda, que le respondi\u00f3 con una sonrisa limpia, de esas que no necesitan protocolo. Y mientras media Espa\u00f1a se derret\u00eda con la ternura institucional, otra hermandad (menos protocolaria, pero igual de s\u00f3lida) se dejaba ver en el Bernab\u00e9u: Rosal\u00eda y su inseparable hermana, La Pili.<\/p>\n<p>El domingo, las c\u00e1maras de La Liga <a href=\"https:\/\/www.huffingtonpost.es\/life\/influencers-celebrities\/enfocan-grada-bernabeu-ve-perfectamente-viendo-clasico.html\" title=\"Enfocan a la grada del Bernab\u00e9u y se ve perfectamente qui\u00e9n estaba viendo el \u2018Cl\u00e1sico\u2019\" rel=\"nofollow noopener\" target=\"_blank\">las cazaron en el palco<\/a>, entre Pen\u00e9lope Cruz y Diego Ib\u00e1\u00f1ez, cantante de Carolina Durante y pareja de Pili. Rosal\u00eda, con la corona rubia platino para promocionar <a href=\"https:\/\/www.huffingtonpost.es\/life\/cultura\/todos-detalles-lux-nuevo-disco-rosalia-tracklist-colaboraciones.html\" title=\"Todos los detalles de &#039;Lux&#039;, el nuevo disco de Rosal\u00eda: tracklist y colaboraciones\" rel=\"nofollow noopener\" target=\"_blank\">LUX<\/a>,\u00a0 su pr\u00f3ximo disco, y Pili, discreta pero serena, compart\u00edan planos y confidencias en mitad de <a href=\"https:\/\/www.huffingtonpost.es\/deporte\/el-real-madrid-quita-espina-lleva-victoria-barca-21-clasico-igualado.html\" title=\"El Real Madrid se quita la espina y se lleva la victoria ante el Bar\u00e7a (2-1) en un \u2018Cl\u00e1sico\u2019 muy igualado\" rel=\"nofollow noopener\" target=\"_blank\">un Cl\u00e1sico que el Real Madrid acabar\u00eda ganando<\/a>. Nada de discursos ni reverencias; solo la complicidad silenciosa de dos hermanas que han hecho de su uni\u00f3n un imperio pop.<\/p>\n<p>El otro trono<\/p>\n<p>Pilar Vila, nacida en 1990, dos a\u00f1os antes que Rosal\u00eda, es mucho m\u00e1s que la \u201chermana de\u201d. Bajo el alias Daikyri, es artista visual, estilista, guionista de est\u00e9tica y confidente vital de la Motomami. Detr\u00e1s de cada foto, v\u00eddeo o portada ic\u00f3nica suele estar su mirada. Graduada en Humanidades por la Universidad Pompeu Fabra, trabaj\u00f3 como asistente de vestuario, dise\u00f1adora y hasta limpiadora de hotel antes de ser la br\u00fajula est\u00e9tica de su hermana.<\/p>\n<p>Su firma, precismente, aparece en los cr\u00e9ditos de dos canciones de Motomami (Hentai y CUUUUuuuuuute), pero su influencia se nota mucho antes de los cr\u00e9ditos: en la actitud, en los c\u00f3digos, en esa iron\u00eda catalana y feminista que ha convertido a Rosal\u00eda en todo un fen\u00f3meno global. \u00abNos criamos con las mismas revistas, las mismas pelis, los mismos juegos\u00bb, contaba en una entrevista. \u201cPor eso tenemos las mismas referencias: entendemos el mundo igual\u201d.<\/p>\n<p>Esa sinton\u00eda tiene tatuaje propio: un broche de liga grabado en la pierna de ambas, s\u00edmbolo de su cr\u00edtica a la cosificaci\u00f3n de la mujer. Tambi\u00e9n tiene banda sonora: G3 N15, la canci\u00f3n que Rosal\u00eda dedic\u00f3 al hijo de Pili, Gen\u00eds, pidi\u00e9ndole perd\u00f3n por no estar cerca. \u201c\u00bfMe perdonar\u00e1s lo que me he perd\u00edo?\u201d, canta la artista. No hay Grammy que iguale ese gesto.<\/p>\n<p>M\u00e1s all\u00e1 del Bernab\u00e9u<\/p>\n<p>Rosal\u00eda cont\u00f3 en el p\u00f3dcast <a href=\"https:\/\/www.huffingtonpost.es\/life\/influencers-celebrities\/la-pija-quinqui-mi-objetivo-tocarme-huevos-maximo-posible-trabajar-maximo-dinero.html\" title=\"La pija y La quinqui: \" mi=\"\" objetivo=\"\" es=\"\" tocarme=\"\" los=\"\" huevos=\"\" lo=\"\" m=\"\" posible=\"\" trabajar=\"\" menos=\"\" por=\"\" el=\"\" dinero=\"\" rel=\"nofollow noopener\" target=\"_blank\">La pija y la quinqu<\/a>i que, de ni\u00f1as, ambas se apuntaron a un equipo de f\u00fatbol sala. Pili jugaba de defensa; ella, de delantera. \u201cUna met\u00e1fora de nuestras vidas\u201d, confes\u00f3. Lo cierto es que Pilar sigue defendiendo, no una porter\u00eda, sino una est\u00e9tica, una familia y una \u00e9tica. La que da sentido a la Motomami m\u00e1s \u00edntima, la que no se graba en TikTok ni se vende en vinilo.<\/p>\n<p>Ser madre soltera a los 22 la oblig\u00f3 a reinventarse. \u201cDaikyri\u201d, su nombre art\u00edstico, naci\u00f3 como homenaje a la adolescente que no pudo ser. Hoy vive entre Sant Esteve Sesrovires y los viajes con su hermana, cuidando de Gen\u00eds y de los looks que convierten cada aparici\u00f3n de Rosal\u00eda en un peque\u00f1o manifiesto. Cuando la cantante apareci\u00f3 con una mantilla en los Grammy Latinos o mezcl\u00f3 ch\u00e1ndal y cors\u00e9 en Coachella, all\u00ed estaba Pili, detr\u00e1s del foco, rematando la jugada.<\/p>\n<p>En el palco, entre Mbapp\u00e9 y Jude Bellingham, nadie habl\u00f3 de protocolo. Rosal\u00eda y Pili charlaban, re\u00edan, tej\u00edan otra escena dom\u00e9stica entre los flashes del f\u00fatbol y la aristocracia cultural espa\u00f1ola. A un lado, Pen\u00e9lope Cruz; al otro, Diego Ib\u00e1\u00f1ez. Pero en el centro, esa mirada entre hermanas que ni necesita traductores ni requiere discurso.<\/p>\n<p>La Pili, sin quererlo, se ha convertido en una especie de antiinfanta: no da discursos, no posa para el BOE, pero encarna esa misma idea de lealtad, solo que en vaqueros, con un hijo de doce a\u00f1os y una colecci\u00f3n de fotos que valen m\u00e1s que cualquier retrato oficial.<\/p>\n<p>Porque la hermandad, cuando es de verdad, se mide en miradas, no en protocolos. Y en eso, Leonor puede decir misa: La Pili lleva a\u00f1os ejerciendo de c\u00f3mplice, de defensa y de reina sin palacio.<\/p>\n","protected":false},"excerpt":{"rendered":"El viernes, la princesa Leonor pronunci\u00f3 su discurso m\u00e1s relajado hasta la fecha. Bromas, gestos c\u00f3mplices y una&hellip;\n","protected":false},"author":2,"featured_media":203363,"comment_status":"","ping_status":"","sticky":false,"template":"","format":"standard","meta":{"footnotes":""},"categories":[174],"tags":[21495,55774,255,13341,55773,55776,146,147,25,24,256,3553,55771,11646,55775,55777,22111,55772,54647,1027,4147,11647,23],"class_list":{"0":"post-203362","1":"post","2":"type-post","3":"status-publish","4":"format-standard","5":"has-post-thumbnail","7":"category-famosos","8":"tag-bernabeu","9":"tag-carolina-durante","10":"tag-celebrities","11":"tag-cultura-pop","12":"tag-diego-ibanez","13":"tag-discurso-leonor","14":"tag-entertainment","15":"tag-entretenimiento","16":"tag-es","17":"tag-espana","18":"tag-famosos","19":"tag-hermanas","20":"tag-la-pili","21":"tag-leonor","22":"tag-motomami","23":"tag-musica-espanola","24":"tag-penelope-cruz","25":"tag-pilar-vila","26":"tag-princesa-de-asturias","27":"tag-realeza","28":"tag-rosalia","29":"tag-sofia","30":"tag-spain"},"share_on_mastodon":{"url":"https:\/\/pubeurope.com\/@es\/115445508586985101","error":""},"_links":{"self":[{"href":"https:\/\/www.europesays.com\/es\/wp-json\/wp\/v2\/posts\/203362","targetHints":{"allow":["GET"]}}],"collection":[{"href":"https:\/\/www.europesays.com\/es\/wp-json\/wp\/v2\/posts"}],"about":[{"href":"https:\/\/www.europesays.com\/es\/wp-json\/wp\/v2\/types\/post"}],"author":[{"embeddable":true,"href":"https:\/\/www.europesays.com\/es\/wp-json\/wp\/v2\/users\/2"}],"replies":[{"embeddable":true,"href":"https:\/\/www.europesays.com\/es\/wp-json\/wp\/v2\/comments?post=203362"}],"version-history":[{"count":0,"href":"https:\/\/www.europesays.com\/es\/wp-json\/wp\/v2\/posts\/203362\/revisions"}],"wp:featuredmedia":[{"embeddable":true,"href":"https:\/\/www.europesays.com\/es\/wp-json\/wp\/v2\/media\/203363"}],"wp:attachment":[{"href":"https:\/\/www.europesays.com\/es\/wp-json\/wp\/v2\/media?parent=203362"}],"wp:term":[{"taxonomy":"category","embeddable":true,"href":"https:\/\/www.europesays.com\/es\/wp-json\/wp\/v2\/categories?post=203362"},{"taxonomy":"post_tag","embeddable":true,"href":"https:\/\/www.europesays.com\/es\/wp-json\/wp\/v2\/tags?post=203362"}],"curies":[{"name":"wp","href":"https:\/\/api.w.org\/{rel}","templated":true}]}}