{"id":203410,"date":"2025-10-27T10:24:09","date_gmt":"2025-10-27T10:24:09","guid":{"rendered":"https:\/\/www.europesays.com\/es\/203410\/"},"modified":"2025-10-27T10:24:09","modified_gmt":"2025-10-27T10:24:09","slug":"la-aemet-avisa-a-estas-zonas-de-espana-de-la-llegada-de-fuertes-lluvias-y-tormentas-por-un-tren-de-borrascas-atlanticas","status":"publish","type":"post","link":"https:\/\/www.europesays.com\/es\/203410\/","title":{"rendered":"La Aemet avisa a estas zonas de Espa\u00f1a de la llegada de fuertes lluvias y tormentas por un tren de borrascas atl\u00e1nticas"},"content":{"rendered":"<p style=\"\">Las <strong>lluvias <\/strong>no dan tregua a Espa\u00f1a. Despu\u00e9s de un fin de semana marcado por los efectos de la borrasca Benjam\u00edn, que ha dejado <a href=\"https:\/\/www.abc.es\/sociedad\/aemet-avisa-efectos-borrasca-benjamin-espana-lluvias-20251024090149-nt.html\" title=\"www.abc.es\" data-voc-vtm-id=\"in-text-traffic\" data-mrf-link=\"www.abc.es\" rel=\"nofollow noopener\" target=\"_blank\">precipitaciones, especialmente fuertes en el norte peninsular<\/a>, la<strong> Agencia Estatal de Meteorolog\u00eda (Aemet) <\/strong>avisa de la llegada de nuevos  &#8230; frentes que volver\u00e1n a traer agua a nuestro pa\u00eds.<\/p>\n<p class=\"voc-p\" style=\"\">En concreto, la Aemet hace referencia en su pron\u00f3stico semanal a la llegada de un tren de <strong>\u00abfrentes asociados a borrascas atl\u00e1nticas\u00bb <\/strong>que dejar\u00e1n lluvias a partir de este martes, dando lugar a una semana con m\u00e1s precipitaciones de lo normal en buena parte del territorio, especialmente en el oeste peninsular.<\/p>\n<p class=\"voc-p\" style=\"\">Las <strong>temperaturas <\/strong>se mantendr\u00e1n <strong>suaves <\/strong>en general. La semana comenzar\u00e1 con \u00abambiente fr\u00edo para la \u00e9poca en el norte\u00bb, incluso con algunas <strong>heladas <\/strong>el lunes en puntos del interior. Sin embargo, el ascenso de los term\u00f3metros dejar\u00e1 una semana \u00abm\u00e1s c\u00e1lida de lo normal en la mayor parte de la Pen\u00ednsula y Baleares\u00bb. <\/p>\n<p>\nLluvias y tormentas en estas zonas de Espa\u00f1a\n<\/p>\n<p class=\"voc-p\" style=\"\">La inestabilidad marcar\u00e1 el inicio de la semana en el tercio sur peninsular, donde la Aemet prev\u00e9 \u00abprobables chubascos localmente fuertes\u00bb e incluso \u00abalguna <strong>tormenta <\/strong>en el suroeste\u00bb. En este sentido, dos comunidades aut\u00f3nomas est\u00e1n este lunes en <strong>aviso amarillo<\/strong> por fuertes lluvias y tormentas: <strong>Andaluc\u00eda y Murcia<\/strong>. En el norte, en cambio, aumentar\u00e1 la estabilidad.<\/p>\n<p class=\"voc-p\" style=\"\">Por otra parte, <strong>Catalu\u00f1a <\/strong>estar\u00e1 en alerta amarilla por <strong>vientos muy fuertes <\/strong>en el bajo Ebro y en el mar Balear, que ser\u00e1n fuertes el martes en cumbres de las islas occidentales en Canarias.<\/p>\n<blockquote class=\"twitter-tweet\" data-dnt=\"true\" align=\"center\">\n<p lang=\"es\" dir=\"ltr\">\u2614\ufe0f La llegada de frentes asociados a borrascas atl\u00e1nticas dar\u00e1 lugar a lluvias a partir del martes 28, que ser\u00e1n abundantes en el oeste peninsular.<\/p>\n<p>\ud83c\udf21\ufe0fSer\u00e1 una situaci\u00f3n de vientos \u00e1bregos, humedos y templados, por lo que las temperaturas ser\u00e1n suaves en general. <a href=\"https:\/\/t.co\/PrwqnkVBFh\" rel=\"nofollow\">pic.twitter.com\/PrwqnkVBFh<\/a><\/p>\n<p>\u2014 AEMET (@AEMET_Esp) <a href=\"https:\/\/twitter.com\/AEMET_Esp\/status\/1982464200300491180?ref_src=twsrc%5Etfw\" rel=\"nofollow noopener\" target=\"_blank\">October 26, 2025<\/a><\/p><\/blockquote>\n<p class=\"voc-p\" style=\"\">Para el martes, la Aemet avisa de que la proximidad de una <strong>baja presi\u00f3n <\/strong>en el suroeste peninsular aumentar\u00e1 la nubosidad en la Pen\u00ednsula de suroeste a noreste. En este sentido, se esperan <strong>precipitaciones <\/strong>en el oeste a partir del final de la ma\u00f1ana, que se ir\u00e1n extendiendo al centro-este. <\/p>\n<p class=\"voc-p\" style=\"\">A \u00faltima hora del d\u00eda, informa el organismo, habr\u00e1 lluvias en el oeste de <strong>Extremadura <\/strong>y de <strong>Andaluc\u00eda<\/strong>, con \u00abprobables chubascos localmente fuertes\u00bb, que podr\u00edan estar acompa\u00f1ados de <strong>tormentas<\/strong>.<\/p>\n<p class=\"voc-p\" style=\"\">Una nueva borrasca, alimentada por un intenso flujo h\u00famedo de origen subtropical, afectar\u00e1 a gran parte de la Pen\u00ednsula y Baleares a partir del <strong>mi\u00e9rcoles<\/strong>. Las lluvias podr\u00e1n ser localmente fuertes y con tormenta en entornos de monta\u00f1a y zonas pr\u00f3ximas del interior de la vertiente sur atl\u00e1ntica, suroeste de Andaluc\u00eda, litoral norte de Albor\u00e1n y nordeste peninsular.<\/p>\n<p>\nAumentan las temperaturas\n<\/p>\n<p class=\"voc-p\" style=\"\">Este lunes, descender\u00e1n las temperaturas m\u00e1ximas en la costa sur de Andaluc\u00eda e interiores del nordeste peninsular y <strong>aumentar\u00e1n en el resto de la Pen\u00ednsula<\/strong>, especialmente en monta\u00f1as del tercio norte peninsular. Podr\u00eda haber <strong>heladas <\/strong>d\u00e9biles en los Pirineos y en zonas altas de la mitad norte.<\/p>\n<p class=\"voc-p\" style=\"\">Los term\u00f3metros continuar\u00e1n ascendiendo el martes, sobre todo en <strong>zonas altas de la meseta Norte, zonas del Cant\u00e1brico oriental y norte de Navarra<\/strong>. Podr\u00edan darse m\u00e1ximas de 27 grados en C\u00f3rdoba y Sevilla. En cuanto al mi\u00e9rcoles, bajar\u00e1n en la vertiente atl\u00e1ntica, Sistema Ib\u00e9rico, Pirineos, interior de Catalu\u00f1a y sur de Andaluc\u00eda y seguir\u00e1n subiendo en el resto del pa\u00eds.<\/p>\n<p class=\"voc-p\" style=\"\">Respecto a las temperaturas <strong>m\u00ednimas<\/strong>, tendr\u00e1n un ascenso generalizado en la Pen\u00ednsula y Baleares, m\u00e1s suave en el extremo suroeste peninsular, incluso con ligeros descensos. <\/p>\n<p><script async src=\"https:\/\/platform.twitter.com\/widgets.js\" charset=\"utf-8\"><\/script><\/p>\n","protected":false},"excerpt":{"rendered":"Las lluvias no dan tregua a Espa\u00f1a. Despu\u00e9s de un fin de semana marcado por los efectos de&hellip;\n","protected":false},"author":2,"featured_media":203411,"comment_status":"","ping_status":"","sticky":false,"template":"","format":"standard","meta":{"footnotes":""},"categories":[8],"tags":[2980,7994,17,18,25,24,13,14,11,19,20,9,10,15,16,23,12,21,22],"class_list":{"0":"post-203410","1":"post","2":"type-post","3":"status-publish","4":"format-standard","5":"has-post-thumbnail","7":"category-espana","8":"tag-aemet","9":"tag-avisa","10":"tag-breaking-news","11":"tag-breakingnews","12":"tag-es","13":"tag-espana","14":"tag-featured-news","15":"tag-featurednews","16":"tag-headlines","17":"tag-latest-news","18":"tag-latestnews","19":"tag-news","20":"tag-noticias","21":"tag-noticias-destacadas","22":"tag-noticiasdestacadas","23":"tag-spain","24":"tag-titulares","25":"tag-ultimas-noticias","26":"tag-ultimasnoticias"},"share_on_mastodon":{"url":"","error":""},"_links":{"self":[{"href":"https:\/\/www.europesays.com\/es\/wp-json\/wp\/v2\/posts\/203410","targetHints":{"allow":["GET"]}}],"collection":[{"href":"https:\/\/www.europesays.com\/es\/wp-json\/wp\/v2\/posts"}],"about":[{"href":"https:\/\/www.europesays.com\/es\/wp-json\/wp\/v2\/types\/post"}],"author":[{"embeddable":true,"href":"https:\/\/www.europesays.com\/es\/wp-json\/wp\/v2\/users\/2"}],"replies":[{"embeddable":true,"href":"https:\/\/www.europesays.com\/es\/wp-json\/wp\/v2\/comments?post=203410"}],"version-history":[{"count":0,"href":"https:\/\/www.europesays.com\/es\/wp-json\/wp\/v2\/posts\/203410\/revisions"}],"wp:featuredmedia":[{"embeddable":true,"href":"https:\/\/www.europesays.com\/es\/wp-json\/wp\/v2\/media\/203411"}],"wp:attachment":[{"href":"https:\/\/www.europesays.com\/es\/wp-json\/wp\/v2\/media?parent=203410"}],"wp:term":[{"taxonomy":"category","embeddable":true,"href":"https:\/\/www.europesays.com\/es\/wp-json\/wp\/v2\/categories?post=203410"},{"taxonomy":"post_tag","embeddable":true,"href":"https:\/\/www.europesays.com\/es\/wp-json\/wp\/v2\/tags?post=203410"}],"curies":[{"name":"wp","href":"https:\/\/api.w.org\/{rel}","templated":true}]}}