{"id":203415,"date":"2025-10-27T10:32:10","date_gmt":"2025-10-27T10:32:10","guid":{"rendered":"https:\/\/www.europesays.com\/es\/203415\/"},"modified":"2025-10-27T10:32:10","modified_gmt":"2025-10-27T10:32:10","slug":"fechas-confirmadas-para-la-itzulia-la-itzulia-women-y-la-clasica-san-sebastian-de-2026","status":"publish","type":"post","link":"https:\/\/www.europesays.com\/es\/203415\/","title":{"rendered":"Fechas confirmadas para La Itzulia, la Itzulia Women y la Cl\u00e1sica San Sebasti\u00e1n de 2026"},"content":{"rendered":"<p><img fetchpriority=\"high\" class=\"v-a-img\" src=\"https:\/\/www.europesays.com\/es\/wp-content\/uploads\/2025\/10\/clasicass-kEYF-U2409827139HKB-1200x840@Diario Vasco.PNG\" loading=\"eager\" decoding=\"async\" alt=\"Ciccone celebra la victoria de la pasada edici\u00f3n de la Cl\u00e1sica San Sebasti\u00e1n\"  width=\"1200\" height=\"840\"\/><\/p>\n<p>Ciccone celebra la victoria de la pasada edici\u00f3n de la Cl\u00e1sica San Sebasti\u00e1n          Arizmendi        <\/p>\n<p>La organizaci\u00f3n ha anunciado cuando se celebrar\u00e1n las tres grandes pruebas ciclistas de la pr\u00f3xima temporada<\/p>\n<p class=\"v-mdl-ath__p v-mdl-ath__p--6\">\nLunes, 27 de octubre 2025, 11:00<\/p>\n<p>| Actualizado 11:30h.<\/p>\n<p class=\"v-p\">Ya hay fechas para las tres grandes citas del ciclismo vasco de la pr\u00f3xima temporada. As\u00ed lo ha hecho saber la organizaci\u00f3n de la Itzulia mediante un comunicado donde ha anunciado cu\u00e1ndo se disputar\u00e1n la Itzulia, la Itzulia femenina y la Cl\u00e1sica San Sebasti\u00e1n.<\/p>\n<p class=\"v-p\">El pistoletazo de salida lo dar\u00e1 la Itzulia, una de las carreras m\u00e1s prestigiosas del calendario, que se disputar\u00e1 del 6 al 11 de abril y que reunir\u00e1 a los mejores equipos del pelot\u00f3n internacional. Adem\u00e1s un d\u00eda m\u00e1s tarde de que concluya la prueba, el d\u00eda 12, aquellos aficionados que lo deseen tendr\u00e1n la oportunidad de vivir la experiencia desde dentro, permiti\u00e9ndoles recorrer parte de los tramos y puertos que habr\u00e1n marcado los profesionales.<\/p>\n<p class=\"v-p\">La emoci\u00f3n continuar\u00e1 con la categor\u00eda femenina, que tendr\u00e1 lugar un mes m\u00e1s tarde, del 15 al 17 de mayo. Consolidada ya como una referencia del calendario, esta prueba volver\u00e1 a ofrecer tres intensas jornadas de ciclismo al m\u00e1s alto nivel por las carreteras vascas.<\/p>\n<p class=\"v-p\">Por \u00faltimo, el broche de oro lo pondr\u00e1 la Cl\u00e1sica San Sebasti\u00e1n, que se celebrar\u00e1 el 1 de agosto. La tradicional cita veraniega volver\u00e1 a la capital guipuzcoana, manteniendo su posici\u00f3n como una de las pruebas m\u00e1s emblem\u00e1ticas del ciclismo internacional y donde volver\u00e1 a llenar las calles de Donostia de buen ambiente.<\/p>\n<p class=\"v-p\">\nLos periodistas de El Diario Vasco est\u00e1n trabajando para ampliar y completar esta informaci\u00f3n. Puedes seguir la \u00faltima hora a trav\u00e9s de la portada de la<br \/>\n<a href=\"https:\/\/www.diariovasco.com\/\" rel=\"nofollow noopener\" target=\"_blank\"><br \/>\nweb<br \/>\n<\/a><br \/>\n, la secci\u00f3n de<br \/>\n<a href=\"https:\/\/www.diariovasco.com\/ultima-hora\/\" rel=\"nofollow noopener\" target=\"_blank\"><br \/>\n\u00faltima hora<br \/>\n<\/a><br \/>\no activar las<br \/>\n<a href=\"https:\/\/areapersonal.diariovasco.com\/landing-tutorial-activacion.html\" rel=\"nofollow noopener\" target=\"_blank\"><br \/>\nnotificaciones<br \/>\n<\/a><br \/>\npara tu dispositivo m\u00f3vil.\n<\/p>\n<p class=\"v-p\">\nRecuerda que puedes<br \/>\n<a href=\"https:\/\/areapersonal.diariovasco.com\/suscripcion\/\" rel=\"nofollow noopener\" target=\"_blank\"><br \/>\nsuscribirte<br \/>\n<\/a><br \/>\npara tener acceso a todas las informaciones completas, herramientas personalizadas y ofertas del club del suscriptor.\n<\/p>\n<p>Reporta un error<\/p>\n","protected":false},"excerpt":{"rendered":"Ciccone celebra la victoria de la pasada edici\u00f3n de la Cl\u00e1sica San Sebasti\u00e1n Arizmendi La organizaci\u00f3n ha anunciado&hellip;\n","protected":false},"author":2,"featured_media":203416,"comment_status":"","ping_status":"","sticky":false,"template":"","format":"standard","meta":{"footnotes":""},"categories":[273],"tags":[55782,313,2683,20193,312,168,25,24,4400,52749,2228,11678,23,167,16064],"class_list":{"0":"post-203415","1":"post","2":"type-post","3":"status-publish","4":"format-standard","5":"has-post-thumbnail","7":"category-ciclismo","8":"tag-basque","9":"tag-ciclismo","10":"tag-clasica","11":"tag-country","12":"tag-cycling","13":"tag-deportes","14":"tag-es","15":"tag-espana","16":"tag-fechas","17":"tag-itzulia","18":"tag-san","19":"tag-sebastian","20":"tag-spain","21":"tag-sports","22":"tag-women"},"share_on_mastodon":{"url":"https:\/\/pubeurope.com\/@es\/115445677742555506","error":""},"_links":{"self":[{"href":"https:\/\/www.europesays.com\/es\/wp-json\/wp\/v2\/posts\/203415","targetHints":{"allow":["GET"]}}],"collection":[{"href":"https:\/\/www.europesays.com\/es\/wp-json\/wp\/v2\/posts"}],"about":[{"href":"https:\/\/www.europesays.com\/es\/wp-json\/wp\/v2\/types\/post"}],"author":[{"embeddable":true,"href":"https:\/\/www.europesays.com\/es\/wp-json\/wp\/v2\/users\/2"}],"replies":[{"embeddable":true,"href":"https:\/\/www.europesays.com\/es\/wp-json\/wp\/v2\/comments?post=203415"}],"version-history":[{"count":0,"href":"https:\/\/www.europesays.com\/es\/wp-json\/wp\/v2\/posts\/203415\/revisions"}],"wp:featuredmedia":[{"embeddable":true,"href":"https:\/\/www.europesays.com\/es\/wp-json\/wp\/v2\/media\/203416"}],"wp:attachment":[{"href":"https:\/\/www.europesays.com\/es\/wp-json\/wp\/v2\/media?parent=203415"}],"wp:term":[{"taxonomy":"category","embeddable":true,"href":"https:\/\/www.europesays.com\/es\/wp-json\/wp\/v2\/categories?post=203415"},{"taxonomy":"post_tag","embeddable":true,"href":"https:\/\/www.europesays.com\/es\/wp-json\/wp\/v2\/tags?post=203415"}],"curies":[{"name":"wp","href":"https:\/\/api.w.org\/{rel}","templated":true}]}}