{"id":203433,"date":"2025-10-27T10:44:10","date_gmt":"2025-10-27T10:44:10","guid":{"rendered":"https:\/\/www.europesays.com\/es\/203433\/"},"modified":"2025-10-27T10:44:10","modified_gmt":"2025-10-27T10:44:10","slug":"unos-sacerdotes-van-al-cine-a-ver-los-domingos-la-nueva-peliclula-de-alauda-ruiz-de-azua-y-son-tajantes-si-teneis-oportunidad","status":"publish","type":"post","link":"https:\/\/www.europesays.com\/es\/203433\/","title":{"rendered":"Unos sacerdotes van al cine a ver &#8216;Los domingos&#8217;, la nueva pel\u00edclula de Alauda Ruiz de Az\u00faa, y son tajantes: \u00abSi ten\u00e9is oportunidad&#8230;\u00bb"},"content":{"rendered":"<p style=\"\">Este fin de semana se ha estrenado <strong>&#8216;Los domingos&#8217;<\/strong>, la pel\u00edcula de Alauda Ruiz de Az\u00faa, una pel\u00edcula <a href=\"https:\/\/www.abc.es\/play\/cine\/noticias\/concha-oro-domingos-arrebato-gran-cine-20250927223553-nt.html\" title=\"www.abc.es\" data-voc-vtm-id=\"in-text-traffic\" data-mrf-link=\"www.abc.es\" rel=\"nofollow noopener\" target=\"_blank\">ganadora de la Concha de Oro<\/a> en el Festival de San Sebasti\u00e1n.<\/p>\n<p style=\"\">La directora de pel\u00edculas como &#8216;Cinco Lobitos&#8217; ha vuelto a <strong>emocionar<\/strong>  &#8230; al gran p\u00fablico con un largometraje que pone al espectador frente a sus propias creencias con algo tan \u00edntimo, pero al mismo tiempo tan comentado, como la fe.<\/p>\n<p class=\"voc-p\" style=\"\">&#8216;Los domingos&#8217; relata la historia de una <a href=\"https:\/\/www.abc.es\/sociedad\/ultima-rebeldia-anos-quiero-monja-clausura-20251026213316-nt.html\" title=\"www.abc.es\" data-voc-vtm-id=\"in-text-traffic\" data-mrf-link=\"www.abc.es\" rel=\"nofollow noopener\" target=\"_blank\">joven de 17 a\u00f1os<\/a>, interpretada por Blanca Soroa, que <strong>desea entrar en un monasterio de clausura<\/strong>, lo que desata un conflicto familiar. La t\u00eda de esta joven (Patricia L\u00f3pez de Arnaiz) trata de desactivar la vocaci\u00f3n de su sobrina a la vez que mantiene sus propios conflictos como su relaci\u00f3n de pareja o la herencia familiar que se disputa con su hermano y padre de la aspirante a monja.<\/p>\n<p class=\"voc-p\" style=\"\">En la historia, la muerte de la madre y los fallidos proyectos empresariales del padre tambi\u00e9n constituyen el marco de una familia tradicional de clase media sorprendida por la noticia.<\/p>\n<p>\nUnos sacerdotes van a ver &#8216;Los Domingos&#8217; y dicen qu\u00e9 les ha parecido\n<\/p>\n<p class=\"voc-p\" style=\"\">La pel\u00edcula, por el propio tema en torno al que gira, ha suscitado inter\u00e9s en ateos y creyentes y tambi\u00e9n un debate o una reflexi\u00f3n sobre la vocaci\u00f3n, especialmente cuando esta llega a una edad tan temprana.<\/p>\n<p class=\"voc-p\" style=\"\">Entre quienes han visto la pel\u00edcula tambi\u00e9n se encuentran sacerdotes y algunos de ellos han opinado a trav\u00e9s de sus redes sociales sobre qu\u00e9 les ha parecido. Uno de ellos es <strong>Antonio Francisco Boh\u00f3rquez<\/strong>, quien a trav\u00e9s de su cuenta en &#8216;X&#8217; ha animado a sus seguidores a ir al cine: <strong>\u00abSi ten\u00e9is la oportunidad no dej\u00e9is de ir a ver la pel\u00edcula &#8216;Los domingos&#8217;<\/strong>\u00bb.<\/p>\n<p class=\"voc-p\" style=\"\">Otro caso es el de Pablo d&#8217;Ors, escritor y sacerdote. En la misma red social ha recomendado \u00abvivamente\u00bb ver la proyecci\u00f3n de Alauda Ruiz de Az\u00faa. <strong>\u00abEs la historia de una llamada a la vida contemplativa y de las diferentes actitudes que algo as\u00ed suscita\u00bb<\/strong>, resume.<\/p>\n<p class=\"voc-p\" style=\"\">D&#8217;Ors, adem\u00e1s, fue invitado al preestreno. Este religioso describe el ambiente de la sala como un lugar en el que <strong>\u00abse mascaba una intensidad emocional muy poco habitual\u00bb<\/strong> y explica que todos los asistentes salieron \u00abconmocionados\u00bb. \u00abLa gran pantalla ga contado, por fin, lo que pasa en un coraz\u00f3n humano cuando es tocado por Dios\u00bb, cuenta.<\/p>\n<blockquote class=\"twitter-tweet\">\n<p lang=\"es\" dir=\"ltr\">Os recomiendo vivamente la pel\u00edcula \u00abLos Domingos\u00bb, de Alauda Ruiz de Az\u00faa. Es la historia de una llamada a la vida contemplativa y de las diferentes actitudes que algo as\u00ed suscita. <a href=\"https:\/\/t.co\/qtmyqvDBxD\" rel=\"nofollow\">pic.twitter.com\/qtmyqvDBxD<\/a><\/p>\n<p>\u2014 Pablo d&#8217;Ors (@pablo_dors) <a href=\"https:\/\/twitter.com\/pablo_dors\/status\/1979155886309347769?ref_src=twsrc%5Etfw\" rel=\"nofollow noopener\" target=\"_blank\">October 17, 2025<\/a><\/p><\/blockquote>\n<p class=\"voc-p\" style=\"\">La pel\u00edcula ha depertado el aplauso mayoritario del p\u00fablico que ya ha acudido a verla independientemente de su relaci\u00f3n con la fe. La directora misma se ha descrito como no cretente y de educaci\u00f3n laica, pero conocer una historia similar le hizo tratar de plasmarlo en la gran pantalla.<\/p>\n<p><script async src=\"https:\/\/platform.twitter.com\/widgets.js\" charset=\"utf-8\"><\/script><\/p>\n","protected":false},"excerpt":{"rendered":"Este fin de semana se ha estrenado &#8216;Los domingos&#8217;, la pel\u00edcula de Alauda Ruiz de Az\u00faa, una pel\u00edcula&hellip;\n","protected":false},"author":2,"featured_media":203434,"comment_status":"","ping_status":"","sticky":false,"template":"","format":"standard","meta":{"footnotes":""},"categories":[91],"tags":[42302,42303,177,10555,146,147,25,24,795,2082,55783,5106,16303,23,55784,6174,809],"class_list":{"0":"post-203433","1":"post","2":"type-post","3":"status-publish","4":"format-standard","5":"has-post-thumbnail","7":"category-entretenimiento","8":"tag-alauda","9":"tag-azua","10":"tag-cine","11":"tag-domingos","12":"tag-entertainment","13":"tag-entretenimiento","14":"tag-es","15":"tag-espana","16":"tag-nueva","17":"tag-oportunidad","18":"tag-peliclula","19":"tag-ruiz","20":"tag-sacerdotes","21":"tag-spain","22":"tag-tajantes","23":"tag-van","24":"tag-ver"},"share_on_mastodon":{"url":"https:\/\/pubeurope.com\/@es\/115445725676579824","error":""},"_links":{"self":[{"href":"https:\/\/www.europesays.com\/es\/wp-json\/wp\/v2\/posts\/203433","targetHints":{"allow":["GET"]}}],"collection":[{"href":"https:\/\/www.europesays.com\/es\/wp-json\/wp\/v2\/posts"}],"about":[{"href":"https:\/\/www.europesays.com\/es\/wp-json\/wp\/v2\/types\/post"}],"author":[{"embeddable":true,"href":"https:\/\/www.europesays.com\/es\/wp-json\/wp\/v2\/users\/2"}],"replies":[{"embeddable":true,"href":"https:\/\/www.europesays.com\/es\/wp-json\/wp\/v2\/comments?post=203433"}],"version-history":[{"count":0,"href":"https:\/\/www.europesays.com\/es\/wp-json\/wp\/v2\/posts\/203433\/revisions"}],"wp:featuredmedia":[{"embeddable":true,"href":"https:\/\/www.europesays.com\/es\/wp-json\/wp\/v2\/media\/203434"}],"wp:attachment":[{"href":"https:\/\/www.europesays.com\/es\/wp-json\/wp\/v2\/media?parent=203433"}],"wp:term":[{"taxonomy":"category","embeddable":true,"href":"https:\/\/www.europesays.com\/es\/wp-json\/wp\/v2\/categories?post=203433"},{"taxonomy":"post_tag","embeddable":true,"href":"https:\/\/www.europesays.com\/es\/wp-json\/wp\/v2\/tags?post=203433"}],"curies":[{"name":"wp","href":"https:\/\/api.w.org\/{rel}","templated":true}]}}