{"id":203445,"date":"2025-10-27T10:59:16","date_gmt":"2025-10-27T10:59:16","guid":{"rendered":"https:\/\/www.europesays.com\/es\/203445\/"},"modified":"2025-10-27T10:59:16","modified_gmt":"2025-10-27T10:59:16","slug":"gravel-o-ciclocross-matt-beers-y-axelle-dubau-prevot-ganan-la-1a-y-embarrada-etapa-de-la-nedbank-gravel-burn","status":"publish","type":"post","link":"https:\/\/www.europesays.com\/es\/203445\/","title":{"rendered":"\u00bfGravel o ciclocross? Matt Beers y Axelle Dubau-Prevot ganan la 1a y embarrada etapa de la Nedbank Gravel Burn"},"content":{"rendered":"<p>Matt Beers y Axelle Dubau-Prevot se llevaron la victoria en la primera etapa del Nedbank Gravel Burn 2025, marcada por la lluvia, el barro y un final t\u00e9cnico en Avontuur.<\/p>\n<blockquote class=\"quote-card lateral\">\n<p>Beers y Dubau-Prevot son los primeros l\u00edderes del nuevo Nedbank Gravel Burn.<\/p>\n<\/blockquote>\n<p>El sudafricano Matt Beers (Specialized Off-Road \u2013 Toyota) y la francesa Axelle Dubau-Prevot (Num\u00e9ro 31 par Caf\u00e9 du Cycliste \/ Pinarello) se impusieron en la primera etapa del Nedbank Gravel Burn 2025, una jornada de 84 km entre Knysna y Avontuur marcada por el fr\u00edo, la lluvia y un terreno extremadamente pesado.<\/p>\n<p>\t Contin\u00faa tras los patrocinadores<\/p>\n<blockquote class=\"quote-card lateral\">\n<p>Beers corre en casa<\/p>\n<\/blockquote>\n<p>Beers, que compite pr\u00e1cticamente en casa al haber crecido en la regi\u00f3n de Garden Route, ofreci\u00f3 una demostraci\u00f3n de fuerza desde el inicio. En compa\u00f1\u00eda de los tambi\u00e9n sudafricanos Tristan Nortje, Marco Joubert y Travis Steadman, se mantuvo siempre en cabeza hasta lanzar su ataque definitivo en el ascenso final al hist\u00f3rico Prince Alfred\u2019s Pass.<\/p>\n<p><a href=\"https:\/\/esmtb.com\/wp-content\/uploads\/2025\/10\/grav3.jpg\" rel=\"nofollow noopener\" target=\"_blank\"><img fetchpriority=\"high\" decoding=\"async\" class=\"size-large wp-image-157098 \" src=\"https:\/\/www.europesays.com\/es\/wp-content\/uploads\/2025\/10\/grav3-1024x683.jpg\" alt=\"\" width=\"1024\" height=\"683\"  \/><\/a><\/p>\n<p class=\"wp-caption-text\">Gravel Burn<\/p>\n<p>El suizo Andri Frischknecht (Scott-SRAM) y el franc\u00e9s Hugo Drechou (Num\u00e9ro31.cc \/ Pinarello) intentaron resistir su ritmo, pero Beers coron\u00f3 primero y aprovech\u00f3 el descenso t\u00e9cnico hacia Avontuur para cruzar la meta con un segundo de ventaja.<\/p>\n<blockquote class=\"quote-card lateral\">\n<p>\u00abSent\u00eda que era mi deber darlo todo para ser el primero en vestir el maillot de l\u00edder\u00bb<\/p>\n<\/blockquote>\n<p>\u201cEs muy especial ganar la primera etapa de un evento nuevo. Sent\u00eda que era mi deber darlo todo para ser el primero en vestir el maillot de l\u00edder Assos Ember\u201d, explic\u00f3 Beers. \u201cLas condiciones eran duras, fr\u00edas y muy mojadas, pero estudi\u00e9 el recorrido durante la semana y sab\u00eda d\u00f3nde atacar o controlar. Solo quer\u00eda llegar delante al final, y lo consegu\u00ed.\u201d<\/p>\n<p><a href=\"https:\/\/esmtb.com\/wp-content\/uploads\/2025\/10\/grav3.jpg\" rel=\"nofollow noopener\" target=\"_blank\"><img fetchpriority=\"high\" decoding=\"async\" class=\"size-large wp-image-157098 \" src=\"https:\/\/www.europesays.com\/es\/wp-content\/uploads\/2025\/10\/grav3-1024x683.jpg\" alt=\"\" width=\"1024\" height=\"683\"  \/><\/a><\/p>\n<p class=\"wp-caption-text\">Gravel Burn<\/p>\n<p>Dominio local de Matt Beers bajo la lluvia<\/p>\n<blockquote class=\"quote-card lateral\">\n<p>El barro y la lluvia fueron protagonistas en el estreno de la carrera.<\/p>\n<\/blockquote>\n<p>La jornada estuvo marcada por un inicio bajo lluvia intensa y un terreno descrito como \u201clento y pegajoso\u201d. Tras el ascenso inicial a Simola Hill, un grupo de veinte corredores tom\u00f3 la cabeza de carrera, entre ellos Beers, Drechou, Frischknecht, Pellaud, Lukas Baum (Orbea x Leatt Speed Company) y Luis Neff (Rose Racing Circle). En el tramo final, la potencia del doble campe\u00f3n nacional sudafricano de gravel fue decisiva.<\/p>\n<p><a href=\"https:\/\/esmtb.com\/wp-content\/uploads\/2025\/10\/grav5.jpg\" rel=\"nofollow noopener\" target=\"_blank\"><img loading=\"lazy\" decoding=\"async\" class=\"size-large wp-image-157096 \" src=\"https:\/\/www.europesays.com\/es\/wp-content\/uploads\/2025\/10\/grav5-1024x683.jpg\" alt=\"\" width=\"1024\" height=\"683\"  \/><\/a><\/p>\n<p class=\"wp-caption-text\">Beers con Drechou a rueda<\/p>\n<p>Clasificaci\u00f3n etapa 1 \u2013 categor\u00eda masculina<\/p>\n<tr>\nPos.<br \/>\nNombre<br \/>\nTiempo<br \/>\n<\/tr>\n<tr>\n<td>1<\/td>\n<td>Matthew Beers<\/td>\n<td>2:54:19<\/td>\n<\/tr>\n<tr>\n<td>2<\/td>\n<td>Andri Frischknecht<\/td>\n<td>+0:01<\/td>\n<\/tr>\n<tr>\n<td>3<\/td>\n<td>Hugo Drechou<\/td>\n<td>+0:01<\/td>\n<\/tr>\n<tr>\n<td>4<\/td>\n<td>Tristan Nortje<\/td>\n<td>+0:48<\/td>\n<\/tr>\n<tr>\n<td>5<\/td>\n<td>Simon Pellaud<\/td>\n<td>+0:49<\/td>\n<\/tr>\n<tr>\n<td>6<\/td>\n<td>Griffin Easter<\/td>\n<td>+0:58<\/td>\n<\/tr>\n<tr>\n<td>7<\/td>\n<td>Andreas Seewald<\/td>\n<td>+0:59<\/td>\n<\/tr>\n<tr>\n<td>8<\/td>\n<td>Mattia De Marchi<\/td>\n<td>+1:00<\/td>\n<\/tr>\n<tr>\n<td>9<\/td>\n<td>Travis Stedman<\/td>\n<td>+1:10<\/td>\n<\/tr>\n<tr>\n<td>10<\/td>\n<td>Lodewyk Wilhelm Goosen<\/td>\n<td>+1:16<\/td>\n<\/tr>\n<p><a href=\"https:\/\/esmtb.com\/wp-content\/uploads\/2025\/10\/rav2.jpg\" rel=\"nofollow noopener\" target=\"_blank\"><img loading=\"lazy\" decoding=\"async\" class=\"size-large wp-image-157099 \" src=\"https:\/\/www.europesays.com\/es\/wp-content\/uploads\/2025\/10\/rav2-1024x683.jpg\" alt=\"\" width=\"1024\" height=\"683\"  \/><\/a><\/p>\n<p class=\"wp-caption-text\">Gravel Burn<\/p>\n<p>Axelle Dubau-Prevot vence en el sprint ante Ashleigh Moolman-Pasio<\/p>\n<blockquote class=\"quote-card lateral\">\n<p>Dubau-Prevot super\u00f3 a Moolman-Pasio en los metros finales del t\u00e9cnico descenso a Avontuur.<\/p>\n<\/blockquote>\n<p>En la categor\u00eda femenina, la francesa Axelle Dubau-Prevot se llev\u00f3 la victoria en un emocionante final frente a la sudafricana Ashleigh Moolman-Pasio (AG Insurance Soul), tras un intenso duelo bajo condiciones igualmente adversas.<\/p>\n<p>\u201cFue una cuesti\u00f3n de observar y esperar. Ashleigh es muy fuerte en las subidas y tuve que elegir bien el momento del ataque. Logr\u00e9 adelantarla justo al final\u201d, relat\u00f3 Dubau-Prevot. \u201cLe dije que no quer\u00eda llegar al sprint por respeto, pero me respondi\u00f3: \u2018no seas tonta, hay que correr\u2019.\u201d<\/p>\n<p><a href=\"https:\/\/esmtb.com\/wp-content\/uploads\/2025\/10\/grav1.jpg\" rel=\"nofollow noopener\" target=\"_blank\"><img loading=\"lazy\" decoding=\"async\" class=\"size-large wp-image-157100 \" src=\"https:\/\/www.europesays.com\/es\/wp-content\/uploads\/2025\/10\/grav1-1024x683.jpg\" alt=\"\" width=\"1024\" height=\"683\"  \/><\/a><\/p>\n<p class=\"wp-caption-text\">Escapadas<\/p>\n<blockquote class=\"quote-card lateral\">\n<p>\u00abEl paisaje del paso era precioso, y aunque el clima recordaba a Europa\u00bb<\/p>\n<\/blockquote>\n<p>Moolman-Pasio lider\u00f3 en el ascenso final, pero Dubau-Prevot aprovech\u00f3 el tramo t\u00e9cnico hacia meta para imponerse por un segundo. La campeona nacional sudafricana de gravel, Hayley Preen (ChemChamp Honeycomb 226ers), complet\u00f3 el podio tras recuperar terreno en el \u00faltimo descenso y superar a la estadounidense Melisa Rollins (Liv Racing Collective).<\/p>\n<p>\u201cEstoy muy contenta con el resultado despu\u00e9s de una jornada tan dura. El tiempo y las pistas estaban realmente brutales, pero es parte del encanto de este tipo de carreras\u201d, coment\u00f3 Preen.<\/p>\n<p>\u201cFue incre\u00edble volver a competir en Sud\u00e1frica. El paisaje del paso era precioso, y aunque el clima recordaba a Europa, disfrut\u00e9 mucho del d\u00eda\u201d, a\u00f1adi\u00f3 Moolman-Pasio.<\/p>\n<p><a href=\"https:\/\/esmtb.com\/wp-content\/uploads\/2025\/10\/asd3241.jpg\" rel=\"nofollow noopener\" target=\"_blank\"><img loading=\"lazy\" decoding=\"async\" class=\"size-large wp-image-157101 \" src=\"https:\/\/www.europesays.com\/es\/wp-content\/uploads\/2025\/10\/asd3241-1024x683.jpg\" alt=\"\" width=\"1024\" height=\"683\"  \/><\/a><\/p>\n<p class=\"wp-caption-text\">Gravel Burn<\/p>\n<p>Clasificaci\u00f3n etapa 1 \u2013 categor\u00eda femenina<\/p>\n<tr>\nPos.<br \/>\nNombre<br \/>\nTiempo<br \/>\n<\/tr>\n<tr>\n<td>1<\/td>\n<td>Axelle Dubau-Pr\u00e9vot<\/td>\n<td>3:31:30<\/td>\n<\/tr>\n<tr>\n<td>2<\/td>\n<td>Ashleigh Moolman-Pasio<\/td>\n<td>+0:01<\/td>\n<\/tr>\n<tr>\n<td>3<\/td>\n<td>Hayley Preen<\/td>\n<td>+1:46<\/td>\n<\/tr>\n<tr>\n<td>4<\/td>\n<td>Melisa Rollins<\/td>\n<td>+1:46<\/td>\n<\/tr>\n<tr>\n<td>5<\/td>\n<td>Haley Smith<\/td>\n<td>+6:36<\/td>\n<\/tr>\n<tr>\n<td>6<\/td>\n<td>Olivia Hottinger<\/td>\n<td>+7:01<\/td>\n<\/tr>\n<tr>\n<td>7<\/td>\n<td>Lauren Stephens<\/td>\n<td>+7:01<\/td>\n<\/tr>\n<tr>\n<td>8<\/td>\n<td>Clara Koppenburg<\/td>\n<td>+9:00<\/td>\n<\/tr>\n<tr>\n<td>9<\/td>\n<td>Sophie Wright<\/td>\n<td>+12:17<\/td>\n<\/tr>\n<tr>\n<td>10<\/td>\n<td>Theresa Rindler-Bachl<\/td>\n<td>+15:30<\/td>\n<\/tr>\n<p>La segunda etapa apunta a una jornada m\u00e1s r\u00e1pida<\/p>\n<blockquote class=\"quote-card lateral\">\n<p>La segunda etapa con 108 km y 1.150 m de desnivel positivo.<\/p>\n<\/blockquote>\n<p>Ma\u00f1ana, la segunda etapa del Nedbank Gravel Burn llevar\u00e1 a los ciclistas desde Avontuur hasta Willowmoore, en una jornada m\u00e1s larga (108 km) pero con menos dureza acumulada, donde el pelot\u00f3n buscar\u00e1 recuperar sensaciones tras un estreno \u00e9pico bajo la lluvia.<\/p>\n","protected":false},"excerpt":{"rendered":"Matt Beers y Axelle Dubau-Prevot se llevaron la victoria en la primera etapa del Nedbank Gravel Burn 2025,&hellip;\n","protected":false},"author":2,"featured_media":203446,"comment_status":"","ping_status":"","sticky":false,"template":"","format":"standard","meta":{"footnotes":""},"categories":[273],"tags":[313,312,168,25,24,18236,23,167],"class_list":{"0":"post-203445","1":"post","2":"type-post","3":"status-publish","4":"format-standard","5":"has-post-thumbnail","7":"category-ciclismo","8":"tag-ciclismo","9":"tag-cycling","10":"tag-deportes","11":"tag-es","12":"tag-espana","13":"tag-gravel","14":"tag-spain","15":"tag-sports"},"share_on_mastodon":{"url":"https:\/\/pubeurope.com\/@es\/115445784144402432","error":""},"_links":{"self":[{"href":"https:\/\/www.europesays.com\/es\/wp-json\/wp\/v2\/posts\/203445","targetHints":{"allow":["GET"]}}],"collection":[{"href":"https:\/\/www.europesays.com\/es\/wp-json\/wp\/v2\/posts"}],"about":[{"href":"https:\/\/www.europesays.com\/es\/wp-json\/wp\/v2\/types\/post"}],"author":[{"embeddable":true,"href":"https:\/\/www.europesays.com\/es\/wp-json\/wp\/v2\/users\/2"}],"replies":[{"embeddable":true,"href":"https:\/\/www.europesays.com\/es\/wp-json\/wp\/v2\/comments?post=203445"}],"version-history":[{"count":0,"href":"https:\/\/www.europesays.com\/es\/wp-json\/wp\/v2\/posts\/203445\/revisions"}],"wp:featuredmedia":[{"embeddable":true,"href":"https:\/\/www.europesays.com\/es\/wp-json\/wp\/v2\/media\/203446"}],"wp:attachment":[{"href":"https:\/\/www.europesays.com\/es\/wp-json\/wp\/v2\/media?parent=203445"}],"wp:term":[{"taxonomy":"category","embeddable":true,"href":"https:\/\/www.europesays.com\/es\/wp-json\/wp\/v2\/categories?post=203445"},{"taxonomy":"post_tag","embeddable":true,"href":"https:\/\/www.europesays.com\/es\/wp-json\/wp\/v2\/tags?post=203445"}],"curies":[{"name":"wp","href":"https:\/\/api.w.org\/{rel}","templated":true}]}}