{"id":203453,"date":"2025-10-27T11:06:14","date_gmt":"2025-10-27T11:06:14","guid":{"rendered":"https:\/\/www.europesays.com\/es\/203453\/"},"modified":"2025-10-27T11:06:14","modified_gmt":"2025-10-27T11:06:14","slug":"de-laura-pausini-a-dani-martin","status":"publish","type":"post","link":"https:\/\/www.europesays.com\/es\/203453\/","title":{"rendered":"de Laura Pausini a Dani Mart\u00edn"},"content":{"rendered":"<p id=\"esO_fUANYbw\" data-wc=\"41\"><strong>Pablo Motos celebra las 3.000 emisiones<\/strong> de <a class=\"hm-link ho-link\" href=\"https:\/\/www.hola.com\/tags\/el-hormiguero\/\" data-mrf-recirculation=\"article-body-link\" rel=\"nofollow noopener\" target=\"_blank\">El Hormiguero<\/a> rodeado de grandes nombres del mundo del cine, la m\u00fasica y la televisi\u00f3n. Durante cuatro noches, el anfitri\u00f3n recibir\u00e1 a reconocidos invitados que presentar\u00e1n sus nuevos proyectos y revelar\u00e1n divertidas an\u00e9cdotas personales.\u00a0<\/p>\n<p> <img src=\"https:\/\/www.europesays.com\/es\/wp-content\/uploads\/2025\/10\/5320a9e7c7db-europapress6475906danimartinpresentacionvideoclipcarpediemauditoriosony.jpg\"   width=\"1024\" height=\"682\" loading=\"lazy\" decoding=\"async\" alt=\"Dani Martin \" fetchpriority=\"auto\" class=\"image ho-image\"\/>\u00a9 Europa Press<br \/>\nLunes: Laura Pausini<\/p>\n<p id=\"el-rbW_9Sxp\" data-wc=\"76\">Para la celebraci\u00f3n de sus 3.000 programas, el espacio contar\u00e1 con una invitada muy especial: <a class=\"hm-link ho-link\" href=\"https:\/\/www.hola.com\/us-es\/moda\/20251024863593\/laura-pausini-homenaje-giorgio-armani-premios-billboard-musica-latina-2025\/\" data-mrf-recirculation=\"article-body-link\" rel=\"nofollow noopener\" target=\"_blank\">Laura Pausini<\/a>, una de las artistas m\u00e1s queridas por el p\u00fablico y que repite en el programa. La cantante aprovechar\u00e1 la ocasi\u00f3n para reencontrarse con las hormigas y <strong>presentar su nuevo single, Mi historia entre tus dedos<\/strong>, el primer adelanto de su pr\u00f3ximo disco, adem\u00e1s de adelantar todos los <strong>detalles de la gira mundial que iniciar\u00e1<\/strong> \u2014por primera vez\u2014 en Espa\u00f1a.<\/p>\n<p> <img src=\"https:\/\/www.europesays.com\/es\/wp-content\/uploads\/2025\/10\/0aaf2a12e7cd-gettyimages-1407556735.jpg\"   width=\"682\" height=\"1024\" loading=\"lazy\" decoding=\"async\" alt=\"Laura Pausini\" fetchpriority=\"auto\" class=\"image ho-image\"\/>\u00a9 Getty Images<br \/>\nMartes: Leo Harlem<\/p>\n<p id=\"eA8mm3SRGYD\" data-wc=\"76\"><a class=\"hm-link ho-link\" href=\"https:\/\/www.hola.com\/actualidad\/20250218814970\/el-lado-mas-personal-de-leo-harlem\/\" data-mrf-recirculation=\"article-body-link\" rel=\"nofollow noopener\" target=\"_blank\">El c\u00f3mico<\/a> visitar\u00e1 el programa para <strong>anunciar su retirada de los escenarios<\/strong>. El humorista presentar\u00e1 <strong>Hasta luego, Leo,<\/strong> el espect\u00e1culo con el que se despide del p\u00fablico tras una extensa carrera dedicada a la comedia. <strong>La funci\u00f3n, que podr\u00e1 disfrutarse en Madrid del 17 al 21 de diciembre<\/strong>, recopila algunos de sus mon\u00f3logos m\u00e1s emblem\u00e1ticos. \u00a0Una cita muy especial con la que el artista se despide del p\u00fablico que le ha acompa\u00f1ado durante toda su carrera.\u00a0<\/p>\n<p> <img src=\"https:\/\/www.europesays.com\/es\/wp-content\/uploads\/2025\/10\/6f33ff7b7408-hoy-en-el-hormiguero-leoharlemoficialelhormiguero-leoharlemeh.jpg\"   width=\"1024\" height=\"682\" loading=\"lazy\" decoding=\"async\" alt=\"Leo Harlem en El Hormiguero de Antena3\" fetchpriority=\"auto\" class=\"image ho-image\"\/>\u00a9 Atresmedia<br \/>\nMi\u00e9rcoles: Arturo Valls y Christopher Lloyd<\/p>\n<p id=\"euTVBTtFVDy\" data-wc=\"66\"><strong>El presentador\u00a0<\/strong><a class=\"hm-link ho-link\" href=\"https:\/\/www.hola.com\/cocina\/noticias\/20250703841702\/arturo-valls-arroz-socarron\/\" data-mrf-recirculation=\"article-body-link\" rel=\"nofollow noopener\" target=\"_blank\">Arturo Valls<\/a> regresar\u00e1 al plat\u00f3 para hablar sobre la <strong>nueva temporada del concurso<\/strong> <strong>El 1%<\/strong>, cuyo estreno tendr\u00e1 lugar esa misma noche en Antena 3, justo despu\u00e9s del programa. Adem\u00e1s, el espacio recibir\u00e1 a <strong>Christopher Lloyd<\/strong>, legendario actor estadounidense y protagonista de la inolvidable <strong>Regreso al futuro<\/strong>, que <strong>vuelve a los cines de todo el mundo<\/strong> con motivo del <strong>40.\u00ba aniversario<\/strong> de su estreno.<\/p>\n<p> <img src=\"https:\/\/www.europesays.com\/es\/wp-content\/uploads\/2025\/10\/3891b819a3a4-10-arturo-valls-gtres.jpg\"   width=\"639\" height=\"1024\" loading=\"lazy\" decoding=\"async\" alt=\"Arturo Valls \" fetchpriority=\"auto\" class=\"image ho-image\"\/>\u00a9 GTRES<\/p>\n<p> <img src=\"https:\/\/www.europesays.com\/es\/wp-content\/uploads\/2025\/10\/ff8f7af0cfac-actor-internacion-mircoles.jpg\"   width=\"819\" height=\"1024\" loading=\"lazy\" decoding=\"async\" alt=\"Christopher Lloyd\" fetchpriority=\"auto\" class=\"image ho-image\"\/>\u00a9 mrchristopherlloyd<br \/>\nJueves: Dani Mart\u00edn<\/p>\n<p id=\"eqvRdDyBCGY\" data-wc=\"71\">La semana culminar\u00e1 con la visita de <a class=\"hm-link ho-link\" href=\"https:\/\/www.hola.com\/actualidad\/20250224816067\/dani-martin-amaia-montero-jordi-evole-entrevista\/\" data-mrf-recirculation=\"article-body-link\" rel=\"nofollow noopener\" target=\"_blank\">Dani Mart\u00edn<\/a>, que acudir\u00e1 al programa para compartir todos los <strong>detalles de su Gira<\/strong> <strong>25 P *t* A\u00f1os.<\/strong> El artista arrancar\u00e1 esta celebraci\u00f3n con diez conciertos en el <strong>Movistar Arena de Madrid<\/strong>, antes de recorrer diferentes ciudades de Espa\u00f1a con el resto de actuaciones. Adem\u00e1s, <strong>presentar\u00e1 en exclusiva su nuevo single<\/strong>, un lanzamiento con el que inicia una nueva etapa en su carrera musical.<\/p>\n<p> <img src=\"https:\/\/www.europesays.com\/es\/wp-content\/uploads\/2025\/10\/460f568cbe2e-savetwitternetgdgepl1wsaangap.jpg\"   width=\"1024\" height=\"682\" loading=\"lazy\" decoding=\"async\" alt=\"Dani Mart\u00edn en El Hormiguero\" fetchpriority=\"auto\" class=\"image ho-image\"\/>\u00a9 elhormiguero<\/p>\n","protected":false},"excerpt":{"rendered":"Pablo Motos celebra las 3.000 emisiones de El Hormiguero rodeado de grandes nombres del mundo del cine, la&hellip;\n","protected":false},"author":2,"featured_media":203454,"comment_status":"","ping_status":"","sticky":false,"template":"","format":"standard","meta":{"footnotes":""},"categories":[171],"tags":[517,5813,146,147,25,24,23,807,214],"class_list":{"0":"post-203453","1":"post","2":"type-post","3":"status-publish","4":"format-standard","5":"has-post-thumbnail","7":"category-tv","8":"tag-actualidad","9":"tag-el-hormiguero","10":"tag-entertainment","11":"tag-entretenimiento","12":"tag-es","13":"tag-espana","14":"tag-spain","15":"tag-television","16":"tag-tv"},"share_on_mastodon":{"url":"https:\/\/pubeurope.com\/@es\/115445811818576076","error":""},"_links":{"self":[{"href":"https:\/\/www.europesays.com\/es\/wp-json\/wp\/v2\/posts\/203453","targetHints":{"allow":["GET"]}}],"collection":[{"href":"https:\/\/www.europesays.com\/es\/wp-json\/wp\/v2\/posts"}],"about":[{"href":"https:\/\/www.europesays.com\/es\/wp-json\/wp\/v2\/types\/post"}],"author":[{"embeddable":true,"href":"https:\/\/www.europesays.com\/es\/wp-json\/wp\/v2\/users\/2"}],"replies":[{"embeddable":true,"href":"https:\/\/www.europesays.com\/es\/wp-json\/wp\/v2\/comments?post=203453"}],"version-history":[{"count":0,"href":"https:\/\/www.europesays.com\/es\/wp-json\/wp\/v2\/posts\/203453\/revisions"}],"wp:featuredmedia":[{"embeddable":true,"href":"https:\/\/www.europesays.com\/es\/wp-json\/wp\/v2\/media\/203454"}],"wp:attachment":[{"href":"https:\/\/www.europesays.com\/es\/wp-json\/wp\/v2\/media?parent=203453"}],"wp:term":[{"taxonomy":"category","embeddable":true,"href":"https:\/\/www.europesays.com\/es\/wp-json\/wp\/v2\/categories?post=203453"},{"taxonomy":"post_tag","embeddable":true,"href":"https:\/\/www.europesays.com\/es\/wp-json\/wp\/v2\/tags?post=203453"}],"curies":[{"name":"wp","href":"https:\/\/api.w.org\/{rel}","templated":true}]}}