{"id":203481,"date":"2025-10-27T11:26:09","date_gmt":"2025-10-27T11:26:09","guid":{"rendered":"https:\/\/www.europesays.com\/es\/203481\/"},"modified":"2025-10-27T11:26:09","modified_gmt":"2025-10-27T11:26:09","slug":"loreto-mauleon-y-asier-altuna-reflexionan-sobre-el-humor-de-los-vascos-nos-reimos-pero-a-nuestra-manera","status":"publish","type":"post","link":"https:\/\/www.europesays.com\/es\/203481\/","title":{"rendered":"Loreto Maule\u00f3n y Asier Altuna reflexionan sobre el humor de los vascos: \u00abNos re\u00edmos, pero a nuestra manera\u00bb"},"content":{"rendered":"<p><img fetchpriority=\"high\" class=\"v-a-img\" src=\"https:\/\/www.europesays.com\/es\/wp-content\/uploads\/2025\/10\/combo-loreto-kwCB-U2408754620D0C-1200x840@Diario Vasco.jpg\" loading=\"eager\" decoding=\"async\" alt=\"Loreto Maule\u00f3n y Asier Altuna reflexionan sobre el humor de los vascos: \u00abNos re\u00edmos, pero a nuestra manera\u00bb\"  width=\"1200\" height=\"840\"\/><\/p>\n<p>Los actores conversan con la presentadora Elena S\u00e1nchez antes de la proyecci\u00f3n de la pel\u00edcula &#8216;\u00a1A\u00fapa, Etxebeste!&#8217;<\/p>\n<p class=\"v-mdl-ath__p v-mdl-ath__p--6\">\nLunes, 27 de octubre 2025, 09:23<\/p>\n<p class=\"v-p\">\u00ab\u00bfDe qu\u00e9 se r\u00eden los vascos?\u00bb fue la pregunta que sirvi\u00f3 como punto de partida para el animado di\u00e1logo entre Loreto Maule\u00f3n, Asier Altuna y la presentadora Elena S\u00e1nchez en el programa &#8216;Historia de nuestro cine&#8217;, de La 2. La charla tuvo lugar antes de la proyecci\u00f3n de la pel\u00edcula &#8216;\u00a1A\u00fapa, Etxebeste!&#8217; (dirigida por Altuna y Telmo Esnal), una pel\u00edcula ya convertida en cl\u00e1sico del humor vasco contempor\u00e1neo.<\/p>\n<p class=\"v-p\">Durante la conversaci\u00f3n, los invitados exploraron con humor y complicidad las particularidades de la risa vasca, ese modo tan propio de ironizar sobre lo cotidiano sin perder el respeto por lo que se considera serio.<\/p>\n<p class=\"v-p\">\u00abNos gusta re\u00edrnos, pero poniendo las condiciones nosotros\u00bb, confes\u00f3 la actriz donostiarra Loreto Maule\u00f3n, entre risas. \u00abNos encanta hablar de comida, pero no tanto que otros digan que comemos mucho\u00bb.<\/p>\n<p>El humor de los vascos, a examen<\/p>\n<p class=\"v-p\">Asier Altuna, por su parte, apunt\u00f3 que el humor en Euskadi tiene un matiz especial: \u00abSomos parcos en palabras, pero tenemos mucho humor negro. A veces nos re\u00edmos de cosas que para otros son demasiado serias\u00bb.<\/p>\n<p class=\"v-p\">Ambos coincidieron en que la forma de expresar las emociones en el norte es distinta. Loreto Maule\u00f3n record\u00f3 una an\u00e9cdota teatral que lo ilustra a la perfecci\u00f3n: \u00abLo que s\u00ed es una manera diferente de exprearse. Mis amigos del teatro dicen que cuando act\u00faan en el norte creen que el p\u00fablico no se r\u00ede\u2026 hasta que llega el aplauso final, enorme. En el sur, en cambio, se oyen carcajadas desde el primer momento. Es simplemente una manera distinta de mostrar lo que uno siente\u00bb.<\/p>\n<p>Reporta un error<\/p>\n","protected":false},"excerpt":{"rendered":"Los actores conversan con la presentadora Elena S\u00e1nchez antes de la proyecci\u00f3n de la pel\u00edcula &#8216;\u00a1A\u00fapa, Etxebeste!&#8217; Lunes,&hellip;\n","protected":false},"author":2,"featured_media":203482,"comment_status":"","ping_status":"","sticky":false,"template":"","format":"standard","meta":{"footnotes":""},"categories":[174],"tags":[55798,255,146,147,25,24,256,24705,55797,23],"class_list":{"0":"post-203481","1":"post","2":"type-post","3":"status-publish","4":"format-standard","5":"has-post-thumbnail","7":"category-famosos","8":"tag-aier-altuna","9":"tag-celebrities","10":"tag-entertainment","11":"tag-entretenimiento","12":"tag-es","13":"tag-espana","14":"tag-famosos","15":"tag-humor","16":"tag-loreto-mauleon","17":"tag-spain"},"share_on_mastodon":{"url":"https:\/\/pubeurope.com\/@es\/115445890131070806","error":""},"_links":{"self":[{"href":"https:\/\/www.europesays.com\/es\/wp-json\/wp\/v2\/posts\/203481","targetHints":{"allow":["GET"]}}],"collection":[{"href":"https:\/\/www.europesays.com\/es\/wp-json\/wp\/v2\/posts"}],"about":[{"href":"https:\/\/www.europesays.com\/es\/wp-json\/wp\/v2\/types\/post"}],"author":[{"embeddable":true,"href":"https:\/\/www.europesays.com\/es\/wp-json\/wp\/v2\/users\/2"}],"replies":[{"embeddable":true,"href":"https:\/\/www.europesays.com\/es\/wp-json\/wp\/v2\/comments?post=203481"}],"version-history":[{"count":0,"href":"https:\/\/www.europesays.com\/es\/wp-json\/wp\/v2\/posts\/203481\/revisions"}],"wp:featuredmedia":[{"embeddable":true,"href":"https:\/\/www.europesays.com\/es\/wp-json\/wp\/v2\/media\/203482"}],"wp:attachment":[{"href":"https:\/\/www.europesays.com\/es\/wp-json\/wp\/v2\/media?parent=203481"}],"wp:term":[{"taxonomy":"category","embeddable":true,"href":"https:\/\/www.europesays.com\/es\/wp-json\/wp\/v2\/categories?post=203481"},{"taxonomy":"post_tag","embeddable":true,"href":"https:\/\/www.europesays.com\/es\/wp-json\/wp\/v2\/tags?post=203481"}],"curies":[{"name":"wp","href":"https:\/\/api.w.org\/{rel}","templated":true}]}}