{"id":203507,"date":"2025-10-27T11:48:12","date_gmt":"2025-10-27T11:48:12","guid":{"rendered":"https:\/\/www.europesays.com\/es\/203507\/"},"modified":"2025-10-27T11:48:12","modified_gmt":"2025-10-27T11:48:12","slug":"athletic-retrato-de-un-equipo-en-crisis","status":"publish","type":"post","link":"https:\/\/www.europesays.com\/es\/203507\/","title":{"rendered":"Athletic: retrato de un equipo en crisis"},"content":{"rendered":"<p>Llam\u00f3 la atenci\u00f3n el gesto de disgusto y frustraci\u00f3n de Ernesto Valverde en la sala de prensa de San Mam\u00e9s tras la derrota ante el  &#8230; Getafe. Hac\u00eda mucho tiempo que no se le ve\u00eda tan tocado al t\u00e9cnico rojiblanco, en cuyos c\u00e1lculos no entraba para nada un fiasco como el del s\u00e1bado. En realidad, imaginaba justo lo contrario: una victoria que, unida a las obtenidas ante el Mallorca y el Qarabag, m\u00e1s el empate en Elche, hubieran encarrilado a su equipo situ\u00e1ndolo en una posici\u00f3n con buenas vistas, quiz\u00e1 ya en puestos europeos. Las esperanzas de Txingurri radicaban en su confianza de que el 3-1 en Champions hubiera elevado la moral de su tropa y de que, ante el Getafe, sus jugadores se rebelaran con una actuaci\u00f3n convincente, volviendo a divertir a San Mam\u00e9s.<\/p>\n<p><a href=\"http:\/\/www.elcorreo.com\/athletic\/preocupante-dato-deja-athletic-ataque-visto-anos-20251026124933-nt.html#vtm_modulosEngag=mod-rel:athletic:noticia:1:cmp:1-not\" class=\"v-a-link\" aria-label=\"Imagen\" rel=\"nofollow noopener\" target=\"_blank\"><\/p>\n<p><img decoding=\"async\" loading=\"lazy\" src=\"https:\/\/www.europesays.com\/es\/wp-content\/uploads\/2025\/10\/ath-dato-preocupante-liga-kbNE--366x256@El Correo.jpg\" class=\"v-a-img\" width=\"258\" height=\"180\" alt=\"\" data-voc-vtm-id=\"in-text-traffic\"\/><\/p>\n<p><\/a><\/p>\n<p class=\"v-p\">Que sucediera justo lo contrario, que lejos de reivindicarse su equipo se hundiera con una actuaci\u00f3n paup\u00e9rrima, de las peores que se le recuerda en su campo, hace l\u00f3gico el tremendo disgusto del entrenador del Athletic. Y es que no s\u00f3lo se trata de que se volvieran a escapar tres puntos importantes en casa \u2013si sumamos los tres que perdieron ante el Alav\u00e9s y los dos ante el Girona ya ser\u00edan ocho\u2013, sino de que la crisis de juego se agrav\u00f3 de una manera alarmante. Todos los defectos y debilidades que vienen mostrando los rojiblancos en lo que va de temporada quedaron patentes de la forma m\u00e1s sangrante y exagerada posible. La crisis es una evidencia. <\/p>\n<p class=\"v-p\">Al Athletic le est\u00e1 saliendo mal todo lo que le puede salir mal, y esto es algo que se viene observando toda la temporada con la excepci\u00f3n de las tres primeras jornadas en agosto. Esta deriva negativa ya es tan fuerte y arrastra tantos problemas diversos \u2013falta de energ\u00eda, plaga de lesiones, pertinaz sequ\u00eda goleadora, baja forma desquiciante de jugadores fundamentales, pobre aportaci\u00f3n de los suplentes&#8230;\u2013 que est\u00e1 afectando seriamente a la autoestima del conjunto. La impresi\u00f3n es que los leones est\u00e1n empezando a dudar de s\u00ed mismos, algo que no les hab\u00eda sucedido al menos en los dos \u00faltimos a\u00f1os. <\/p>\n<p class=\"v-p\">Al rev\u00e9s. Si por algo se han distinguido estos jugadores es por la enorme convicci\u00f3n que ten\u00edan en su juego y en su capacidad competitiva. Y esto, como decimos, es lo que se est\u00e1 resquebrajando y, desde luego, lo m\u00e1s preocupante en este momento. La primera parte ante el Getafe, con esos veinte minutos iniciales en los que el Athletic s\u00f3lo fue capaz de tener un 20% de posesi\u00f3n y no remat\u00f3 a la porter\u00eda rival ni una sola vez, hubiera sido imposible en las dos \u00faltimas temporadas. Porque no se trat\u00f3 de jugar fatal sino de la actitud de los futbolistas, ap\u00e1tica, insulsa, sin alma, como si hubieran salido rendidos; un talante inaceptable ante cualquier rival y especialmente ante la \u00e1spera tropa de Bordal\u00e1s. Achacarlo al desgaste del mi\u00e9rcoles, que si algo debi\u00f3 aportar al equipo por la victoria y los tres goles fue una inyecci\u00f3n de moral, es una broma pesada. <\/p>\n<p class=\"v-p\"><strong>Grietas <\/strong><\/p>\n<p class=\"v-p\">La situaci\u00f3n es la m\u00e1s delicada que ha tenido que gestionar Valverde en esta su tercera etapa en el banquillo rojiblanco. Es cierto que en el curso 2022-23 el equipo se hundi\u00f3 en la recta final arruinando todas sus opciones europeas tras empalmar cinco derrotas, dos empates y una sola victoria en las ocho \u00faltimas jornadas. Aquel, sin embargo, era un equipo todav\u00eda en construcci\u00f3n, con andamios en la fachada. El de ahora, por el contrario, es un Athletic hecho y derecho, campe\u00f3n de Copa en 2024, semifinalista de la Europa League y clasificado para la Champions. Sin duda, una de las grandes referencias de la Liga espa\u00f1ola por su f\u00fatbol valiente, su intensidad, su presi\u00f3n alta y su fortaleza en San Mam\u00e9s. <\/p>\n<p class=\"v-p\">Que a este edificio tan s\u00f3lido le hayan aparecido semejantes grietas est\u00e1 siendo una de las sorpresas m\u00e1s desagradables de este curso. Hasta los comentaristas de televisi\u00f3n, siempre tan ben\u00e9volos y elogiosos, empiezan a decir que no reconocen a este Athletic. La hinchada rojiblanca, por su parte, oscila entre la perplejidad y la decepci\u00f3n. No esperaba esto en absoluto, y menos despu\u00e9s de las tres primeras victorias consecutivas en el arranque liguero. La realidad es que la gente no entiende nada, y con raz\u00f3n. Porque hay cosas muy dif\u00edciles de explicar, la verdad.<\/p>\n<p class=\"v-p\">Es evidente que al Athletic no se le ve bien f\u00edsicamente. Los jugadores no est\u00e1n frescos. Les falta chispa. Vincular este hecho a la marcha de Pozanco y al fichaje de Luis Prieto es una jeremiada que no se sostiene, como si el de Dima hubiera hecho de su capa un sayo porque no le val\u00eda lo que hab\u00eda visto y Valverde le hubiera dado permiso para cambiar un tipo de preparaci\u00f3n que tan buenos resultados le hab\u00eda dado durante a\u00f1os. M\u00e1s probable parece que esta temporada el Athletic haya querido retrasar un poco la puesta a punto y que esta apuesta le haya salido mal y al equipo le est\u00e9 pesando el calendario m\u00e1s de la cuenta. <\/p>\n<p class=\"v-p\">Si esto tiene que ver tambi\u00e9n con la plaga de lesiones o con la llamativa baja forma de futbolistas importantes no es f\u00e1cil saberlo. Pero que la pobr\u00edsima actuaci\u00f3n de los hermanos Williams y de Oihan Sancet, la escasa aportaci\u00f3n de Berenguer \u2013todav\u00eda no ha marcado\u2013 o la exigua influencia de Ruiz de Galarreta est\u00e1n teniendo una incidencia enorme es obvio. Ellos son los que marcan la diferencia en el juego ofensivo y, por tanto, los principales culpables de que \u00e9ste se encuentre por los suelos, en m\u00ednimos hist\u00f3ricos. Los nueve goles en las diez primeras jornadas de Liga son un dato estremecedor.<\/p>\n<p class=\"v-p\">La pregunta es cu\u00e1ndo volver\u00e1n por sus fueros esos futbolistas tan necesarios. Sin ellos, el Athletic no pasa de ser un equipo esforzado y duro de pelar, un bloque que se sostiene a partir de su portero y de su poder\u00edo defensivo pero que no alcanza para firmar empresas ilusionantes. La plantilla es m\u00e1s corta de lo que pudo parecer en los d\u00edas de vino y rosas, cuando este Athletic era una m\u00e1quina y los suplentes, cada vez que ten\u00edan que intervenir, lo hac\u00edan rebosantes de confianza, sabiendo que se sub\u00edan a un tren en marcha. Ahora es justo lo contrario y bien que se nota. Ni siquiera Areso ha convencido. La realidad es que, dejando a un lado un par de buenas actuaciones de Robert Navarro, los nuevos y los meritorios est\u00e1n teniendo un papel intrascendente. Unai G\u00f3mez cada vez juega menos y Maroan, Adama Boiro y Nico Serrano apenas cuentan. El Athletic, en fin, tiene que cambiar r\u00e1pido la direcci\u00f3n de su proa y ponerse a favor de corriente. <\/p>\n","protected":false},"excerpt":{"rendered":"Llam\u00f3 la atenci\u00f3n el gesto de disgusto y frustraci\u00f3n de Ernesto Valverde en la sala de prensa de&hellip;\n","protected":false},"author":2,"featured_media":203508,"comment_status":"","ping_status":"","sticky":false,"template":"","format":"standard","meta":{"footnotes":""},"categories":[268],"tags":[4170,168,622,25,24,280,282,14017,281,23,167],"class_list":{"0":"post-203507","1":"post","2":"type-post","3":"status-publish","4":"format-standard","5":"has-post-thumbnail","7":"category-futbol","8":"tag-crisis","9":"tag-deportes","10":"tag-equipo","11":"tag-es","12":"tag-espana","13":"tag-football","14":"tag-futbol","15":"tag-retrato","16":"tag-soccer","17":"tag-spain","18":"tag-sports"},"share_on_mastodon":{"url":"https:\/\/pubeurope.com\/@es\/115445977839735334","error":""},"_links":{"self":[{"href":"https:\/\/www.europesays.com\/es\/wp-json\/wp\/v2\/posts\/203507","targetHints":{"allow":["GET"]}}],"collection":[{"href":"https:\/\/www.europesays.com\/es\/wp-json\/wp\/v2\/posts"}],"about":[{"href":"https:\/\/www.europesays.com\/es\/wp-json\/wp\/v2\/types\/post"}],"author":[{"embeddable":true,"href":"https:\/\/www.europesays.com\/es\/wp-json\/wp\/v2\/users\/2"}],"replies":[{"embeddable":true,"href":"https:\/\/www.europesays.com\/es\/wp-json\/wp\/v2\/comments?post=203507"}],"version-history":[{"count":0,"href":"https:\/\/www.europesays.com\/es\/wp-json\/wp\/v2\/posts\/203507\/revisions"}],"wp:featuredmedia":[{"embeddable":true,"href":"https:\/\/www.europesays.com\/es\/wp-json\/wp\/v2\/media\/203508"}],"wp:attachment":[{"href":"https:\/\/www.europesays.com\/es\/wp-json\/wp\/v2\/media?parent=203507"}],"wp:term":[{"taxonomy":"category","embeddable":true,"href":"https:\/\/www.europesays.com\/es\/wp-json\/wp\/v2\/categories?post=203507"},{"taxonomy":"post_tag","embeddable":true,"href":"https:\/\/www.europesays.com\/es\/wp-json\/wp\/v2\/tags?post=203507"}],"curies":[{"name":"wp","href":"https:\/\/api.w.org\/{rel}","templated":true}]}}