{"id":203521,"date":"2025-10-27T11:57:08","date_gmt":"2025-10-27T11:57:08","guid":{"rendered":"https:\/\/www.europesays.com\/es\/203521\/"},"modified":"2025-10-27T11:57:08","modified_gmt":"2025-10-27T11:57:08","slug":"era-un-hombre-posesivo-y-celoso","status":"publish","type":"post","link":"https:\/\/www.europesays.com\/es\/203521\/","title":{"rendered":"\u00abEra un hombre posesivo y celoso\u00bb"},"content":{"rendered":"<p style=\"\">\u00bfQu\u00e9 tienen en com\u00fan <a href=\"https:\/\/www.abc.es\/gente\/makoke-actualiza-estado-salud-nuera-marina-romero-20250926095824-nt.html\" target=\"_self\" data-voc-vtm-id=\"in-text-traffic\" title=\"Makoke\" data-mrf-link=\"www.abc.es\" rel=\"nofollow noopener\">Makoke<\/a> e <a href=\"https:\/\/www.abc.es\/gente\/nagore-robles-sobre-isabel-preysler-tampoco-interesa-20251025113023-vi.html\" target=\"_self\" data-voc-vtm-id=\"in-text-traffic\" title=\"Isabel Preysler\" data-mrf-link=\"www.abc.es\" rel=\"nofollow noopener\">Isabel Preysler<\/a>? Pues que las dos pasaron por los brazos de <a href=\"https:\/\/www.abc.es\/gente\/fascinante-vida-isabel-preysler-rostro-mejor-pagado-20251022090854-nt.html\" target=\"_self\" data-voc-vtm-id=\"in-text-traffic\" title=\"Julio Iglesias\" data-mrf-link=\"www.abc.es\" rel=\"nofollow noopener\">Julio Iglesias<\/a>, si bien de forma m\u00e1s profunda y duradera en el caso de la segunda. Ahora la colaboradora de televisi\u00f3n ha ofrecido <strong>m\u00e1s <\/strong> &#8230; <strong>detalles de aquella relaci\u00f3n que mantuvieron en 1989<\/strong> y se ha aliado con &#8216;la reina de corazones&#8217; en su opini\u00f3n sobre el cantante: \u00ab<strong>Era un hombre posesivo y celoso<\/strong>\u00bb.<\/p>\n<p class=\"voc-p\" style=\"\">Las memorias de Isabel Preysler siguen teniendo recorrido \u2013y lo que queda- mientras los titulares recogen decenas de opiniones. En &#8216;Mi verdadera historia, Isabel Preysler&#8217;, la socialit\u00e9 recupera algunos de los momentos m\u00e1s importantes de su vida y <strong>habla de todas sus relaciones importantes<\/strong>, que no fueron pocas. Por all\u00ed aparecen Carlos Falc\u00f3, Miguel Boyer, Mario Vargas Llosa y, por supuesto, Julio Iglesias, ofreciendo algunos detalles jugosos sobre<strong> aquella primeriza historia de amor<\/strong>.<\/p>\n<p class=\"voc-p\" style=\"\">\u00abYo no estaba preparada, no era el momento para casarnos todav\u00eda, <strong>fue todo muy precipitado<\/strong>. No le pod\u00eda contar a nadie, adem\u00e1s que estaba embarazada, no lo sab\u00eda ni mi madre. En esa \u00e9poca quedarse embarazada sin estar casada era un drama. Julio se port\u00f3 como un se\u00f1or cuando se lo cont\u00e9. \u00c9l estaba de viaje y volvi\u00f3 corriendo para casarnos\u00bb, ha recordado Isabel Preysler en su libro.<\/p>\n<p>\nMakoke refuerza a Isabel Preysler\n<\/p>\n<p class=\"voc-p\" style=\"\">Uno de los testimonios m\u00e1s destacados llega cuando habla de \u00abunos celos enfermizos\u00bb hacia cualquier que se le acercara a la &#8216;reina de corazones&#8217;. \u00abYo, por ejemplo, <strong>no pod\u00eda bailar con absolutamente nadie<\/strong> que no fuera \u00e9l en ninguna fiesta\u00bb, dijo Isabel Preyler en la presentaci\u00f3n de sus memorias. El artista le revel\u00f3 en privado el motivo de estos comportamientos, pero la socialit\u00e9 ha prometido guardarle el secreto. <\/p>\n<p class=\"voc-p\" style=\"\">La versi\u00f3n de los celos ha quedado corroborada ahora por Makoke, quien mantuvo una relaci\u00f3n con el cantante durante ocho meses hace 36 a\u00f1os. \u00abJulio, a mi percepci\u00f3n, <strong>siempre ha estado enamorado de Isabel Preysler<\/strong>\u00bb, ha comentado la colaboradora en &#8216;Fiesta&#8217;. Y ha a\u00f1adido: \u00abS\u00ed, era celoso, no le gustaba&#8230; Patol\u00f3gico no, pero ten\u00eda una forma de ser que era\u2026 Entiendo a Isabel Preysler\u00bb.<\/p>\n<p>\nUn discreto affaire\n<\/p>\n<p class=\"voc-p\" style=\"\">Al igual que Isabel Preysler, Makoke ha querido mantenerse discreta sobre el asunto y se le ha notado algo inc\u00f3moda. \u00ab<strong>Me da mucho apuro<\/strong> porque han pasado 30 a\u00f1os, pero de lo que pude conocer es que s\u00ed era un hombre posesivo y celoso\u00bb, ha resumido. <\/p>\n<p class=\"voc-p\" style=\"\">Lo cierto es que Makoke no suele hablar de su relaci\u00f3n con Julio Iglesias. \u00abTen\u00eda yo 19 a\u00f1os. <strong>Estuve un a\u00f1o en Miami viviendo<\/strong>, fue un romance. Era una cr\u00eda\u00bb, record\u00f3 una vez. <strong>Por entonces, el cantante ten\u00eda 45<\/strong>. No fue un romance no fue p\u00fablico y tardaron tiempo en reconocer lo ocurrido, si bien no se conocen demasiados detalles salvo que Makoke se ha referido alguna vez a aquella breve \u00e9poca como \u00abuna c\u00e1rcel de oro\u00bb llena de aburrimiento. Ella trabajaba de azafata. Tras su ruptura, volvieron a encontrarse diez a\u00f1os despu\u00e9s. \u00abEs un se\u00f1or, no puedo decir absolutamente nada malo de \u00e9l\u00bb, ha dicho. Tambi\u00e9n coinciden Makoke e Isabel Preysler en esto, en definirle como \u00ab<strong>se\u00f1or<\/strong>\u00bb.<\/p>\n","protected":false},"excerpt":{"rendered":"\u00bfQu\u00e9 tienen en com\u00fan Makoke e Isabel Preysler? Pues que las dos pasaron por los brazos de Julio&hellip;\n","protected":false},"author":2,"featured_media":203522,"comment_status":"","ping_status":"","sticky":false,"template":"","format":"standard","meta":{"footnotes":""},"categories":[91],"tags":[36371,55804,146,147,981,25,24,366,7534,1729,888,15187,55805,43579,57,23,1927],"class_list":{"0":"post-203521","1":"post","2":"type-post","3":"status-publish","4":"format-standard","5":"has-post-thumbnail","7":"category-entretenimiento","8":"tag-celoso","9":"tag-corrobora","10":"tag-entertainment","11":"tag-entretenimiento","12":"tag-era","13":"tag-es","14":"tag-espana","15":"tag-hombre","16":"tag-iglesias","17":"tag-isabel","18":"tag-julio","19":"tag-makoke","20":"tag-posesivo","21":"tag-preysler","22":"tag-sobre","23":"tag-spain","24":"tag-version"},"share_on_mastodon":{"url":"https:\/\/pubeurope.com\/@es\/115446012008547724","error":""},"_links":{"self":[{"href":"https:\/\/www.europesays.com\/es\/wp-json\/wp\/v2\/posts\/203521","targetHints":{"allow":["GET"]}}],"collection":[{"href":"https:\/\/www.europesays.com\/es\/wp-json\/wp\/v2\/posts"}],"about":[{"href":"https:\/\/www.europesays.com\/es\/wp-json\/wp\/v2\/types\/post"}],"author":[{"embeddable":true,"href":"https:\/\/www.europesays.com\/es\/wp-json\/wp\/v2\/users\/2"}],"replies":[{"embeddable":true,"href":"https:\/\/www.europesays.com\/es\/wp-json\/wp\/v2\/comments?post=203521"}],"version-history":[{"count":0,"href":"https:\/\/www.europesays.com\/es\/wp-json\/wp\/v2\/posts\/203521\/revisions"}],"wp:featuredmedia":[{"embeddable":true,"href":"https:\/\/www.europesays.com\/es\/wp-json\/wp\/v2\/media\/203522"}],"wp:attachment":[{"href":"https:\/\/www.europesays.com\/es\/wp-json\/wp\/v2\/media?parent=203521"}],"wp:term":[{"taxonomy":"category","embeddable":true,"href":"https:\/\/www.europesays.com\/es\/wp-json\/wp\/v2\/categories?post=203521"},{"taxonomy":"post_tag","embeddable":true,"href":"https:\/\/www.europesays.com\/es\/wp-json\/wp\/v2\/tags?post=203521"}],"curies":[{"name":"wp","href":"https:\/\/api.w.org\/{rel}","templated":true}]}}