{"id":203542,"date":"2025-10-27T12:13:14","date_gmt":"2025-10-27T12:13:14","guid":{"rendered":"https:\/\/www.europesays.com\/es\/203542\/"},"modified":"2025-10-27T12:13:14","modified_gmt":"2025-10-27T12:13:14","slug":"capturar-una-pequena-pausa-dentro-del-caos","status":"publish","type":"post","link":"https:\/\/www.europesays.com\/es\/203542\/","title":{"rendered":"\u00abcapturar una peque\u00f1a pausa dentro del caos\u00bb"},"content":{"rendered":"<p class=\"paragraph\">Dan ganas de leer la cartilla a<b> Sara Iraz\u00e1bal<\/b> cuando dice que har\u00e1 cosa de un a\u00f1o le\u00a0\u00abcostaba\u00bb creer en su trabajo, que\u00a0\u00abvaloraba muy poco lo que hac\u00eda\u00bb y que a d\u00eda de hoy, aunque de ciento en viento, tambi\u00e9n le pasa. Quienes han posado para ella, incluso en un visto y no visto, pueden dar fe de que sus instant\u00e1neas tienen alma. Bandas locales, m\u00fasicos consagrados del indie patrio, alguna que otra estrella internacional&#8230; <b>Esta joven fot\u00f3grafa burgalesa apunta, dispara y seduce con la c\u00e1mara<\/b>. Y el p\u00fablico, en persona o a trav\u00e9s de las redes, lleva tiempo dictando sentencia a su favor.\u00a0<\/p>\n<p class=\"paragraph\">\u00bfHumildad o timidez? Probablemente, una mezcla de ambas. Lo cual no quita para echarle morro y plantarse delante de cualquier artista, por muy inaccesible que parezca, con el firme objetivo de inmortalizarle. Lo que Iraz\u00e1bal busca, en cuanto tiene oportunidad, es\u00a0\u00abcapturar una peque\u00f1a pausa dentro del caos\u00bb. De repente, como por arte de magia, surge<b>\u00a0\u00abuna conexi\u00f3n muy personal entre la c\u00e1mara y la persona retratada\u00bb<\/b>. Nada de magia. Es chispa, talento y constancia.\u00a0<\/p>\n<p>            <a href=\"#\" title=\"\"><\/p>\n<p>                    <img loading=\"lazy\" decoding=\"async\" data-index=\"\" width=\"140\" height=\"140\" alt=\"Bea Romero y Rozal\u00e9n junto a Mariano Saiz, presidente de la Fundaci\u00f3n Luctari.\" data-full=\"[object Object]\" data-original=\"[object Object]\" src=\"https:\/\/imagenes.elcorreodeburgos.com\/files\/related_image\/uploads\/2024\/12\/20\/6765826f374d4.jpeg\" data-full-src=\"https:\/\/www.europesays.com\/es\/wp-content\/uploads\/2025\/10\/6765826f374d4.jpeg\"\/><\/p>\n<p>            <\/a><\/p>\n<p class=\"paragraph\">En abril de 2024, salt\u00f3 al ruedo expositivo junto a su buena amiga <b>Virginia Barbero<\/b>. <a href=\"https:\/\/www.elcorreodeburgos.com\/cultura\/240403\/191144\/corazon-musica-latiendo-vivo-directo.html\" rel=\"nofollow noopener\" target=\"_blank\">Llenazo el d\u00eda de la inauguraci\u00f3n, en la sala <b>C\u00edrculo Solidario<\/b>, y todo el mundo elogiando <b>Envivo.jpg<\/b><\/a>. Parec\u00eda no cre\u00e9rselo, pero <a href=\"https:\/\/www.elcorreodeburgos.com\/cultura\/240415\/191457\/sara-irazabal-virginia-barbero-artistas-retratan-engrandecen-imagen-otros-artistas.html\" rel=\"nofollow noopener\" target=\"_blank\">tuvo que rendirse a la evidencia<\/a>. Por aquel entonces, reconoce ahora, \u00abno quer\u00eda exponer y tampoco quer\u00eda perder la oportunidad\u00bb. Por suerte, esta muestra le permiti\u00f3\u00a0\u00abcambiar el chip\u00bb. Aprendi\u00f3 a confiar m\u00e1s en s\u00ed misma y a ver con otros ojos\u00a0\u00abla manera en la que relaciono la c\u00e1mara con el mundo de la fotograf\u00eda\u00bb. Tambi\u00e9n, y he aqu\u00ed lo m\u00e1s importante, que\u00a0\u00abpuedo conectar con muchas personas y que mi trabajo va gustando\u00bb.\u00a0<\/p>\n<p class=\"c-detail__media__subtitle\">\n<p>        Ana Mena, en vivo y en directo.SARA IRAZ\u00c1BAL<\/p>\n<p class=\"paragraph\">Superado ese incomprensible s\u00edndrome del impostor, Iraz\u00e1bal afronta una etapa\u00a0\u00abmucho m\u00e1s segura, consciente y disfrutada respecto a la anterior\u00bb. Lo hace, fiel a sus principios y encanto personal,\u00a0\u00abcon los pies en la tierra\u00bb. Y exponiendo, hasta el domingo 2 de noviembre, en el <b>Caf\u00e9 La Palma<\/b> de <b>Madrid<\/b>. Con dieciocho obras en total, todas recientes salvo una de sus queridos <b><a href=\"https:\/\/www.elcorreodeburgos.com\/cultura\/210812\/91620\/abraham-boba-leon-benavente-siempre-cosas-nuevas-emocionar-gente.html\" rel=\"nofollow noopener\" target=\"_blank\">Le\u00f3n Benavente<\/a><\/b>, el t\u00edtulo resume a la perfecci\u00f3n lo que la autora pretend\u00eda y ha sido capaz de plasmar: <b>Intimidad y Ruido<\/b>.\u00a0<\/p>\n<p>            <a href=\"#\" title=\"\"><\/p>\n<p>                    <img loading=\"lazy\" decoding=\"async\" data-index=\"\" width=\"140\" height=\"140\" alt=\"Le\u00f3n Benavente regresa a Burgos para presentar su \u00faltimo \u00e1lbum: 'Nueva Sinfon\u00eda sobre el Caos'.\" data-full=\"[object Object]\" data-original=\"[object Object]\" src=\"https:\/\/imagenes.elcorreodeburgos.com\/files\/related_image\/uploads\/2024\/12\/10\/67589615abda7.jpeg\" data-full-src=\"https:\/\/www.europesays.com\/es\/wp-content\/uploads\/2025\/10\/67589615abda7.jpeg\"\/><\/p>\n<p>            <\/a><\/p>\n<p class=\"paragraph\">El leitmotiv de la propuesta, tal y como precisa su ide\u00f3loga,\u00a0\u00abnace de la dualidad cuando hago retratos de m\u00fasicos. El entorno del concierto, el backstage&#8230; Hay mucho movimiento, sonido y energ\u00eda; pero <b>dentro de todo ese ruido siempre hay un momento de silencio e intimidad cuando hago la foto<\/b>\u00bb. Apenas un par de minutos en innumerables ocasiones, a veces ni eso. El tiempo vuela, m\u00e1s a\u00fan en este mundillo, y se requiere oficio para que el artista se muestre\u00a0\u00abtal cual es\u00bb.\u00a0<\/p>\n<p class=\"paragraph\">No todas las fotos de la muestra se cuecen entre bastidores. Tambi\u00e9n las hay de directo, cuando\u00a0\u00abprima el momento\u00bb. <b>Carlos Ares<\/b>, <b>Nathy Peluso<\/b>, <b>Michael Kiwanuka<\/b>,<b> Leiva,<\/b>\u00a0<b>Bulego<\/b>, <b><a href=\"https:\/\/www.elcorreodeburgos.com\/burgos\/fiestas-de-san-pedro\/230629\/186069\/ana-mena-disculpa-burgos-espero-poderos-dar-show-mereceis-pronto.html\" rel=\"nofollow noopener\" target=\"_blank\">Ana Mena<\/a><\/b>, <b>Amyl and the Sniffers<\/b>&#8230; Lo que viene a ser \u00abde todo un poco\u00bb, dado que seleccion\u00f3 las im\u00e1genes \u00abno por los nombres, sino por lo que me transmiten\u00bb. De hecho, \u00aba veces una foto no es la m\u00e1s perfecta t\u00e9cnicamente, pero tiene algo que siempre me hace volver a ella\u00bb. Una \u00abatm\u00f3sfera\u00bb dif\u00edcil de explicar, <b>un flechazo en toda regla<\/b>.\u00a0<\/p>\n<p class=\"c-detail__media__subtitle\">\n<p>        Leiva, captado por Sara Iraz\u00e1bal en uno de sus conciertos.SARA IRAZ\u00c1BAL<\/p>\n<p class=\"paragraph\">Exponer en Madrid le genera, as\u00ed a bote pronto,<b> \u00abv\u00e9rtigo y emoci\u00f3n\u00bb<\/b>. Iraz\u00e1bal conoc\u00eda el Caf\u00e9 La Palma de antemano,\u00a0\u00abun espacio muy m\u00edtico, c\u00e9ntrico y con mucha personalidad que est\u00e1 s\u00faper vinculado a la m\u00fasica y la cultura independiente\u00bb. All\u00ed se siente como en casa, igual que cuando trabaja en <b>La R\u00faa<\/b> los d\u00edas de bolo. Adem\u00e1s, este salto a la capital le ha permitido\u00a0\u00abconectar con gente de fuera de Burgos, algo que jam\u00e1s pens\u00e9 que iba a pasar cuando empec\u00e9 con la fotograf\u00eda\u00bb.\u00a0<\/p>\n<p class=\"paragraph\">A una semana de finalizar la muestra, la prioridad de esta mel\u00f3mana retratista musical es\u00a0\u00abseguir disfrutando del proceso sin forzar las cosas\u00bb. Ninguna exposici\u00f3n a la vista, por ahora, aunque le encantar\u00eda\u00a0<b>\u00abmover el proyecto por distintos sitios\u00bb<\/b>. Lo que venga, bienvenido sea. Donde, como y cuando sea.\u00a0<\/p>\n<p class=\"c-detail__media__subtitle\">\n<p>        Carlos Ares, en la intimidad y alejado del ruido.SARA IRAZ\u00c1BAL<\/p>\n<p class=\"paragraph\">Mientras tanto, Iraz\u00e1bal se enorgullece de vivir en una ciudad con\u00a0\u00abmuch\u00edsimo talento en todas las disciplinas\u00bb. Lejos de percibir el arte ajeno como competencia, le congratula compartir espacios con\u00a0\u00abpersonas haciendo cosas con mucha pasi\u00f3n y coherencia\u00bb. Visto lo visto, no le cabe duda de que \u00aben Burgos somos s\u00faper afortunados culturalmente porque hay much\u00edsima oferta\u00bb. Aparte, se siente plenamente integrada en\u00a0\u00abuna comunidad de gente con ganas de apoyarse\u00bb.\u00a0<\/p>\n<p class=\"paragraph\"><b>\u00abLabrarse aqu\u00ed un futuro sigue siendo complicado, pero no imposible\u00bb<\/b>, concluye. En poco m\u00e1s de cinco a\u00f1os, el nombre de Sara Iraz\u00e1bal ha ido creciendo en la escena musical aunque ella no le d\u00e9 mayor importancia. No en vano, se ha ganado a pulso todo lo conseguido. Y no cejar\u00e1 en su empe\u00f1o de mantener viva esa pasi\u00f3n que le gu\u00eda concierto tras concierto.\u00a0<\/p>\n","protected":false},"excerpt":{"rendered":"Dan ganas de leer la cartilla a Sara Iraz\u00e1bal cuando dice que har\u00e1 cosa de un a\u00f1o le\u00a0\u00abcostaba\u00bb&hellip;\n","protected":false},"author":2,"featured_media":203543,"comment_status":"","ping_status":"","sticky":false,"template":"","format":"standard","meta":{"footnotes":""},"categories":[173],"tags":[229,233,231,230,623,208,232,234,146,147,25,24,241,244,205,185,6765,23],"class_list":{"0":"post-203542","1":"post","2":"type-post","3":"status-publish","4":"format-standard","5":"has-post-thumbnail","7":"category-arte-y-diseno","8":"tag-arte","9":"tag-arte-y-diseno","10":"tag-arts","11":"tag-arts-and-design","12":"tag-burgos","13":"tag-conciertos","14":"tag-design","15":"tag-diseno","16":"tag-entertainment","17":"tag-entretenimiento","18":"tag-es","19":"tag-espana","20":"tag-exposiciones","21":"tag-fotografia","22":"tag-madrid","23":"tag-musica","24":"tag-pop","25":"tag-spain"},"share_on_mastodon":{"url":"https:\/\/pubeurope.com\/@es\/115446074912695587","error":""},"_links":{"self":[{"href":"https:\/\/www.europesays.com\/es\/wp-json\/wp\/v2\/posts\/203542","targetHints":{"allow":["GET"]}}],"collection":[{"href":"https:\/\/www.europesays.com\/es\/wp-json\/wp\/v2\/posts"}],"about":[{"href":"https:\/\/www.europesays.com\/es\/wp-json\/wp\/v2\/types\/post"}],"author":[{"embeddable":true,"href":"https:\/\/www.europesays.com\/es\/wp-json\/wp\/v2\/users\/2"}],"replies":[{"embeddable":true,"href":"https:\/\/www.europesays.com\/es\/wp-json\/wp\/v2\/comments?post=203542"}],"version-history":[{"count":0,"href":"https:\/\/www.europesays.com\/es\/wp-json\/wp\/v2\/posts\/203542\/revisions"}],"wp:featuredmedia":[{"embeddable":true,"href":"https:\/\/www.europesays.com\/es\/wp-json\/wp\/v2\/media\/203543"}],"wp:attachment":[{"href":"https:\/\/www.europesays.com\/es\/wp-json\/wp\/v2\/media?parent=203542"}],"wp:term":[{"taxonomy":"category","embeddable":true,"href":"https:\/\/www.europesays.com\/es\/wp-json\/wp\/v2\/categories?post=203542"},{"taxonomy":"post_tag","embeddable":true,"href":"https:\/\/www.europesays.com\/es\/wp-json\/wp\/v2\/tags?post=203542"}],"curies":[{"name":"wp","href":"https:\/\/api.w.org\/{rel}","templated":true}]}}