{"id":203557,"date":"2025-10-27T12:22:15","date_gmt":"2025-10-27T12:22:15","guid":{"rendered":"https:\/\/www.europesays.com\/es\/203557\/"},"modified":"2025-10-27T12:22:15","modified_gmt":"2025-10-27T12:22:15","slug":"bonos-argentinos-en-dolares-suben-tras-victoria-de-milei-en-comicios-medio-termino","status":"publish","type":"post","link":"https:\/\/www.europesays.com\/es\/203557\/","title":{"rendered":"Bonos argentinos en d\u00f3lares suben tras victoria de Milei en comicios medio t\u00e9rmino"},"content":{"rendered":"\n<p class=\"yf-1090901\">LONDRES, 27 oct (Reuters) &#8211; Los bonos argentinos en d\u00f3lares subieron entre 10 y 12 puntos, dijeron inversores el lunes, luego de una sorpresiva victoria del presidente de derecha Javier Milei y sus aliados en las elecciones legislativas del domingo en Argentina.<\/p>\n<p class=\"yf-1090901\">Los resultados de los comicios de medio t\u00e9rmino muestran que los votantes respaldaron firmemente las reformas de libre mercado y las profundas medidas de austeridad de Milei, que provocaron una dr\u00e1stica ca\u00edda de la inflaci\u00f3n desde que asumi\u00f3 el cargo hace casi dos a\u00f1os.<\/p>\n<p class=\"yf-1090901\">(Reporte de Libby George; Traducido por Lucila Sigal; Editado por Jorge Otaola)<\/p>\n","protected":false},"excerpt":{"rendered":"LONDRES, 27 oct (Reuters) &#8211; Los bonos argentinos en d\u00f3lares subieron entre 10 y 12 puntos, dijeron inversores&hellip;\n","protected":false},"author":2,"featured_media":203558,"comment_status":"","ping_status":"","sticky":false,"template":"","format":"standard","meta":{"footnotes":""},"categories":[80],"tags":[55808,82,95,94,25,24,4245,55809,55810,23],"class_list":{"0":"post-203557","1":"post","2":"type-post","3":"status-publish","4":"format-standard","5":"has-post-thumbnail","7":"category-economia","8":"tag-bonos-argentinos","9":"tag-business","10":"tag-economia","11":"tag-economy","12":"tag-es","13":"tag-espana","14":"tag-javier-milei","15":"tag-libby-george","16":"tag-lucila-sigal","17":"tag-spain"},"share_on_mastodon":{"url":"https:\/\/pubeurope.com\/@es\/115446110255131898","error":""},"_links":{"self":[{"href":"https:\/\/www.europesays.com\/es\/wp-json\/wp\/v2\/posts\/203557","targetHints":{"allow":["GET"]}}],"collection":[{"href":"https:\/\/www.europesays.com\/es\/wp-json\/wp\/v2\/posts"}],"about":[{"href":"https:\/\/www.europesays.com\/es\/wp-json\/wp\/v2\/types\/post"}],"author":[{"embeddable":true,"href":"https:\/\/www.europesays.com\/es\/wp-json\/wp\/v2\/users\/2"}],"replies":[{"embeddable":true,"href":"https:\/\/www.europesays.com\/es\/wp-json\/wp\/v2\/comments?post=203557"}],"version-history":[{"count":0,"href":"https:\/\/www.europesays.com\/es\/wp-json\/wp\/v2\/posts\/203557\/revisions"}],"wp:featuredmedia":[{"embeddable":true,"href":"https:\/\/www.europesays.com\/es\/wp-json\/wp\/v2\/media\/203558"}],"wp:attachment":[{"href":"https:\/\/www.europesays.com\/es\/wp-json\/wp\/v2\/media?parent=203557"}],"wp:term":[{"taxonomy":"category","embeddable":true,"href":"https:\/\/www.europesays.com\/es\/wp-json\/wp\/v2\/categories?post=203557"},{"taxonomy":"post_tag","embeddable":true,"href":"https:\/\/www.europesays.com\/es\/wp-json\/wp\/v2\/tags?post=203557"}],"curies":[{"name":"wp","href":"https:\/\/api.w.org\/{rel}","templated":true}]}}