{"id":203575,"date":"2025-10-27T12:43:09","date_gmt":"2025-10-27T12:43:09","guid":{"rendered":"https:\/\/www.europesays.com\/es\/203575\/"},"modified":"2025-10-27T12:43:09","modified_gmt":"2025-10-27T12:43:09","slug":"delaossa-no-me-averguenzo-de-haber-sido-adicto-voy-con-la-cabeza-muy-alta-icon","status":"publish","type":"post","link":"https:\/\/www.europesays.com\/es\/203575\/","title":{"rendered":"Delaossa: \u201cNo me averg\u00fcenzo de haber sido adicto. Voy con la cabeza muy alta\u201d | ICON"},"content":{"rendered":"<p><img fetchpriority=\"high\" decoding=\"auto\" class=\"_re  a_m-v\" height=\"621\"  width=\"414\"  src=\"https:\/\/www.europesays.com\/es\/wp-content\/uploads\/2025\/10\/ARLW42XY3FGVDHSURB57PIXQYU.jpg\" loading=\"eager\"\/>El rapero Daniel Mar\u00ednez, mejor conocido como Delaossa, posando en un mirador al sur de Italia.Cortes\u00eda (Cortes\u00eda)<\/p>\n<p class=\"\">\u00bfQu\u00e9 me pasa, que no consigo lo que quiero?\u201d, se pregunt\u00f3 el rapero Daniel Mart\u00ednez (M\u00e1laga, 32 a\u00f1os), <a href=\"https:\/\/elpais.com\/icon\/2022-11-28\/delaossa-el-rapero-que-surgio-de-los-arrabales-malaguenos-hace-cinco-anos-no-podriamos-ni-imaginar-lo-que-esta-pasando-ahora-con-nuestra-musica.html\" target=\"_self\" rel=\"nofollow noopener\" title=\"https:\/\/elpais.com\/icon\/2022-11-28\/delaossa-el-rapero-que-surgio-de-los-arrabales-malaguenos-hace-cinco-anos-no-podriamos-ni-imaginar-lo-que-esta-pasando-ahora-con-nuestra-musica.html\">m\u00e1s conocido como Delaossa<\/a>, al ver que era incapaz de componer su nuevo \u00e1lbum. Visto desde fuera, no le iba mal: acababa de conseguir su segundo disco de platino con Veneno (2020), colaboraba con artistas internacionales, la escena del rap le respetaba y actuaba en los festivales m\u00e1s importantes. Pero ten\u00eda problemas: \u201cLa noche, el alcohol y las drogas\u201d, enumera. \u201cTuve que dar un cambio radical. Ped\u00ed ayuda tras ver que solo no pod\u00eda. Creo que es lo mejor que he hecho en mi vida\u201d, cuenta. <\/p>\n<p class=\"\">Delaossa es amable y tiene <a href=\"https:\/\/elpais.com\/sociedad\/2022-10-13\/delaossa-el-arte-de-rimar-con-mucho-acento.html\" target=\"_self\" rel=\"nofollow noopener\" title=\"https:\/\/elpais.com\/sociedad\/2022-10-13\/delaossa-el-arte-de-rimar-con-mucho-acento.html\">unos llamativos ojos verdes que miran con atenci\u00f3n a los de su interlocutor<\/a>. \u201cLa semana pasada no me encontraba contento. Ll\u00e1malo depresi\u00f3n posparto o resaca emocional, pero me peg\u00f3 fuerte\u201d, cuenta dos semanas despu\u00e9s de lanzar La Madrug\u00e1, su segundo \u00e1lbum, lo primero que edita despu\u00e9s de m\u00e1s de dos a\u00f1os. Hab\u00eda pistas de que algo hac\u00eda, pero ni entrevistas ni conciertos. Estaba desaparecido. \u201cNo era capaz de ponerme y me sent\u00eda mal conmigo mismo\u201d, cuenta. La realidad es que estaba en un centro de desintoxicaci\u00f3n. Ahora cuenta su historia en tercera persona, como tomando distancia: \u201cEra un chaval de El Palo, un barrio obrero de M\u00e1laga, precioso, pero con cosas malas. Un chico que con 17 a\u00f1os pierde a su madre, con sus dos hermanos fuera, su padre yendo y viniendo y sin estructura familiar es normal que se deje llevar por la tentaci\u00f3n\u201d, reflexiona. Su barrio siempre ha sido su estandarte. \u201cY lo seguir\u00e9 reivindicando. Me importan las ra\u00edces, como a <a href=\"https:\/\/elpais.com\/eps\/2024-12-22\/paolo-sorrentino-hago-peliculas-valientes-porque-en-la-vida-no-lo-soy.html\" target=\"_self\" rel=\"nofollow noopener\" title=\"https:\/\/elpais.com\/eps\/2024-12-22\/paolo-sorrentino-hago-peliculas-valientes-porque-en-la-vida-no-lo-soy.html\">Sorrentino<\/a>\u201d, r\u00ede. El problema eran las cargas personales, que no soltaba, excepto cuando escrib\u00eda. <\/p>\n<p>M\u00e1s informaci\u00f3n<\/p>\n<p class=\"\">Las canciones de Delaossa siempre fueron crudas, expl\u00edcitas y, sobre todo, rabiosas. Al subirlas a internet \u2014muchas veces junto a Space Hammu, el grupo que fund\u00f3 con sus amigos\u2014 lleg\u00f3 esa fama repentina para la que no siempre se est\u00e1 preparado. \u201cTodo parece muy brillante y te dejas llevar. Conoces a gente con repercusi\u00f3n e influencia, pero que no tienen nada que ofrecer. Es mejor dejarlo. Ya no voy a ning\u00fan lado por alguien. He dejado de moverme por el inter\u00e9s. Es un proceso, no creo que sea malo, hay que vivirlo y darse cuenta\u201d, dice. <\/p>\n<p class=\"\">En 2021 public\u00f3 Ojos verdes, una canci\u00f3n que reflejaba sus excesos: \u201cCreo que estaba <a href=\"https:\/\/elpais.com\/smoda\/famosos\/2024-11-23\/ursula-corbero-muchos-de-cara-a-la-galeria-rozan-lo-antisistema-pero-despues-enloquecen-si-no-los-ponen-en-una-suite.html\" target=\"_self\" rel=\"nofollow noopener\" title=\"https:\/\/elpais.com\/smoda\/famosos\/2024-11-23\/ursula-corbero-muchos-de-cara-a-la-galeria-rozan-lo-antisistema-pero-despues-enloquecen-si-no-los-ponen-en-una-suite.html\">\u00darsula Corber\u00f3<\/a> y me dijeron que con ella fui un borde\u201d, cantaba. Pero tambi\u00e9n estaba rumiando la idea de de un cambio. \u201cEmpec\u00e9 a darme cuenta que esa vida no me llenaba. Me despertaba con una resaca emocional que te chupa la felicidad varios d\u00edas\u201d. En este proceso, La Madrug\u00e1 ha sido el broche final para romper con su vida anterior. \u201cRecordar\u00e9 este disco como el click de mi cabeza. Me ha permitido ser m\u00e1s natural, transparente e incluso vulnerable. No me da miedo llorar delante de la gente\u201d, reconoce con orgullo, y a\u00f1ade que cree que hay que hablar m\u00e1s de las adicciones: \u201cNo me averg\u00fcenzo de <a href=\"https:\/\/elpais.com\/eps\/2024-08-04\/adictos-a-todo-cuando-lo-que-te-destroza-la-vida-parecia-inofensivo.html\" target=\"_self\" rel=\"nofollow noopener\" title=\"https:\/\/elpais.com\/eps\/2024-08-04\/adictos-a-todo-cuando-lo-que-te-destroza-la-vida-parecia-inofensivo.html\">haber sido adicto<\/a>. Hay miles de problemas en el mundo y este es uno. Voy con la cabeza muy alta\u201d.<\/p>\n<p class=\"\">\u00bfEn el centro pensaba en m\u00fasica? \u201cS\u00ed, pero llev\u00e9 mi MP3 y me lo quitaron pronto. Vas a hacer terapia, no a componer\u201d. \u00bfEs complicado no recaer? \u201cMuch\u00edsimo. Por eso es importante la ayuda profesional. Si quieres resultados, tienes que cambiar la estructura de las cosas que haces. Me cambi\u00e9 de tel\u00e9fono, estuve con un Nokia para desengancharme de las redes. No solo era adicto a las drogas, <a href=\"https:\/\/elpais.com\/tecnologia\/2025-06-18\/un-estudio-asocia-la-alta-adiccion-a-las-pantallas-con-ideas-suicidas-y-problemas-de-salud-mental-en-menores.html\" target=\"_self\" rel=\"nofollow noopener\" title=\"https:\/\/elpais.com\/tecnologia\/2025-06-18\/un-estudio-asocia-la-alta-adiccion-a-las-pantallas-con-ideas-suicidas-y-problemas-de-salud-mental-en-menores.html\">lo era tambi\u00e9n al feedback<\/a>. Ahora controlo much\u00edsimo el tiempo que uso el m\u00f3vil. Y a veces a\u00fan cuesta\u201d. <\/p>\n<p class=\"\">Pero el nuevo disco ha funcionado. Ha sido el s\u00e9ptimo mejor debut de un \u00e1lbum en la historia de Espa\u00f1a y cuenta con 4,8 millones de oyentes mensuales de Spotify. \u00bfLe importan? \u201cPues s\u00ed, cuando sale est\u00e1s pendiente. Pero no puedes hacerlo de forma compulsiva\u201d, advierte. La Madrug\u00e1 es tambi\u00e9n una evoluci\u00f3n en su m\u00fasica: tiene canciones m\u00e1s urbanas con invitados como Quevedo o Recycled J, pero tambi\u00e9n mel\u00f3dicas, con <a href=\"https:\/\/elpais.com\/america-colombia\/2025-05-19\/calamaro-le-dice-hasta-nunca-a-cali-por-la-reaccion-del-publico-contra-su-defensa-de-las-corridas-de-toros.html\" target=\"_self\" rel=\"nofollow noopener\" title=\"https:\/\/elpais.com\/america-colombia\/2025-05-19\/calamaro-le-dice-hasta-nunca-a-cali-por-la-reaccion-del-publico-contra-su-defensa-de-las-corridas-de-toros.html\">Andr\u00e9s Calamaro<\/a> o Tijeritas, pionero del flamenco pop y tambi\u00e9n de M\u00e1laga. Pero por ahora, como dice Delaossa, ya se ha pasado la fiesta. \u201cLa Madrug\u00e1 es un disco. Ahora toca seguir con la vida, que es lo que importa. Vendr\u00e1 m\u00e1s m\u00fasica, pero solo si sigo bien\u201d, afirma. Y en ese rumbo hay algo de milagro rutinario, de belleza rota que encuentra su lugar, como en las pel\u00edculas de Sorrentino: una celebraci\u00f3n serena del presente, donde el verdadero acto revolucionario es vivir, mirar hacia atr\u00e1s sin miedo y caminar hacia lo que venga.<\/p>\n","protected":false},"excerpt":{"rendered":"El rapero Daniel Mar\u00ednez, mejor conocido como Delaossa, posando en un mirador al sur de Italia.Cortes\u00eda (Cortes\u00eda) \u00bfQu\u00e9&hellip;\n","protected":false},"author":2,"featured_media":203576,"comment_status":"","ping_status":"","sticky":false,"template":"","format":"standard","meta":{"footnotes":""},"categories":[170],"tags":[505,794,146,147,25,24,5271,26754,184,185,29558,213,55811,23],"class_list":{"0":"post-203575","1":"post","2":"type-post","3":"status-publish","4":"format-standard","5":"has-post-thumbnail","7":"category-musica","8":"tag-artistas","9":"tag-drogas","10":"tag-entertainment","11":"tag-entretenimiento","12":"tag-es","13":"tag-espana","14":"tag-festivales-musica","15":"tag-icon","16":"tag-music","17":"tag-musica","18":"tag-paolo-sorrentino","19":"tag-rap","20":"tag-rehabilitacion-medica","21":"tag-spain"},"share_on_mastodon":{"url":"https:\/\/pubeurope.com\/@es\/115446193042071565","error":""},"_links":{"self":[{"href":"https:\/\/www.europesays.com\/es\/wp-json\/wp\/v2\/posts\/203575","targetHints":{"allow":["GET"]}}],"collection":[{"href":"https:\/\/www.europesays.com\/es\/wp-json\/wp\/v2\/posts"}],"about":[{"href":"https:\/\/www.europesays.com\/es\/wp-json\/wp\/v2\/types\/post"}],"author":[{"embeddable":true,"href":"https:\/\/www.europesays.com\/es\/wp-json\/wp\/v2\/users\/2"}],"replies":[{"embeddable":true,"href":"https:\/\/www.europesays.com\/es\/wp-json\/wp\/v2\/comments?post=203575"}],"version-history":[{"count":0,"href":"https:\/\/www.europesays.com\/es\/wp-json\/wp\/v2\/posts\/203575\/revisions"}],"wp:featuredmedia":[{"embeddable":true,"href":"https:\/\/www.europesays.com\/es\/wp-json\/wp\/v2\/media\/203576"}],"wp:attachment":[{"href":"https:\/\/www.europesays.com\/es\/wp-json\/wp\/v2\/media?parent=203575"}],"wp:term":[{"taxonomy":"category","embeddable":true,"href":"https:\/\/www.europesays.com\/es\/wp-json\/wp\/v2\/categories?post=203575"},{"taxonomy":"post_tag","embeddable":true,"href":"https:\/\/www.europesays.com\/es\/wp-json\/wp\/v2\/tags?post=203575"}],"curies":[{"name":"wp","href":"https:\/\/api.w.org\/{rel}","templated":true}]}}