{"id":203577,"date":"2025-10-27T12:44:15","date_gmt":"2025-10-27T12:44:15","guid":{"rendered":"https:\/\/www.europesays.com\/es\/203577\/"},"modified":"2025-10-27T12:44:15","modified_gmt":"2025-10-27T12:44:15","slug":"la-foto-del-gran-fichaje-del-cine-espanol","status":"publish","type":"post","link":"https:\/\/www.europesays.com\/es\/203577\/","title":{"rendered":"la foto del gran fichaje del cine espa\u00f1ol"},"content":{"rendered":"<p><img loading=\"lazy\" decoding=\"async\" src=\"https:\/\/www.europesays.com\/es\/wp-content\/uploads\/2025\/10\/1760450890_434_100x100_informalia-logo.jpg\" itemtype=\"\/\/schema.org\/ImageObject\" itemprop=\"url\" alt=\"Informalia\" width=\"64\" height=\"64\" pinger-seen=\"true\"\/><\/p>\n<p>Unos d\u00edas despu\u00e9s <a href=\"https:\/\/www.eleconomista.es\/informalia\/famosos\/noticias\/13603498\/10\/25\/tension-entre-antonio-banderas-y-melanie-griffith-dias-antes-de-la-boda-de-stella-del-carmen-a-el-no-le-gusta-eso.html\" title=\"Melanie Griffith hace una parada en Madrid tras la boda de Stella del Carmen: elegancia azul klein y ajena a la tensi\u00f3n con Antonio Banderas\" rel=\"nofollow noopener\" target=\"_blank\">del aterrizaje de Melanie Griffith en Madrid<\/a>, ciudad que visit\u00f3 <a href=\"https:\/\/www.eleconomista.es\/informalia\/famosos\/noticias\/13603498\/10\/25\/tension-entre-antonio-banderas-y-melanie-griffith-dias-antes-de-la-boda-de-stella-del-carmen-a-el-no-le-gusta-eso.html\" title=\"Melanie Griffith hace una parada en Madrid tras la boda de Stella del Carmen: elegancia azul klein y ajena a la tensi\u00f3n con Antonio Banderas\" rel=\"nofollow noopener\" target=\"_blank\">tras la boda de su hija en com\u00fan con Antonio Banderas, Stella del Carmen<\/a>, en Valladolid, otra gran estrella de Hollywood se ha dejado ver por las calles de la capital. Se trata de <b>Glenn Close<\/b>, el nuevo fichaje de Javier Calvo y Javier Ambrossi para su nueva pel\u00edcula, La bola negra, basada en la obra inacabada de Federico Garc\u00eda Lorca.<\/p>\n<p>La protagonista de largometrajes como Atracci\u00f3n fatal o Las amistades peligrosas public\u00f3 este fin de semana una imagen desde el avi\u00f3n donde posaba aparentemente dormida. <b>\u00abSaltando a Madrid durante dos d\u00edas\u00bb<\/b>, se le\u00eda en el post. \u00abPip no ha podido seguir el ritmo con su espa\u00f1ol, as\u00ed que se ha vuelto para Berl\u00edn\u00bb, comentaba despu\u00e9s, en referencia a su perro, que suele acompa\u00f1arla en algunas presentaciones. El can se ha quedado en tierras germanas, donde la artista de 78 a\u00f1os trabaja en la precuela de Los juegos del Hambre titulada Sunrise on the Reaping.<\/p>\n<p>                            <img decoding=\"async\" src=\"https:\/\/www.europesays.com\/es\/wp-content\/uploads\/2025\/10\/770x_138d499ddb7b-570096183181903787413286446019118685360505749n.jpg\" loading=\"lazy\"\/><\/p>\n<p>                            Glenn Close de camino a Madrid<\/p>\n<p>M\u00e1s tarde, una nueva fotograf\u00eda arrasaba en las redes sociales: se trataba de un posado en el que la actriz aparec\u00eda muy cari\u00f1osa del brazo de Javier Calvo, <b>dando un tranquilo paseo por las calles al caer la tarde<\/b>. \u00abMother is in town\u00bb (Madre est\u00e1 en la ciudad), dec\u00eda en ingl\u00e9s el actor, guionista, productor y director para definir la imagen.<\/p>\n<p>El pasado 19 de mayo, durante la presentaci\u00f3n de la cinta en el Festival de Cannes, Los Javis avanzaron que les quedaban por desvelar \u00abalgunas sorpresas\u00bb. Los directores se refer\u00edan al reparto que les acompa\u00f1ar\u00eda en el proyecto, guard\u00e1ndose algunos ases en la manga. Primero confirmaron la presencia de <b>Pen\u00e9lope Cruz<\/b>, un gran fichaje teniendo en cuenta la amplia y reconocida trayectoria de la actriz fuera de nuestras fronteras. Nadie esperaba que el siguiente nombre ser\u00eda el otra grand\u00edsima estrella como es Glenn Close. Por su parte, <b>Lola Due\u00f1as<\/b> tambi\u00e9n trabajar\u00e1 en la pel\u00edcula.<\/p>\n<p>                            <img decoding=\"async\" src=\"https:\/\/www.europesays.com\/es\/wp-content\/uploads\/2025\/10\/GLENN2.jpg\" loading=\"lazy\"\/><\/p>\n<p>                            Glenn Close y Javier Calvo en Madrid<\/p>\n<p>Como dec\u00edamos, La bola negra repasa la obra inacabada de Lorca y explora <b>temas como la sexualidad, el deseo, el dolor y la herencia<\/b>. Trata sobre las vidas interconectadas de tres hombres en tres \u00e9pocas distintas: 1932, 1937 y 2017.<\/p>\n<p>WhatsApp<a href=\"https:\/\/api.whatsapp.com\/send?text=https:\/\/www.eleconomista.es\/informalia\/famosos\/noticias\/13612557\/10\/25\/el-fin-de-semana-de-glenn-close-en-madrid-para-rodar-con-penelope-cruz-y-los-javis-la-foto-del-gran-fichaje-del-cine-espanol.html?utm_source%3Dwhatsapp%26utm_medium%3Dshare_button&amp;id=1648118629957_whatsapp\" target=\"_blank\" data-action=\"share\/whatsapp\/share\" aria-label=\"Compartir en Whatsapp\" rel=\"nofollow noopener\"><\/a>Facebook<a id=\"fb-share\" href=\"#\" target=\"_blank\" rel=\"noopener noreferrer\" aria-label=\"Compartir en Facebook\"><\/a>Twitter<a href=\"https:\/\/twitter.com\/share?text=El+fin+de+semana+de+Glenn+Close+en+Madrid+para+rodar+con+Pen%C3%A9lope+Cruz+y+los+Javis%3A+la+foto+del+gran+fichaje+del+cine+espa%C3%B1ol&amp;url=https:\/\/www.eleconomista.es\/informalia\/famosos\/noticias\/13612557\/10\/25\/el-fin-de-semana-de-glenn-close-en-madrid-para-rodar-con-penelope-cruz-y-los-javis-la-foto-del-gran-fichaje-del-cine-espanol.html&amp;via=Informalia&amp;id=1648118839245_twitter\" target=\"_blank\" aria-label=\"Compartir en Twitter\" rel=\"nofollow noopener\"><\/a>Linkedin<a onclick=\"return abrirLinkedin();\" href=\"https:\/\/www.linkedin.com\/shareArticle?text=El+fin+de+semana+de+Glenn+Close+en+Madrid+para+rodar+con+Pen%C3%A9lope+Cruz+y+los+Javis%3A+la+foto+del+gran+fichaje+del+cine+espa%C3%B1ol&amp;url=https:\/\/www.eleconomista.es\/informalia\/famosos\/noticias\/13612557\/10\/25\/el-fin-de-semana-de-glenn-close-en-madrid-para-rodar-con-penelope-cruz-y-los-javis-la-foto-del-gran-fichaje-del-cine-espanol.html&amp;mini=true\" target=\"_blank\" aria-label=\"Compartir en linkedin\" rel=\"nofollow noopener\"><\/a>Beloud<a href=\"https:\/\/beloud.com\/share?text=El+fin+de+semana+de+Glenn+Close+en+Madrid+para+rodar+con+Pen%C3%A9lope+Cruz+y+los+Javis%3A+la+foto+del+gran+fichaje+del+cine+espa%C3%B1ol&amp;url=https:\/\/www.eleconomista.es\/informalia\/famosos\/noticias\/13612557\/10\/25\/el-fin-de-semana-de-glenn-close-en-madrid-para-rodar-con-penelope-cruz-y-los-javis-la-foto-del-gran-fichaje-del-cine-espanol.html&amp;via=Informalia&amp;id=1648118839245_beloud\" target=\"_blank\" aria-label=\"Compartir en beloud\" rel=\"nofollow noopener\"><\/a>Bluesky<a href=\"https:\/\/bsky.app\/intent\/compose?text=https:\/\/bsky.app\/intent\/compose?text=https:\/\/www.eleconomista.es\/informalia\/famosos\/noticias\/13612557\/10\/25\/el-fin-de-semana-de-glenn-close-en-madrid-para-rodar-con-penelope-cruz-y-los-javis-la-foto-del-gran-fichaje-del-cine-espanol.html&amp;url=https:\/\/www.eleconomista.es\/informalia\/famosos\/noticias\/13612557\/10\/25\/el-fin-de-semana-de-glenn-close-en-madrid-para-rodar-con-penelope-cruz-y-los-javis-la-foto-del-gran-fichaje-del-cine-espanol.html&amp;via=elEconomistaes&amp;id=1648118839245_bluesky\" target=\"_blank\" aria-label=\"Compartir en bluesky\" rel=\"nofollow noopener\"><\/a><\/p>\n<p><script async src=\"https:\/\/platform.twitter.com\/widgets.js\" charset=\"utf-8\"><\/script><\/p>\n","protected":false},"excerpt":{"rendered":"Unos d\u00edas despu\u00e9s del aterrizaje de Melanie Griffith en Madrid, ciudad que visit\u00f3 tras la boda de su&hellip;\n","protected":false},"author":2,"featured_media":203578,"comment_status":"","ping_status":"","sticky":false,"template":"","format":"standard","meta":{"footnotes":""},"categories":[169],"tags":[177,146,147,25,24,176,260,175,23],"class_list":{"0":"post-203577","1":"post","2":"type-post","3":"status-publish","4":"format-standard","5":"has-post-thumbnail","7":"category-cine","8":"tag-cine","9":"tag-entertainment","10":"tag-entretenimiento","11":"tag-es","12":"tag-espana","13":"tag-film","14":"tag-gente","15":"tag-movies","16":"tag-spain"},"share_on_mastodon":{"url":"https:\/\/pubeurope.com\/@es\/115446196980745351","error":""},"_links":{"self":[{"href":"https:\/\/www.europesays.com\/es\/wp-json\/wp\/v2\/posts\/203577","targetHints":{"allow":["GET"]}}],"collection":[{"href":"https:\/\/www.europesays.com\/es\/wp-json\/wp\/v2\/posts"}],"about":[{"href":"https:\/\/www.europesays.com\/es\/wp-json\/wp\/v2\/types\/post"}],"author":[{"embeddable":true,"href":"https:\/\/www.europesays.com\/es\/wp-json\/wp\/v2\/users\/2"}],"replies":[{"embeddable":true,"href":"https:\/\/www.europesays.com\/es\/wp-json\/wp\/v2\/comments?post=203577"}],"version-history":[{"count":0,"href":"https:\/\/www.europesays.com\/es\/wp-json\/wp\/v2\/posts\/203577\/revisions"}],"wp:featuredmedia":[{"embeddable":true,"href":"https:\/\/www.europesays.com\/es\/wp-json\/wp\/v2\/media\/203578"}],"wp:attachment":[{"href":"https:\/\/www.europesays.com\/es\/wp-json\/wp\/v2\/media?parent=203577"}],"wp:term":[{"taxonomy":"category","embeddable":true,"href":"https:\/\/www.europesays.com\/es\/wp-json\/wp\/v2\/categories?post=203577"},{"taxonomy":"post_tag","embeddable":true,"href":"https:\/\/www.europesays.com\/es\/wp-json\/wp\/v2\/tags?post=203577"}],"curies":[{"name":"wp","href":"https:\/\/api.w.org\/{rel}","templated":true}]}}