{"id":203599,"date":"2025-10-27T13:02:07","date_gmt":"2025-10-27T13:02:07","guid":{"rendered":"https:\/\/www.europesays.com\/es\/203599\/"},"modified":"2025-10-27T13:02:07","modified_gmt":"2025-10-27T13:02:07","slug":"amaia-montero-habla-por-primera-vez-tras-su-vuelta-a-la-oreja-de-van-gogh-las-oportunidades-nacen-cuando-decides-que-mereces-otra-el-mundo","status":"publish","type":"post","link":"https:\/\/www.europesays.com\/es\/203599\/","title":{"rendered":"Amaia Montero habla por primera vez tras su vuelta a La Oreja de Van Gogh: &quot;Las oportunidades nacen cuando decides que mereces otra&quot; &#8211; El Mundo"},"content":{"rendered":"<ol>\n<li><a href=\"https:\/\/news.google.com\/rss\/articles\/CBMihgFBVV95cUxQZlJPQ1AtR1owckZFajY4SkticzJKbFVMaU1jT29DdnVkbW1mZXJGNDlNN1VyWWtJSWNyUGFQYzVPSmpZUnZyWUJ0VXk4MDFhbmllTkI5S2FfQ0YyQ0RWMEk5RG5sTnltWVNUaGIxd09RRDVnY0ZuWTdaTmJsaFdGVWE3MDNFd9IBhgFBVV95cUxOUVlMTVRaWG1JVnplLTR5QWdGdUNiYVdTWG5RaGpUWkd3VjVwSXZ0UGdfTHp3cU1NaGo0OXd2dDZ4NWhaT0Q0cTA3ZHdwNjM5XzZvaHZKWkdPVW43X2tVcU9XSlV0WkJkSmNfMnFMN2pQTHpicl9GNzdJakVpeHBPWEYyb3ZWQQ?oc=5\" target=\"_blank\" rel=\"nofollow noopener\">Amaia Montero habla por primera vez tras su vuelta a La Oreja de Van Gogh: \u00abLas oportunidades nacen cuando decides que mereces otra\u00bb<\/a>&nbsp;&nbsp;El Mundo<\/li>\n<li><a href=\"https:\/\/news.google.com\/rss\/articles\/CBMipwFBVV95cUxOQ3dENTQydFNfUmw3d09vZkhDRnkxR2toUzdidnMwekgzYlVyaXlTTGs3Zl9xbHNCU05qX0t0WTVsT3Yyc3FTM3JpWndrVEhfZ0ItdE5wNUxFNnNYbi1lQWtRYzZVZENmUVVGUElybnpVWFl5cDJFM2NZV25PbWdlWThQUzhuYVZPZHJQbVNuUko3Q2NVLWwtOWVLNVJ4eHlkYnhHUThYaw?oc=5\" target=\"_blank\" rel=\"nofollow noopener\">Primeras palabras de Amaia Montero tras su regreso a La Oreja de Van Gogh: \u00abDurante 6 a\u00f1os pens\u00e9 que no podr\u00eda m\u00e1s\u00bb<\/a>&nbsp;&nbsp;HOLA<\/li>\n<li><a href=\"https:\/\/news.google.com\/rss\/articles\/CBMiqgFBVV95cUxPM2NPZDB5dkJ1OUFlZVJmamRkbkVocTRoWnI5STBDMkRGbHlGM2tCV2VpX3VVc0R4VGRKZ2puSzQzNElTTFNlbFB3c1k3TnRBZFYyc0c1Y0pUU0h3ekh4WHl2R3doYlNheVBxOE5wODM3UE43bmNQUmQyNm5LbDAtV2Y1ZFJvM1ppMXVEX2NCUUZCYkQ2UnFobF9waXUydHNwanpoN3hBOV9nUdIBvgFBVV95cUxPV2lnLUNvZG5mYlRaVThuZVI0SUdZZWotaWlSUHIyeVJ0Y0h3YjdCY2tzTXVQRDRiWXVLU2t5NlZROWd6aWtwZ1k0Y0pMMS1TY0xhUGMySVJyLXdIVTJraHJXUnVsaE9ObmVLZkJhSjRyMWVqMW5DUzlzV3l0NDhVX05YSHUtOWV6TXFoQnVCQmRHT0JYZ1VpbldMZ0lOdHBrXzRFS3gxcm9SbjFZLTZBQnVVdV8yS2tMaGdsYWhn?oc=5\" target=\"_blank\" rel=\"nofollow noopener\">El peor momento de Amaia Montero, de La Oreja de Van Gogh: \u201cLetal\u201d<\/a>&nbsp;&nbsp;Diario AS<\/li>\n<li><a href=\"https:\/\/news.google.com\/rss\/articles\/CBMimwFBVV95cUxPZno1bnh1dlRNX0ZsWFB4WmhhNS1HMHVHMUxfV3puWkZxR1V5N2c5NmJ3QmtoV1RYclQwS3JnZGxPeXZ6czhRT1pPMFNPVUdLb0F1dUNxLWRzcmk1SFhjSS1QMmFxTDZ5YkxGc0o0V0wwTER4WGRGWEVNek9BM0V6ZllWTHV4UDlYU0ZQWXJWbzdza09IRWdTY1lwY9IBoAFBVV95cUxOU1RUbDh2MGtYNEVESmNxQVE5RzlyVG5wSGNtX1FSb29BTnJsRGFkMUZiMTlJbEppbmRMX29QNk1RR2dRNldkNkQ2eFpjR2VtRUg2eC1vcFh6MGNRZlFzNHpLTHNRZ2dQbGZ4VmtjSnYtVGRKX3g2UmFaVFlxaWxiMEVkXzlMclkzU05KcFBVeWlhLVFQNjYycWVneVBtdG1u?oc=5\" target=\"_blank\" rel=\"nofollow noopener\">\u00abPens\u00e9 que no podr\u00eda m\u00e1s\u00bb: Amaia Montero habla tras las cr\u00edticas sobre su regreso a &#8216;La Oreja de Van Gogh&#8217;<\/a>&nbsp;&nbsp;El Confidencial<\/li>\n<\/ol>\n","protected":false},"excerpt":{"rendered":"Amaia Montero habla por primera vez tras su vuelta a La Oreja de Van Gogh: \u00abLas oportunidades nacen&hellip;\n","protected":false},"author":2,"featured_media":203600,"comment_status":"","ping_status":"","sticky":false,"template":"","format":"standard","meta":{"footnotes":""},"categories":[174],"tags":[20219,255,146,147,25,24,256,721,10536,23,6761],"class_list":{"0":"post-203599","1":"post","2":"type-post","3":"status-publish","4":"format-standard","5":"has-post-thumbnail","7":"category-famosos","8":"tag-amaia-montero","9":"tag-celebrities","10":"tag-entertainment","11":"tag-entretenimiento","12":"tag-es","13":"tag-espana","14":"tag-famosos","15":"tag-loc","16":"tag-loc-celebrities","17":"tag-spain","18":"tag-tresb"},"share_on_mastodon":{"url":"https:\/\/pubeurope.com\/@es\/115446267516850265","error":""},"_links":{"self":[{"href":"https:\/\/www.europesays.com\/es\/wp-json\/wp\/v2\/posts\/203599","targetHints":{"allow":["GET"]}}],"collection":[{"href":"https:\/\/www.europesays.com\/es\/wp-json\/wp\/v2\/posts"}],"about":[{"href":"https:\/\/www.europesays.com\/es\/wp-json\/wp\/v2\/types\/post"}],"author":[{"embeddable":true,"href":"https:\/\/www.europesays.com\/es\/wp-json\/wp\/v2\/users\/2"}],"replies":[{"embeddable":true,"href":"https:\/\/www.europesays.com\/es\/wp-json\/wp\/v2\/comments?post=203599"}],"version-history":[{"count":0,"href":"https:\/\/www.europesays.com\/es\/wp-json\/wp\/v2\/posts\/203599\/revisions"}],"wp:featuredmedia":[{"embeddable":true,"href":"https:\/\/www.europesays.com\/es\/wp-json\/wp\/v2\/media\/203600"}],"wp:attachment":[{"href":"https:\/\/www.europesays.com\/es\/wp-json\/wp\/v2\/media?parent=203599"}],"wp:term":[{"taxonomy":"category","embeddable":true,"href":"https:\/\/www.europesays.com\/es\/wp-json\/wp\/v2\/categories?post=203599"},{"taxonomy":"post_tag","embeddable":true,"href":"https:\/\/www.europesays.com\/es\/wp-json\/wp\/v2\/tags?post=203599"}],"curies":[{"name":"wp","href":"https:\/\/api.w.org\/{rel}","templated":true}]}}