{"id":203601,"date":"2025-10-27T13:03:10","date_gmt":"2025-10-27T13:03:10","guid":{"rendered":"https:\/\/www.europesays.com\/es\/203601\/"},"modified":"2025-10-27T13:03:10","modified_gmt":"2025-10-27T13:03:10","slug":"big-realizara-un-hotel-cerca-del-estadio-santiago-bernabeu-metalocus","status":"publish","type":"post","link":"https:\/\/www.europesays.com\/es\/203601\/","title":{"rendered":"BIG realizar\u00e1 un hotel cerca del estadio Santiago Bernab\u00e9u &#8211; Metalocus"},"content":{"rendered":"<ol>\n<li><a href=\"https:\/\/news.google.com\/rss\/articles\/CBMimwFBVV95cUxPaVRFOHJRNmNTRlE5ZkdFdDUwQmxlQ1RWTGIteGh0bXZ5TXplVm1sejRJQWY2b3FjanZ2UGNiTF9MYnh3OVFtR0NVS0JyRVF3MmNtR3JSbXdGeXZYMEVhb1hwRU1QcExuY1ZLeXdPZUlVdDN2Z2pkeXdKYmsyV3VTWlJCV3pGWkJTMVYyVU9zVkxyX1JQeXlyZFJSMA?oc=5\" target=\"_blank\" rel=\"nofollow noopener\">BIG realizar\u00e1 un hotel cerca del estadio Santiago Bernab\u00e9u<\/a>&nbsp;&nbsp;Metalocus<\/li>\n<li><a href=\"https:\/\/news.google.com\/rss\/articles\/CBMiuwFBVV95cUxPYnQ0VnBMXzRKa0JmM2s2Z05ScGdpTE5pTnRrVEJUMmY2eF9PeUFsZFJUaTlPNjFJUGhvdmZuS3Y1dlRHS3M4OHM0VGsxODFyQWZJQ0ZfVDFQZUdOMUJjOFp1UHFzcER5bndySHVkQ2MzSW00b1BzS2pIdDFfdHI4Zmh4MXpjc0dPdlk3U2xId2pEbS1Lem5tdE90LTJIYmhhaWd4bmh5N053ZVNrdzdRUi1kWXNKMzJuRVlR?oc=5\" target=\"_blank\" rel=\"nofollow noopener\">As\u00ed ser\u00e1 el \u00fanico hotel de lujo junto al Bernab\u00e9u: ba\u00f1os con vistas y revoluci\u00f3n n\u00f3rdica<\/a>&nbsp;&nbsp;El Confidencial<\/li>\n<li><a href=\"https:\/\/news.google.com\/rss\/articles\/CBMihAFBVV95cUxOYk9BYmZyMnhsazJ1dnEyeEVqMkR3cVJybEl4a0ctd2tuWTR5dFI2bFhKM1hxZUJoM2dfaGVZYVNiaUY5a19Jenl0aHVIMFgtMy1XYURvYWFmNjJaams2SUZjX0UxeGtZMHpmeUt6ekJyQmZQaEkzcVBiSVZWejNIWFRpdXU?oc=5\" target=\"_blank\" rel=\"nofollow noopener\">Hotel General Per\u00f3n 27 en Madrid, de BIG<\/a>&nbsp;&nbsp;Arquitectura Viva<\/li>\n<li><a href=\"https:\/\/news.google.com\/rss\/articles\/CBMi0gFBVV95cUxOcWNYSFFONExqcUw0VWJUV0hVVnhScmhJYkM0eTF3M0hweGJVOU1qOUhVS2hZU3Q5R2FjV19Pd3p1dzhhemN4cXltaTMzNnZlUnlkRHJPZGVrMExCbWdpdU1Tc3pTRmxYQUVMa2Z4VHJaWUxWUVFqRHFrb0dnTmJmVjRjalZMbDhIbjNic3UwaVA4bm8xekRCVVE2V2Z3cTZ1WjIzSFM5NW9tVUktcWZBSGJ4aXRhblZuWWltVjJyZkZ4T0tBWTlQdkRwTjZHaW9DTWc?oc=5\" target=\"_blank\" rel=\"nofollow noopener\">La socimi Ibervalles levantar\u00e1 un hotel de lujo en el centro financiero de Madrid y busca operador<\/a>&nbsp;&nbsp;Hosteltur<\/li>\n<li><a href=\"https:\/\/news.google.com\/rss\/articles\/CBMiogNBVV95cUxNbFI1ZDRxLWRramRBeVVuYm9vUVhWSzBEZFBYWS1GcXpidGRaai1Vd3BtUGJOeWxSdGVVa1ZoeDA0RnBuM0RzbGxJWDAtc3NkNnFfQ2xNU3J4MTllYzRvZWFiS09RLWZ5RTVCYkxKcTdfT2VDUFRsTlNSekdTX3RyMW85RXNYd1NTVFZsVFFFcGRkZHRndzd0TGdBMGo4WXpMY2stWlgwXzBnZFhSUGFJbGlzVnpZVjlFM1V5TnJ6RjRGWkhGdHVHcDZocTVBbXhudFJmdk5kOTlpUUxiMG1EZkdmbVl4TGVZTXdfOFQ5c29SSDY1el9udVdwWTFMTmtlZnEyUTBxRDNydkZ2Rndna0xjbS1rVVI3WjM2Y0RaQmNNZC05WUhuT3pCckxzanBISXJabDdLbU44YXlnX29tTVIzUEExUlI0V2o5M2MxTDk2Y2JvOXd5VVEybFZSamFoLUlveWc2QmFuOWJZZURNY0tLNDdjZ2lfQ0JlT0wxcUpaRWo5bHVoMWRoMmJEVmVNcGk1MG1jeTM3cWFEVkpSbmtn?oc=5\" target=\"_blank\" rel=\"nofollow noopener\">Carabante participa en la presentaci\u00f3n de las obras de un nuevo hotel de lujo en Azca<\/a>&nbsp;&nbsp;Ayuntamiento de Madrid<\/li>\n<\/ol>\n","protected":false},"excerpt":{"rendered":"BIG realizar\u00e1 un hotel cerca del estadio Santiago Bernab\u00e9u&nbsp;&nbsp;Metalocus As\u00ed ser\u00e1 el \u00fanico hotel de lujo junto al&hellip;\n","protected":false},"author":2,"featured_media":203602,"comment_status":"","ping_status":"","sticky":false,"template":"","format":"standard","meta":{"footnotes":""},"categories":[173],"tags":[229,233,231,230,232,234,146,147,25,24,23],"class_list":{"0":"post-203601","1":"post","2":"type-post","3":"status-publish","4":"format-standard","5":"has-post-thumbnail","7":"category-arte-y-diseno","8":"tag-arte","9":"tag-arte-y-diseno","10":"tag-arts","11":"tag-arts-and-design","12":"tag-design","13":"tag-diseno","14":"tag-entertainment","15":"tag-entretenimiento","16":"tag-es","17":"tag-espana","18":"tag-spain"},"share_on_mastodon":{"url":"https:\/\/pubeurope.com\/@es\/115446271370996824","error":""},"_links":{"self":[{"href":"https:\/\/www.europesays.com\/es\/wp-json\/wp\/v2\/posts\/203601","targetHints":{"allow":["GET"]}}],"collection":[{"href":"https:\/\/www.europesays.com\/es\/wp-json\/wp\/v2\/posts"}],"about":[{"href":"https:\/\/www.europesays.com\/es\/wp-json\/wp\/v2\/types\/post"}],"author":[{"embeddable":true,"href":"https:\/\/www.europesays.com\/es\/wp-json\/wp\/v2\/users\/2"}],"replies":[{"embeddable":true,"href":"https:\/\/www.europesays.com\/es\/wp-json\/wp\/v2\/comments?post=203601"}],"version-history":[{"count":0,"href":"https:\/\/www.europesays.com\/es\/wp-json\/wp\/v2\/posts\/203601\/revisions"}],"wp:featuredmedia":[{"embeddable":true,"href":"https:\/\/www.europesays.com\/es\/wp-json\/wp\/v2\/media\/203602"}],"wp:attachment":[{"href":"https:\/\/www.europesays.com\/es\/wp-json\/wp\/v2\/media?parent=203601"}],"wp:term":[{"taxonomy":"category","embeddable":true,"href":"https:\/\/www.europesays.com\/es\/wp-json\/wp\/v2\/categories?post=203601"},{"taxonomy":"post_tag","embeddable":true,"href":"https:\/\/www.europesays.com\/es\/wp-json\/wp\/v2\/tags?post=203601"}],"curies":[{"name":"wp","href":"https:\/\/api.w.org\/{rel}","templated":true}]}}