{"id":203613,"date":"2025-10-27T13:10:13","date_gmt":"2025-10-27T13:10:13","guid":{"rendered":"https:\/\/www.europesays.com\/es\/203613\/"},"modified":"2025-10-27T13:10:13","modified_gmt":"2025-10-27T13:10:13","slug":"richard-gere-y-alejandra-silva-dicen-adios-a-espana-un-hogar-en-nueva-york-un-refugio-en-mexico-y-algunos-planes-espanoles-que-han-quedado-en-el-aire","status":"publish","type":"post","link":"https:\/\/www.europesays.com\/es\/203613\/","title":{"rendered":"Richard Gere y Alejandra Silva dicen adi\u00f3s a Espa\u00f1a: un hogar en Nueva York, un refugio en M\u00e9xico y algunos planes espa\u00f1oles que han quedado en el aire"},"content":{"rendered":"<p><strong><a href=\"https:\/\/www.revistavanityfair.es\/articulos\/richard-gere-y-alejandra-silva-huyen-de-la-ola-de-calor-vacaciones-en-connecticut-yoga-al-amanecer-y-dias-en-barco-rodeados-de-buenos-amigos\" rel=\"nofollow noopener\" target=\"_blank\">Richard Gere y Alejandra Silva<\/a> dicen adi\u00f3s a su sue\u00f1o espa\u00f1ol<\/strong> tan solo un a\u00f1o despu\u00e9s de aterrizar en la capital. <a href=\"https:\/\/www.revistavanityfair.es\/articulos\/richard-gere-alejandra-silva-vida-en-madrid-cumpleanos-maldivas\" rel=\"nofollow noopener\" target=\"_blank\">El matrimonio y sus dos hijos<\/a> han regresado a Estados Unidos doce meses despu\u00e9s de <a href=\"https:\/\/www.revistavanityfair.es\/articulos\/richard-gere-y-su-vida-en-madrid-alejandra-instagram\" rel=\"nofollow noopener\" target=\"_blank\">haberse instalado en una bonita casa con jard\u00edn en la exclusiva urbanizaci\u00f3n de La Moraleja<\/a>, en el norte de Madrid. <strong>\u201cHa sido fabuloso\u201d,<\/strong> dec\u00eda <a href=\"https:\/\/www.revistavanityfair.es\/articulos\/richard-gere-compromiso-con-el-tibet-visita-india-holanda\" rel=\"nofollow noopener\" target=\"_blank\">Richard Gere<\/a> en Hello! al ser preguntado sobre si era cierto el rumor que apuntaba que tanto \u00e9l como su familia hab\u00edan regresado a Estados Unidos.<\/p>\n<p><img decoding=\"async\" alt=\"Richard Gere y su mujer han pasado un a\u00f1o en Madrid.\" loading=\"lazy\" class=\"ResponsiveImageContainer-eNxvmU cfBbTk responsive-image__image\"   src=\"https:\/\/www.europesays.com\/es\/wp-content\/uploads\/2025\/10\/GettyImages-2211510230.jpg\"\/><\/p>\n<p>Richard Gere y su mujer han pasado un a\u00f1o en Madrid.<\/p>\n<p>Craig Barritt\/Getty Images<\/p>\n<p><strong>\u00abAhora hemos vuelto aqu\u00ed, pero&#8230; nuestra familia estuvo en Espa\u00f1a durante un a\u00f1o.<\/strong> Y lo m\u00e1s importante que puedo decir es que Ale estaba realmente feliz por su familia, sus amigos, su cultura, su ciudad. Y la comida. Todo eso, todas esas cosas estupendas de la cultura. As\u00ed que ha sido fabuloso\u00bb, explicaba <a href=\"https:\/\/www.revistavanityfair.es\/galerias\/richard-gere-antonia-dellatte-lauren-hutton-ultimo-desfile-giorgio-armani\" rel=\"nofollow noopener\" target=\"_blank\">el protagonista de <strong>Pretty Woman<\/strong><\/a> durante la proyecci\u00f3n de <a href=\"https:\/\/www.revistavanityfair.es\/articulos\/richard-gere-entrevista-flotilla-israel-palestina-dalai-lama\" rel=\"nofollow noopener\" target=\"_blank\">su documental <strong>Sabidur\u00eda de la felicidad<\/strong><\/a> al ser preguntado sobre los escasos doce meses que han pasado en Madrid y donde en un principio ten\u00edan pensado, <a href=\"https:\/\/www.revistavanityfair.es\/articulos\/richard-gere-alejandra-silva-entrevista-mudanza-espana\" rel=\"nofollow noopener\" target=\"_blank\">como \u00e9l mismo cont\u00f3 en Vanity Fair, al menos seis a\u00f1os<\/a>. \u201cAlejandra fue muy generosa al darme seis a\u00f1os viviendo en mi mundo, as\u00ed que es justo que yo le d\u00e9 al menos otros seis viviendo en el suyo\u00bb, dec\u00eda en abril de 2024.<\/p>\n<p>Parece que los proyectos profesionales del actor en su pa\u00eds de nacimiento as\u00ed como el trabajo que hace para la fundaci\u00f3n que lleva su nombre y con la que viaja con frecuencia por el mundo podr\u00edan haber sido el motivo principal de este cambio de planes. Ahora mismo, <a href=\"https:\/\/www.revistavanityfair.es\/articulos\/richard-gere-sex-symbol-carrera-inicios-mito-erotico\" rel=\"nofollow noopener\" target=\"_blank\">Gere<\/a> se encuentra promocionando Sabidur\u00eda de la felicidad, un documental producido por \u00e9l que presenta una conversaci\u00f3n \u00edntima con <strong>el Dalai Lama<\/strong> sobre la paz interior, la compasi\u00f3n y c\u00f3mo alcanzar la felicidad en el siglo XXI. Aunque la pel\u00edcula se estren\u00f3 en abril y est\u00e1 disponible en varias plataformas, es ahora cuando el int\u00e9rprete est\u00e1 recorriendo algunos lugares para darlo a conocer a\u00fan m\u00e1s. Adem\u00e1s, en Estados Unidos vive el hijo mayor de Gere, <a href=\"https:\/\/www.revistavanityfair.es\/articulos\/hijo-mayor-richard-gere-homer-quien-es-madre-carey-lowell\" rel=\"nofollow noopener\" target=\"_blank\"><strong>Homer Gere<\/strong><\/a>, y sus hijos menores nacieron y se han criado en el pa\u00eds norteamericano, por lo que parece que es m\u00e1s c\u00f3modo para todos seguir teniendo su base familiar al otro lado del charco.<\/p>\n","protected":false},"excerpt":{"rendered":"Richard Gere y Alejandra Silva dicen adi\u00f3s a su sue\u00f1o espa\u00f1ol tan solo un a\u00f1o despu\u00e9s de aterrizar&hellip;\n","protected":false},"author":2,"featured_media":203614,"comment_status":"","ping_status":"","sticky":false,"template":"","format":"standard","meta":{"footnotes":""},"categories":[91],"tags":[55815,146,147,25,24,20279,23],"class_list":{"0":"post-203613","1":"post","2":"type-post","3":"status-publish","4":"format-standard","5":"has-post-thumbnail","7":"category-entretenimiento","8":"tag-alejandra-silva","9":"tag-entertainment","10":"tag-entretenimiento","11":"tag-es","12":"tag-espana","13":"tag-richard-gere","14":"tag-spain"},"share_on_mastodon":{"url":"https:\/\/pubeurope.com\/@es\/115446299060425232","error":""},"_links":{"self":[{"href":"https:\/\/www.europesays.com\/es\/wp-json\/wp\/v2\/posts\/203613","targetHints":{"allow":["GET"]}}],"collection":[{"href":"https:\/\/www.europesays.com\/es\/wp-json\/wp\/v2\/posts"}],"about":[{"href":"https:\/\/www.europesays.com\/es\/wp-json\/wp\/v2\/types\/post"}],"author":[{"embeddable":true,"href":"https:\/\/www.europesays.com\/es\/wp-json\/wp\/v2\/users\/2"}],"replies":[{"embeddable":true,"href":"https:\/\/www.europesays.com\/es\/wp-json\/wp\/v2\/comments?post=203613"}],"version-history":[{"count":0,"href":"https:\/\/www.europesays.com\/es\/wp-json\/wp\/v2\/posts\/203613\/revisions"}],"wp:featuredmedia":[{"embeddable":true,"href":"https:\/\/www.europesays.com\/es\/wp-json\/wp\/v2\/media\/203614"}],"wp:attachment":[{"href":"https:\/\/www.europesays.com\/es\/wp-json\/wp\/v2\/media?parent=203613"}],"wp:term":[{"taxonomy":"category","embeddable":true,"href":"https:\/\/www.europesays.com\/es\/wp-json\/wp\/v2\/categories?post=203613"},{"taxonomy":"post_tag","embeddable":true,"href":"https:\/\/www.europesays.com\/es\/wp-json\/wp\/v2\/tags?post=203613"}],"curies":[{"name":"wp","href":"https:\/\/api.w.org\/{rel}","templated":true}]}}