{"id":203619,"date":"2025-10-27T13:14:09","date_gmt":"2025-10-27T13:14:09","guid":{"rendered":"https:\/\/www.europesays.com\/es\/203619\/"},"modified":"2025-10-27T13:14:09","modified_gmt":"2025-10-27T13:14:09","slug":"el-juicio-al-fiscal-general-la-pareja-de-ayuso-declarara-el-4-de-noviembre-y-garcia-ortiz-el-12-espana","status":"publish","type":"post","link":"https:\/\/www.europesays.com\/es\/203619\/","title":{"rendered":"El juicio al fiscal general: la pareja de Ayuso declarar\u00e1 el 4 de noviembre y Garc\u00eda Ortiz, el 12 | Espa\u00f1a"},"content":{"rendered":"<p class=\"\">El <a href=\"https:\/\/elpais.com\/espana\/2025-09-22\/la-fiscalia-reclama-al-supremo-la-absolucion-de-garcia-ortiz.html\" target=\"_self\" rel=\"nofollow noopener\" title=\"https:\/\/elpais.com\/espana\/2025-09-22\/la-fiscalia-reclama-al-supremo-la-absolucion-de-garcia-ortiz.html\">juicio al fiscal general del Estado empezar\u00e1 el pr\u00f3ximo lunes<\/a>, 3 de noviembre, con la declaraci\u00f3n del fiscal que denunci\u00f3 por fraude a Hacienda al empresario Alberto Gonz\u00e1lez Amador, pareja de Isabel D\u00edaz Ayuso, y terminar\u00e1 el jueves 13 de noviembre con las conclusiones de las acusaciones y las defensas. La Sala Penal ha notificado este lunes <a href=\"https:\/\/elpais.com\/espana\/2025-10-03\/el-supremo-juzgara-al-fiscal-general-entre-el-3-y-el-13-de-noviembre.html\" target=\"_self\" rel=\"nofollow noopener\" title=\"https:\/\/elpais.com\/espana\/2025-10-03\/el-supremo-juzgara-al-fiscal-general-entre-el-3-y-el-13-de-noviembre.html\">el calendario de la vista oral<\/a> en la que \u00c1lvaro Garc\u00eda Ortiz se sentar\u00e1 en el banquillo acusado de un delito de revelaci\u00f3n de secretos. Ser\u00e1n seis sesiones en jornada de ma\u00f1ana y tarde, y el jefe del ministerio p\u00fablico declarar\u00e1 el pen\u00faltimo d\u00eda, cuando lo hayan hecho ya 41 testigos, entre ellos, el propio Gonz\u00e1lez Amador y el jefe de Gabinete de Ayuso, Miguel \u00c1ngel Rodr\u00edguez. <\/p>\n<p class=\"\">A una semana de que comience el primer juicio a un fiscal general del Estado de la democracia, el Tribunal Supremo ha dado a conocer el detalle de las sesiones que se celebrar\u00e1n los d\u00edas 3,4,5,11,12 y 13 de noviembre. La jornada de la ma\u00f1ana empezar\u00e1 a las 10.000, cuando est\u00e1 citado el primer testigo, y la de la tarde, a las 15.30. En medio, m\u00e1s de 40 comparecencias propuestas por las acusaciones y la defensa, entre los que se encuentran ocho fiscales m\u00e1s dos responsables de prensa de la Fiscal\u00eda; 12 periodistas, 11 guardias civiles de la Unidad Central Operativa (UCO), cuatro pol\u00edticos, dos abogados, y Gonz\u00e1lez Amador, personado como acusaci\u00f3n particular.<\/p>\n<p class=\"\">El primero en comparecer ser\u00e1 el fiscal Juli\u00e1n Salto, que en febrero de 2024 denunci\u00f3 a la pareja de Ayuso por fraude fiscal; tras \u00e9l, las jefas de <a href=\"https:\/\/elpais.com\/espana\/2025-10-10\/el-video-de-la-fiscal-jefa-de-madrid-en-el-que-afirmo-que-mas-de-500-personas-pudieron-acceder-al-expediente-del-novio-de-ayuso.html\" target=\"_self\" rel=\"nofollow noopener\" title=\"https:\/\/elpais.com\/espana\/2025-10-10\/el-video-de-la-fiscal-jefa-de-madrid-en-el-que-afirmo-que-mas-de-500-personas-pudieron-acceder-al-expediente-del-novio-de-ayuso.html\">la Fiscal\u00eda Provincial de Madrid, Pilar Rodr\u00edguez<\/a> (quien estuvo imputada en el Supremo pero, finalmente, fue eximida) y de la auton\u00f3mica, Almudena Lastra; y la mano derecha de Garc\u00eda Ortiz en la Fiscal\u00eda General, Diego Villafa\u00f1e, que tambi\u00e9n estuvo investigado. Ya por la tarde est\u00e1n citados los jefes de comunicaci\u00f3n de la Fiscal\u00eda General y de la madrile\u00f1a.<\/p>\n<p class=\"\">El martes, 4 de noviembre, hay varias comparecencias que pueden ser clave. Adem\u00e1s de otros dos cargos de la Fiscal\u00eda y el ex secretario de Estado de Comunicaci\u00f3n Francesc Vall\u00e9s, comparecen el jefe de gabinete de Ayuso, Gonz\u00e1lez Amador, y el abogado de este en la causa por fraude fiscal, Carlos Neira. Estas citas tienen gran relevancia porque uno de los argumentos de la defensa de Garc\u00eda Ortiz es que fue el propio abogado de la pareja de la presidenta quien rompi\u00f3, unilaterlamente, cualquier supuesta confidencialidad del correo y que el entorno de Ayuso dise\u00f1\u00f3 y ejecut\u00f3 una estrategia consistente en difundir una versi\u00f3n alternativa de los hechos para desviar el foco de la lideresa del PP madrile\u00f1o.<\/p>\n<p class=\"\">En la tercera y cuarta jornada (mi\u00e9rcoles 5 y martes 11 de noviembre) est\u00e1n citados la ex alto cargo de Moncloa Pilar S\u00e1nchez Acera; el exl\u00edder del PSOE de Madrid Juan Lobato; y 12 periodistas, incluidos tres de EL PA\u00cdS, que aseguran que conocieron detalles del correo que centra la investigaci\u00f3n antes de que llegara a manos del fiscal general. Tras las testificales de varios agentes de la Unidad Central Operativa (UCO) de la Guardia Civil, el calendario difundido por el Supremo fija el interrogatorio a Garc\u00eda Ortiz para la tarde del d\u00eda 12, despu\u00e9s de que la Sala haya aceptado su petici\u00f3n de declarar al final del juicio, una vez que se haya practicado toda la prueba, un derecho reconocido para todos los acusados a ra\u00edz de una sentencia del Supremo de 2023. <\/p>\n<p class=\"\">El tribunal estar\u00e1 integrado por siete magistrados. Cinco de ellos son los que formaron parte de la Sala de Admisi\u00f3n que abri\u00f3 la causa contra el fiscal general: Manuel Marchena, Juan Ram\u00f3n Berdugo, Antonio del Moral, Susana Polo y Carmen Lamela. La ponente de aquella resoluci\u00f3n, que se tom\u00f3 por consenso tras un fuerte debate, fue la magistrada Polo, la \u00fanica de los cinco considerada progresista. A estos cinco se sumar\u00e1 el nuevo presidente de la Sala de lo Penal, Andr\u00e9s Mart\u00ednez Arrieta, y, seg\u00fan las normas de reparto, el magistrado m\u00e1s antiguo de los que hasta el momento no han intervenido en la causa abierta contra Garc\u00eda Ortiz, que en este caso es la magistrada Ana Ferrer, tambi\u00e9n considerada progresista.<\/p>\n","protected":false},"excerpt":{"rendered":"El juicio al fiscal general del Estado empezar\u00e1 el pr\u00f3ximo lunes, 3 de noviembre, con la declaraci\u00f3n del&hellip;\n","protected":false},"author":2,"featured_media":182951,"comment_status":"","ping_status":"","sticky":false,"template":"","format":"standard","meta":{"footnotes":""},"categories":[8],"tags":[8812,8577,17,18,33128,25,24,13,14,2153,11,3515,19,20,9,10,15,16,23,12,4874,21,22],"class_list":{"0":"post-203619","1":"post","2":"type-post","3":"status-publish","4":"format-standard","5":"has-post-thumbnail","7":"category-espana","8":"tag-alberto-gonzalez-amador","9":"tag-alvaro-garcia-ortiz","10":"tag-breaking-news","11":"tag-breakingnews","12":"tag-caso-ayuso","13":"tag-es","14":"tag-espana","15":"tag-featured-news","16":"tag-featurednews","17":"tag-fiscalia-general-estado","18":"tag-headlines","19":"tag-isabel-diaz-ayuso","20":"tag-latest-news","21":"tag-latestnews","22":"tag-news","23":"tag-noticias","24":"tag-noticias-destacadas","25":"tag-noticiasdestacadas","26":"tag-spain","27":"tag-titulares","28":"tag-tribunal-supremo","29":"tag-ultimas-noticias","30":"tag-ultimasnoticias"},"share_on_mastodon":{"url":"https:\/\/pubeurope.com\/@es\/115446314762557622","error":""},"_links":{"self":[{"href":"https:\/\/www.europesays.com\/es\/wp-json\/wp\/v2\/posts\/203619","targetHints":{"allow":["GET"]}}],"collection":[{"href":"https:\/\/www.europesays.com\/es\/wp-json\/wp\/v2\/posts"}],"about":[{"href":"https:\/\/www.europesays.com\/es\/wp-json\/wp\/v2\/types\/post"}],"author":[{"embeddable":true,"href":"https:\/\/www.europesays.com\/es\/wp-json\/wp\/v2\/users\/2"}],"replies":[{"embeddable":true,"href":"https:\/\/www.europesays.com\/es\/wp-json\/wp\/v2\/comments?post=203619"}],"version-history":[{"count":0,"href":"https:\/\/www.europesays.com\/es\/wp-json\/wp\/v2\/posts\/203619\/revisions"}],"wp:featuredmedia":[{"embeddable":true,"href":"https:\/\/www.europesays.com\/es\/wp-json\/wp\/v2\/media\/182951"}],"wp:attachment":[{"href":"https:\/\/www.europesays.com\/es\/wp-json\/wp\/v2\/media?parent=203619"}],"wp:term":[{"taxonomy":"category","embeddable":true,"href":"https:\/\/www.europesays.com\/es\/wp-json\/wp\/v2\/categories?post=203619"},{"taxonomy":"post_tag","embeddable":true,"href":"https:\/\/www.europesays.com\/es\/wp-json\/wp\/v2\/tags?post=203619"}],"curies":[{"name":"wp","href":"https:\/\/api.w.org\/{rel}","templated":true}]}}