{"id":203631,"date":"2025-10-27T13:26:07","date_gmt":"2025-10-27T13:26:07","guid":{"rendered":"https:\/\/www.europesays.com\/es\/203631\/"},"modified":"2025-10-27T13:26:07","modified_gmt":"2025-10-27T13:26:07","slug":"los-directores-de-los-principales-museos-del-mundo-apoyan-en-una-carta-a-la-directora-del-louvre-tras-el-robo-en-el-museo-cultura","status":"publish","type":"post","link":"https:\/\/www.europesays.com\/es\/203631\/","title":{"rendered":"Los directores de los principales museos del mundo apoyan en una carta a la directora del Louvre tras el robo en el museo | Cultura"},"content":{"rendered":"<p class=\"\">M\u00e1s de 50 directores de distintos museos del mundo han firmado una carta en apoyo de Laurence des Cars, presidenta del Museo del Louvre, <a href=\"https:\/\/elpais.com\/cultura\/2025-10-26\/el-sindrome-del-louvre-recorre-francia.html\" target=\"_blank\" rel=\"noreferrer nofollow noopener\" title=\"https:\/\/elpais.com\/cultura\/2025-10-26\/el-sindrome-del-louvre-recorre-francia.html\">tras el robo de joyas de la Corona Francesa<\/a> por parte de un comando de cuatro delincuentes que irrumpi\u00f3 por la fuerza en el museo m\u00e1s famoso de Francia, utilizando un cami\u00f3n equipado con una plataforma elevadora. \u201cCon este robo, no solo ha sido atacado el Louvre, sino los museos mismos en su misi\u00f3n m\u00e1s fundamental: compartir con el mayor n\u00famero posible de personas el patrimonio com\u00fan de nuestra humanidad\u201d, escriben los gestores en la carta, que ha publicado este lunes <a href=\"https:\/\/www.lemonde.fr\/idees\/article\/2025\/10\/27\/les-musees-ne-sont-ni-des-bastions-ni-des-coffres-forts-les-directeurs-des-plus-grandes-institutions-du-monde-apportent-leur-soutien-a-la-presidente-directrice-du-louvre-laurence-des-cars_6649807_3232.html\" target=\"_self\" rel=\"nofollow noopener\" title=\"https:\/\/www.lemonde.fr\/idees\/article\/2025\/10\/27\/les-musees-ne-sont-ni-des-bastions-ni-des-coffres-forts-les-directeurs-des-plus-grandes-institutions-du-monde-apportent-leur-soutien-a-la-presidente-directrice-du-louvre-laurence-des-cars_6649807_3232.html\">el peri\u00f3dico Le Monde.<\/a><\/p>\n<p>M\u00e1s informaci\u00f3n<\/p>\n<p class=\"\">\u201cNuestras instituciones no est\u00e1n al margen de la brutalidad del mundo. Hoy se enfrentan a actos cada vez m\u00e1s violentos. Lo ocurrido en el Louvre representa uno de los mayores temores de los profesionales de museos. Algunos de nosotros ya lo hemos vivido. Estos riesgos pesan sobre cada una de nuestras instituciones. Pesan sobre cada obra desde el momento en que se expone\u201d, aseguran directores como Miguel Falomir, del Museo del Prado, Maria Balshaw, de la Tate de Londres, y Taco Dibbits, del Rijksmuseum (\u00c1msterdam), entre otros.<\/p>\n<p class=\"\">La carta se redact\u00f3 en la \u00faltima reuni\u00f3n del grupo Bizot (Grupo Internacional de Organizadores de Grandes Exposiciones), formado por los 50 mejores museos del mundo del arte, hace pocos d\u00edas en Washington, seg\u00fan las fuentes consultadas. <\/p>\n<p class=\"\">\u201cLos museos no son ni bastiones ni cajas fuertes. Aunque crean un entorno seguro para el arte y para el p\u00fablico, su raz\u00f3n de ser se encuentra en su apertura y en su accesibilidad. En este momento dif\u00edcil y en esta dura prueba para el Louvre, expresamos nuestro m\u00e1s sincero apoyo a nuestros colegas, as\u00ed como a su presidenta-directora, Laurence des Cars, cuyo liderazgo y dedicaci\u00f3n a la misi\u00f3n del museo \u2014especialmente como espacio que une en nuestras sociedades tan fracturadas\u2014 son profundamente respetados y admirados\u00bb, contin\u00faan.<\/p>\n<p class=\"\"><a href=\"https:\/\/elpais.com\/cultura\/2025-10-26\/la-policia-detiene-a-dos-sospechosos-por-del-robo-en-el-louvre.html\" target=\"_blank\" rel=\"noreferrer nofollow noopener\" title=\"https:\/\/elpais.com\/cultura\/2025-10-26\/la-policia-detiene-a-dos-sospechosos-por-del-robo-en-el-louvre.html\">El peri\u00f3dico Le Parisien desvel\u00f3 la ma\u00f1ana del domingo<\/a> que dos sospechosos fueron detenidos la noche del s\u00e1bado y puestos bajo custodia policial en el marco de la investigaci\u00f3n abierta por \u201crobo en banda organizada\u201d y \u201casociaci\u00f3n de malhechores con el fin de cometer un crimen\u201d. La polic\u00eda ha movilizado a 100 investigadores para intentar resolver el caso lo m\u00e1s r\u00e1pido posible. Y podr\u00eda estar cerca de concluir el proceso. Otra cosa, lamentan, es que puedan recuperarse las joyas valoradas por <a href=\"https:\/\/elpais.com\/cultura\/2025-10-21\/la-fiscalia-fija-en-88-millones-de-euros-el-valor-de-los-objetos-robados-en-el-louvre.html\" target=\"_blank\" rel=\"noreferrer nofollow noopener\" title=\"https:\/\/elpais.com\/cultura\/2025-10-21\/la-fiscalia-fija-en-88-millones-de-euros-el-valor-de-los-objetos-robados-en-el-louvre.html\">la Fiscal\u00eda francesa en 88 millones de euros<\/a>, aunque su verdadero valor es incalculable.<\/p>\n<p class=\"\">\u201cLos museos son lugares de transmisi\u00f3n y de asombro: ofrecen a sus visitantes momentos de placer y contemplaci\u00f3n. Nos permiten aprender del pasado, iluminar el presente y dialogar \u00edntimamente con las obras maestras que conservan. Nos permiten mirar el mundo de otra manera. Con este robo, no solo ha sido atacado el Louvre, sino los museos mismos en su misi\u00f3n m\u00e1s fundamental: compartir con el mayor n\u00famero posible de personas el patrimonio com\u00fan de nuestra humanidad. Esta misi\u00f3n la continuaremos llevando a cabo juntos, con pasi\u00f3n y determinaci\u00f3n, al lado del Museo del Louvre\u201d, concluye la carta de los 57 responsables.<\/p>\n<p>Los firmantes<\/p>\n<ul>\n<li><b>Marion Ackermann<\/b>, presidenta de la Stiftung Preu\u00dfischer Kulturbesitz (Fundaci\u00f3n del Patrimonio Cultural Prusiano, Berl\u00edn)<\/li>\n<li><b>St\u00e9phane Aquin<\/b>, director general del Museo de Bellas Artes de Montreal<\/li>\n<li><b>Maria Balshaw<\/b>, directora de la Tate (Londres)<\/li>\n<li><b>Sophie Barth\u00e9l\u00e9my<\/b>, directora del Museo de Bellas Artes de Burdeos<\/li>\n<li><b>Claire Bernardi<\/b>, directora del Museo Nacional de la Orangerie (Par\u00eds)<\/li>\n<li><b>Francesca Cappelletti<\/b>, directora general de la Galer\u00eda Borghese (Roma)<\/li>\n<li><b>Christophe Cherix<\/b>, director del Museo de Arte Moderno (MoMA, Nueva York)<\/li>\n<li><b>Pierre-Olivier Costa<\/b>, presidente del MuCEM (Museo de las Civilizaciones de Europa y del Mediterr\u00e1neo, Marsella)<\/li>\n<li><b>Nicholas Cullinan<\/b>, director del Museo Brit\u00e1nico (Londres)<\/li>\n<li><b>C\u00e9cile Debray<\/b>, presidenta del Museo Nacional Picasso-Paris<\/li>\n<li><b>Ann Demeester<\/b>, directora del Kunsthaus Z\u00fcrich (Z\u00farich)<\/li>\n<li><b>Taco Dibbits<\/b>, director general del Rijksmuseum (\u00c1msterdam)<\/li>\n<li><b>Tony Ellwood<\/b>, director de la Galer\u00eda Nacional de Victoria (Melbourne, Australia)<\/li>\n<li><b>Miguel Falomir<\/b>, director del Museo Nacional del Prado (Madrid)<\/li>\n<li><b>Kaywin Feldman<\/b>, directora de la Galer\u00eda Nacional de Arte (Washington)<\/li>\n<li><b>Gabriele Finaldi<\/b>, director de la National Gallery (Londres)<\/li>\n<li><b>Jonathan Fine<\/b>, director general de la Asociaci\u00f3n de Museos KHM (Viena)<\/li>\n<li><b>Didier Fusillier<\/b>, presidente del Grand Palais (Par\u00eds)<\/li>\n<li><b>B\u00e9n\u00e9dicte Gady<\/b>, directora del Museo de Artes Decorativas y del Museo Nissim de Camondo (Par\u00eds)<\/li>\n<li><b>\u00c9milie Girard<\/b>, presidenta del Consejo Internacional de Museos (ICOM) en Francia<\/li>\n<li><b>\u00c9milie Gordenker<\/b>, directora general del Museo Van Gogh (\u00c1msterdam)<\/li>\n<li><b>Michael Govan<\/b>, director del Museo de Arte del Condado de Los \u00c1ngeles (LACMA)<\/li>\n<li><b>Fabrice Hergott<\/b>, director del Museo de Arte Moderno de Par\u00eds<\/li>\n<li><b>Maja Hoffmann<\/b>, presidenta de la Fundaci\u00f3n LUMA y de la Fundaci\u00f3n Vincent Van Gogh (Arl\u00e9s, Bocas del R\u00f3dano)<\/li>\n<li><b>Max Hollein<\/b>, director y director ejecutivo del Museo Metropolitano de Arte (Nueva York)<\/li>\n<li><b>Tristram Hunt<\/b>, director del Museo Victoria and Albert (Londres)<\/li>\n<li><b>Stephan Jost<\/b>, director y director ejecutivo de la Galer\u00eda de Arte de Ontario (Toronto)<\/li>\n<li><b>Emmanuel Kasarh\u00e9rou<\/b>, presidente del Museo del Quai Branly-Jacques Chirac (Par\u00eds)<\/li>\n<li><b>Mami Kataoka<\/b>, directora del Museo de Arte Mori (Tokio)<\/li>\n<li><b>Alicja Knast<\/b>, directora general de la Galer\u00eda Nacional (Praga)<\/li>\n<li><b>Marie-Christine Labourdette<\/b>, presidenta del Castillo de Fontainebleau<\/li>\n<li><b>Marie Lavandier<\/b>, presidenta del Centro de Monumentos Nacionales (Francia)<\/li>\n<li><b>Laurent Le Bon<\/b>, presidente del Centro Pompidou (Par\u00eds)<\/li>\n<li><b>Annick Lemoine<\/b>, directora del Petit Palais, Museo de Bellas Artes de la Ciudad de Par\u00eds<\/li>\n<li><b>Christophe Leribault<\/b>, presidente del Castillo de Versalles<\/li>\n<li><b>Sharon Lerner<\/b>, directora del Museo de Arte de Lima (Per\u00fa)<\/li>\n<li><b>Sophie-Justine Lieber<\/b>, directora general de Artes Decorativas (Francia)<\/li>\n<li><b>Yannick Lintz<\/b>, presidenta del Museo Nacional de Artes Asi\u00e1ticas-Guimet (Par\u00eds)<\/li>\n<li><b>Sabyasachi Mukherjee<\/b>, director general del Museo Chhatrapati Shivaji Maharaj Vastu Sangrahalaya (Bombay, India)<\/li>\n<li><b>Suzanne Pag\u00e9<\/b>, directora art\u00edstica de la Fundaci\u00f3n Louis Vuitton (Par\u00eds)<\/li>\n<li><b>Gilles P\u00e9cout<\/b>, presidente de la Biblioteca Nacional de Francia (Par\u00eds)<\/li>\n<li><b>Adriano Pedrosa<\/b>, director art\u00edstico del Museo de Arte de S\u00e3o Paulo (Brasil)<\/li>\n<li><b>Timothy Potts<\/b>, director del Museo J. Paul Getty (Los \u00c1ngeles)<\/li>\n<li><b>Manuel Rabat\u00e9<\/b>, director del Louvre Abu Dhabi<\/li>\n<li><b>Suhanya Raffel<\/b>, directora del museo M+ (Hong Kong)<\/li>\n<li><b>Sylvie Ramond<\/b>, directora general del conjunto de museos de arte MBA | MAC Lyon y directora del Museo de Bellas Artes de Lyon<\/li>\n<li><b>James Rondeau<\/b>, director del Instituto de Arte de Chicago<\/li>\n<li><b>Antonio Saborit<\/b>, director del Museo Nacional de Antropolog\u00eda (Ciudad de M\u00e9xico)<\/li>\n<li><b>Pepe Serra<\/b>, director del Museo Nacional de Arte de Catalu\u00f1a (Barcelona)<\/li>\n<li><b>Am\u00e9lie Simier<\/b>, directora del Museo Rodin (Par\u00eds)<\/li>\n<li><b>Juliette Singer<\/b>, directora del Palacio de Bellas Artes de Lille<\/li>\n<li><b>Sasha Suda<\/b>, directora del Museo de Arte de Filadelfia<\/li>\n<li><b>Eugene Tan<\/b>, director y presidente de la Galer\u00eda Nacional de Singapur y del Museo de Arte de Singapur<\/li>\n<li><b>Annabelle T\u00e9n\u00e8ze<\/b>, directora del Louvre-Lens<\/li>\n<li><b>Gary Tinterow<\/b>, director del Museo de Bellas Artes de Houston<\/li>\n<li><b>Poul Erik T\u00f8jner<\/b>, director del Museo de Arte Moderno Louisiana (Humleb\u00e6k, Dinamarca)<\/li>\n<li><b>Mari\u00ebt Westermann<\/b>, directora y directora ejecutiva del Museo y la Fundaci\u00f3n Solomon R. Guggenheim (Nueva York)<\/li>\n<\/ul>\n","protected":false},"excerpt":{"rendered":"M\u00e1s de 50 directores de distintos museos del mundo han firmado una carta en apoyo de Laurence des&hellip;\n","protected":false},"author":2,"featured_media":203632,"comment_status":"","ping_status":"","sticky":false,"template":"","format":"standard","meta":{"footnotes":""},"categories":[173],"tags":[229,233,231,230,209,232,234,146,147,25,24,4016,41530,3873,17948,38351,23],"class_list":{"0":"post-203631","1":"post","2":"type-post","3":"status-publish","4":"format-standard","5":"has-post-thumbnail","7":"category-arte-y-diseno","8":"tag-arte","9":"tag-arte-y-diseno","10":"tag-arts","11":"tag-arts-and-design","12":"tag-cultura","13":"tag-design","14":"tag-diseno","15":"tag-entertainment","16":"tag-entretenimiento","17":"tag-es","18":"tag-espana","19":"tag-joyas","20":"tag-museo-del-louvre","21":"tag-museos","22":"tag-museos-publicos","23":"tag-napoleon","24":"tag-spain"},"share_on_mastodon":{"url":"https:\/\/pubeurope.com\/@es\/115446361828644292","error":""},"_links":{"self":[{"href":"https:\/\/www.europesays.com\/es\/wp-json\/wp\/v2\/posts\/203631","targetHints":{"allow":["GET"]}}],"collection":[{"href":"https:\/\/www.europesays.com\/es\/wp-json\/wp\/v2\/posts"}],"about":[{"href":"https:\/\/www.europesays.com\/es\/wp-json\/wp\/v2\/types\/post"}],"author":[{"embeddable":true,"href":"https:\/\/www.europesays.com\/es\/wp-json\/wp\/v2\/users\/2"}],"replies":[{"embeddable":true,"href":"https:\/\/www.europesays.com\/es\/wp-json\/wp\/v2\/comments?post=203631"}],"version-history":[{"count":0,"href":"https:\/\/www.europesays.com\/es\/wp-json\/wp\/v2\/posts\/203631\/revisions"}],"wp:featuredmedia":[{"embeddable":true,"href":"https:\/\/www.europesays.com\/es\/wp-json\/wp\/v2\/media\/203632"}],"wp:attachment":[{"href":"https:\/\/www.europesays.com\/es\/wp-json\/wp\/v2\/media?parent=203631"}],"wp:term":[{"taxonomy":"category","embeddable":true,"href":"https:\/\/www.europesays.com\/es\/wp-json\/wp\/v2\/categories?post=203631"},{"taxonomy":"post_tag","embeddable":true,"href":"https:\/\/www.europesays.com\/es\/wp-json\/wp\/v2\/tags?post=203631"}],"curies":[{"name":"wp","href":"https:\/\/api.w.org\/{rel}","templated":true}]}}