{"id":203633,"date":"2025-10-27T13:28:10","date_gmt":"2025-10-27T13:28:10","guid":{"rendered":"https:\/\/www.europesays.com\/es\/203633\/"},"modified":"2025-10-27T13:28:10","modified_gmt":"2025-10-27T13:28:10","slug":"fue-muy-duro-tanto-para-mi-hermana-como-para-mi","status":"publish","type":"post","link":"https:\/\/www.europesays.com\/es\/203633\/","title":{"rendered":"Fue muy duro, tanto para mi hermana como para m\u00ed"},"content":{"rendered":"<p data-journey-content=\"true\" data-node-id=\"3\" class=\"css-6wxqfj emevuu60\">Cuando <a href=\"https:\/\/www.diezminutos.es\/teleprograma\/programas-tv\/a69159269\/resumen-gala-ayer-supervivientes-all-stars-2025-jessica-bueno-finalista\/\" data-vars-ga-outbound-link=\"https:\/\/www.diezminutos.es\/teleprograma\/programas-tv\/a69159269\/resumen-gala-ayer-supervivientes-all-stars-2025-jessica-bueno-finalista\/\" data-vars-ga-ux-element=\"Hyperlink\" data-vars-ga-call-to-action=\"se acerca el final de un reality tan intenso como &#039;Supervivientes All Stars 2025&#039;\" data-node-id=\"3.1\" class=\"body-link css-177bzfx emevuu60\" rel=\"nofollow noopener\" target=\"_blank\">se acerca el final de un reality tan intenso como &#8216;Supervivientes All Stars 2025&#8217;<\/a> es habitual que los concursantes lleguen muy cansados f\u00edsica y emocionalmente y, por eso, supone el momento perfecto para que se abran y se muestren como realmente son. La organizaci\u00f3n lo sabe y, por eso, en los \u00faltimos d\u00edas ha ido incidiendo en uno de los rituales m\u00e1s potentes para los supervivientes<strong data-node-id=\"3.3\">: el Puente de las Emociones. La \u00faltima en comprobar el viaje que supone ha sido <a href=\"https:\/\/www.diezminutos.es\/famosos-corazon\/famosos-espanoles\/g60262588\/miri-perez-cabrero-vida-masterchef-supervivientes\/\" data-vars-ga-outbound-link=\"https:\/\/www.diezminutos.es\/famosos-corazon\/famosos-espanoles\/g60262588\/miri-perez-cabrero-vida-masterchef-supervivientes\/\" data-vars-ga-ux-element=\"Hyperlink\" data-vars-ga-call-to-action=\"Miri P\u00e9rez-Cabrero\" data-node-id=\"3.3.1\" class=\"body-link css-177bzfx emevuu60\" rel=\"nofollow noopener\" target=\"_blank\">Miri P\u00e9rez-Cabrero<\/a>, quien afront\u00f3 el reto con una honestidad bastante descarnada el domingo 26 de octubre<\/strong> durante la correspondiente edici\u00f3n de &#8216;Conexi\u00f3n Honduras&#8217;. Tan entregada estuvo a la experiencia que la chef <strong data-node-id=\"3.5\">se prest\u00f3 a hablar de uno de los momentos m\u00e1s traum\u00e1ticos de su infancia: la revelaci\u00f3n de la homosexualidad de su padre y el consiguiente divorcio de su madre. <\/strong>\u00abFue muy duro, tanto para mi hermana como para m\u00ed\u00bb, recalc\u00f3.<\/p>\n<p><strong data-node-id=\"9.0\">La revelaci\u00f3n de Miri P\u00e9rez-Cabrero sobre la homosexualidad de su padre<\/strong><\/p>\n<p data-journey-content=\"true\" data-node-id=\"11\" class=\"css-6wxqfj emevuu60\">Aunque no todo el mundo empatice con esos procesos tan personales, s\u00ed podemos imaginar que, para muchos, muy especialmente hasta hace unos pocos a\u00f1os, asumir su sexualidad y abrazarla p\u00fablicamente pudiese ser todo un salto de fe en su vida, m\u00e1s a\u00fan si ya hab\u00edan formado una familia en la aparente heterosexualidad y esa es, precisamente, la historia de la familia de Miri, algo de lo que <a href=\"https:\/\/www.diezminutos.es\/teleprograma\/programas-tv\/a60753779\/miri-perez-cabrero-supervivientes-padre-homosexual\/\" data-vars-ga-outbound-link=\"https:\/\/www.diezminutos.es\/teleprograma\/programas-tv\/a60753779\/miri-perez-cabrero-supervivientes-padre-homosexual\/\" data-vars-ga-ux-element=\"Hyperlink\" data-vars-ga-call-to-action=\"ya hab\u00eda hablado con Pedro Garc\u00eda Aguado en su participaci\u00f3n en &#039;Supervivientes 2024&#039;\" data-node-id=\"11.1\" class=\"body-link css-177bzfx emevuu60\" rel=\"nofollow noopener\" target=\"_blank\">ya hab\u00eda hablado con Pedro Garc\u00eda Aguado en su participaci\u00f3n en &#8216;Supervivientes 2024&#8217;<\/a>. Aunque ahora, ya en una fase adulta, a sus 31 a\u00f1os, pueda entender la dificultad de todo aquello desde otra perspectiva, en su momento vivi\u00f3 como un varapalo el divorcio de sus padres: <strong data-node-id=\"11.3\">\u00abFue muy duro, tanto para mi hermana como para m\u00ed, aunque mis padres nos lo explicaron muy bien\u00bb, compart\u00eda.<\/strong><\/p>\n<p><img draggable=\"true\" alt=\"miri perez laura madrue\u00f1o supervivientes\" title=\"miri perez laura madrue\u00f1o supervivientes\" loading=\"lazy\" width=\"2500\" height=\"1409\" decoding=\"async\" data-nimg=\"1\" style=\"color:transparent;width:100%;height:auto;\"   src=\"https:\/\/www.europesays.com\/es\/wp-content\/uploads\/2025\/10\/mirirperez-laura-madrueno-68feb5bd2c24b.jpg\" class=\"css-0 e1g79fud0\"\/><\/p>\n<p>Telecinco<\/p>\n<p data-journey-content=\"true\" data-node-id=\"17\" class=\"css-6wxqfj emevuu60\">Pero lo cierto es que el de sus padres no fue un divorcio al uso, sino que estaba motivado por la revelaci\u00f3n de una realidad que requer\u00eda de mucha comprensi\u00f3n en su familia, y es que su padre le reconoci\u00f3 a su madre que era homosexual: <strong data-node-id=\"17.1\">\u00abEmpez\u00f3 a salir con hombres y cuando yo era peque\u00f1a yo no lo acababa de entender. Hace 20 a\u00f1os, la homosexualidad no era lo que es ahora, entonces no lo acababa de entender ni mis padres me lo quer\u00edan contar\u00bb,<\/strong> reconoc\u00eda la exconcursante de <a href=\"https:\/\/www.diezminutos.es\/masterchef\/\" data-vars-ga-outbound-link=\"https:\/\/www.diezminutos.es\/masterchef\/\" data-vars-ga-ux-element=\"Hyperlink\" data-vars-ga-call-to-action=\"&#039;MasterChef&#039;\" data-node-id=\"17.3\" class=\"body-link css-177bzfx emevuu60\" rel=\"nofollow noopener\" target=\"_blank\">&#8216;MasterChef&#8217;<\/a>. Como era de esperar, para una ni\u00f1a todo aquello pod\u00eda generar mucha incomprensi\u00f3n, de modo que sus progenitores optaron exclusivamente por compartir su separaci\u00f3n con sus hijas a la espera de que fuesen algo mayores para explicar toda la realidad. Ocho a\u00f1os despu\u00e9s, descubri\u00f3 la verdad de la forma m\u00e1s traum\u00e1tica, y es que todo sali\u00f3 a la luz tras una discusi\u00f3n con las que consideraba sus amigas del colegio<strong data-node-id=\"17.5\">: \u00abMe dijeron que era una mentirosa, que mi padre era gay y que no se lo hab\u00eda dicho. En ese momento no lo entend\u00eda<\/strong>, <strong data-node-id=\"17.7\">era peque\u00f1a y a partir ah\u00ed lo pas\u00e9 mal durante unos a\u00f1os, porque no entend\u00ed a mi padre<\/strong>, mi madre estaba muy triste porque no lo estaba pasando bien&#8230; fue un divorcio un poco complicado porque \u00edbamos a un colegio cat\u00f3lico\u00bb, rememoraba.<\/p>\n<p><img draggable=\"true\" alt=\"miri perez cabrero en el puente de las emociones de 'supervivientes all stars'\" title=\"Miri Perez Cabrero en el Puente de las Emociones de 'Supervivientes All Stars'\" loading=\"lazy\" width=\"4610\" height=\"3000\" decoding=\"async\" data-nimg=\"1\" style=\"color:transparent;width:100%;height:auto;\"   src=\"https:\/\/www.europesays.com\/es\/wp-content\/uploads\/2025\/10\/supervivientes-all-stars-miri-perez-cabrero-puente-de-las-emociones-68ff62db6c686.jpg\" class=\"css-0 e1g79fud0\"\/><\/p>\n<p>Mediaset<\/p>\n<p data-journey-content=\"true\" data-node-id=\"20\" class=\"css-6wxqfj emevuu60\">Es en ese punto cuando todo comenz\u00f3 a cobrar sentido, ya que lo que ella hab\u00eda vivido como una familia feliz hasta ese momento parec\u00eda hacerse a\u00f1icos ante sus ojos sin entender muy bien la situaci\u00f3n. Por suerte, el tiempo y la madurez hicieron su labor y, con el paso de los a\u00f1os, las circunstancias familiares son bien distintas. As\u00ed, actualmente su padre es su defensor en <a href=\"https:\/\/www.diezminutos.es\/supervivientes-television\/\" data-vars-ga-outbound-link=\"https:\/\/www.diezminutos.es\/supervivientes-television\/\" data-vars-ga-ux-element=\"Hyperlink\" data-vars-ga-call-to-action=\"&#039;Supervivientes All Stars 2025&#039;\" data-node-id=\"20.1\" class=\"body-link css-177bzfx emevuu60\" rel=\"nofollow noopener\" target=\"_blank\">&#8216;Supervivientes All Stars 2025&#8217;<\/a>, ya que disfruta de una extraordinaria relaci\u00f3n: \u00abMi padre es una persona que ha luchado much\u00edsimo. En un momento se dio cuenta de que le gustaban los hombres y decidi\u00f3 luchar y salir adelante con eso. En contra de lo que marcaba la sociedad, con una mujer y dos ni\u00f1as, <strong data-node-id=\"20.3\">decidi\u00f3 salir de ah\u00ed. <\/strong>Incluso mi hermana y yo le critic\u00e1bamos, al no entenderlo porque <strong data-node-id=\"20.5\">la sociedad no estaba avanzada<\/strong> como ahora, le rechazamos en su momento. Nos ha inculcado valores positivos siempre, a m\u00ed y a mi hermana. Siempre ha querido tirar hacia delante, ha luchado contra viento y marea&#8230;\u00bb, recuerda con emoci\u00f3n al analizar la incomprensi\u00f3n con la que tuvo que luchar su padre. Pero es que, aprovechando la ocasi\u00f3n, la influencer y actriz demostr\u00f3 lo que ha aprendido tras todo aquello y reconoci\u00f3 que siente una \u00ab<strong data-node-id=\"20.7\">profunda admiraci\u00f3n tanto por su padre como por su madre<\/strong>\u00ab. <\/p>\n<p data-journey-content=\"true\" data-node-id=\"22\" class=\"css-6wxqfj emevuu60\">Y es que su padre se ha convertido en uno de sus grandes pilares, tanto que incluso es la persona que la defiende en plat\u00f3, pero eso no resta un \u00e1pice de m\u00e9rito tambi\u00e9n a la experiencia de su madre: \u00abTuvo que luchar en contra de eso&#8230; creo que los dos han sabido c\u00f3mo ir saliendo de ah\u00ed y nos han educado tanto a m\u00ed como a mi hermana con valores muy positivos, con el &#8216;da igual lo que piensen y lo que digan&#8217;. Es una mujer supervaliente. <strong data-node-id=\"22.1\">Se lo comi\u00f3 sola y lo pas\u00f3 fatal.<\/strong> Tuvo que tirar con las dos ni\u00f1as. \u00c9l ha sido muy valiente, pero mi madre ha luchado tambi\u00e9n en contra de sus sentimientos. El aceptar y querer a la persona que tienes delante, dej\u00e1ndolo ir y acept\u00e1ndolo, <strong data-node-id=\"22.3\">demuestra mucho de mi madre\u00bb. <\/strong>Desde luego, con esto Miri solo demuestra que lo que ha primado ha sido el apoyo y la b\u00fasqueda de una nueva sinergia entre ellos como familia y que abraza sus emociones, tanto que tampoco dud\u00f3 en revelar <a href=\"https:\/\/www.diezminutos.es\/teleprograma\/programas-tv\/a69159379\/miri-perez-cabrero-corazon-alejandro-albala-supervivientes-all-stars-2025\/\" data-vars-ga-outbound-link=\"https:\/\/www.diezminutos.es\/teleprograma\/programas-tv\/a69159379\/miri-perez-cabrero-corazon-alejandro-albala-supervivientes-all-stars-2025\/\" data-vars-ga-ux-element=\"Hyperlink\" data-vars-ga-call-to-action=\"si est\u00e1 preparada para tener una relaci\u00f3n con Alejandro Albal\u00e1 cuando el reality acabe.\" data-node-id=\"22.5\" class=\"body-link css-177bzfx emevuu60\" rel=\"nofollow noopener\" target=\"_blank\">si est\u00e1 preparada para tener una relaci\u00f3n con Alejandro Albal\u00e1 cuando el reality acabe.<\/a><\/p>\n<p><img src=\"https:\/\/www.europesays.com\/es\/wp-content\/uploads\/2025\/10\/1761571690_78_c846bc45-0529-47f5-9c7d-b54f2b3afed7_1682587735.file\" alt=\"Headshot of Nora C\u00e1mara\" title=\"Headshot of Nora C\u00e1mara\" width=\"100%\" height=\"100%\" decoding=\"async\" loading=\"lazy\" class=\"css-o0wq4v ev8dhu53\"\/><\/p>\n<p>Nora es experta en contenidos de cine y televisi\u00f3n en la web de Diez Minutos. Sus intereses personales y profesionales se cruzan en su labor en esta revista, pues dedica su tiempo a estar al d\u00eda en los \u00faltimos estrenos en salas y plataformas, tanto para no perd\u00e9rselos como para recomendarlos. Pero que nadie sufra, tambi\u00e9n desconecta con la m\u00fasica en directo, la lectura y los viajes. \u00a0<\/p>\n<p>Prescriptora audiovisual por verdadera afici\u00f3n, siempre est\u00e1 dispuesta a arrastrarte con ella al apasionante mundo de las sagas como Harry Potter, Star Wars o Marvel, as\u00ed como a sugerirte la \u00faltima serie adictiva que no debes perderte de Netflix, HBO Max, Disney+, Movistar+ y Amazon Prime Video. Eso s\u00ed, si tienes un arrebato de nostalgia, tambi\u00e9n te recordar\u00e1 el cl\u00e1sico perfecto para cualquier estado de \u00e1nimo o tem\u00e1tica que te interese, desde el musical o la ciencia ficci\u00f3n a las adaptaciones literarias.\u00a0<\/p>\n<p>Nora C\u00e1mara se gradu\u00f3 en Periodismo y Comunicaci\u00f3n Audiovisual en la Universidad Carlos III de Madrid en 2015, donde defini\u00f3 su pasi\u00f3n por los contenidos de cine y televisi\u00f3n. Continu\u00f3 su especializaci\u00f3n en estas materias con diversas formaciones de Guion de televisi\u00f3n y Cr\u00edtica cinematogr\u00e1fica, llev\u00e1ndole a mejorar su experiencia en las revistas del grupo HEARST Teleprograma, Supertele y Telenovela, antes de su llegada a Diez Minutos, hace dos a\u00f1os. \u00a0<\/p>\n","protected":false},"excerpt":{"rendered":"Cuando se acerca el final de un reality tan intenso como &#8216;Supervivientes All Stars 2025&#8217; es habitual que&hellip;\n","protected":false},"author":2,"featured_media":203634,"comment_status":"","ping_status":"","sticky":false,"template":"","format":"standard","meta":{"footnotes":""},"categories":[171],"tags":[253,146,147,25,24,23,214],"class_list":{"0":"post-203633","1":"post","2":"type-post","3":"status-publish","4":"format-standard","5":"has-post-thumbnail","7":"category-tv","8":"tag-discover","9":"tag-entertainment","10":"tag-entretenimiento","11":"tag-es","12":"tag-espana","13":"tag-spain","14":"tag-tv"},"share_on_mastodon":{"url":"https:\/\/pubeurope.com\/@es\/115446370594179563","error":""},"_links":{"self":[{"href":"https:\/\/www.europesays.com\/es\/wp-json\/wp\/v2\/posts\/203633","targetHints":{"allow":["GET"]}}],"collection":[{"href":"https:\/\/www.europesays.com\/es\/wp-json\/wp\/v2\/posts"}],"about":[{"href":"https:\/\/www.europesays.com\/es\/wp-json\/wp\/v2\/types\/post"}],"author":[{"embeddable":true,"href":"https:\/\/www.europesays.com\/es\/wp-json\/wp\/v2\/users\/2"}],"replies":[{"embeddable":true,"href":"https:\/\/www.europesays.com\/es\/wp-json\/wp\/v2\/comments?post=203633"}],"version-history":[{"count":0,"href":"https:\/\/www.europesays.com\/es\/wp-json\/wp\/v2\/posts\/203633\/revisions"}],"wp:featuredmedia":[{"embeddable":true,"href":"https:\/\/www.europesays.com\/es\/wp-json\/wp\/v2\/media\/203634"}],"wp:attachment":[{"href":"https:\/\/www.europesays.com\/es\/wp-json\/wp\/v2\/media?parent=203633"}],"wp:term":[{"taxonomy":"category","embeddable":true,"href":"https:\/\/www.europesays.com\/es\/wp-json\/wp\/v2\/categories?post=203633"},{"taxonomy":"post_tag","embeddable":true,"href":"https:\/\/www.europesays.com\/es\/wp-json\/wp\/v2\/tags?post=203633"}],"curies":[{"name":"wp","href":"https:\/\/api.w.org\/{rel}","templated":true}]}}