{"id":203637,"date":"2025-10-27T13:30:10","date_gmt":"2025-10-27T13:30:10","guid":{"rendered":"https:\/\/www.europesays.com\/es\/203637\/"},"modified":"2025-10-27T13:30:10","modified_gmt":"2025-10-27T13:30:10","slug":"critica-de-frankenstein-2025-de-guillermo-del-toro-y-netflix","status":"publish","type":"post","link":"https:\/\/www.europesays.com\/es\/203637\/","title":{"rendered":"Cr\u00edtica de &#8216;Frankenstein&#8217; (2025) de Guillermo del Toro y Netflix"},"content":{"rendered":"<p>Como un superh\u00e9roe g\u00f3tico desembarca en cines (unos d\u00edas antes de hacerlo en Netflix el 7 de noviembre) el esperado <strong>Frankenstein<\/strong> de <strong>Guillermo del Toro<\/strong>. Una costosa adaptaci\u00f3n del mito escrito por Mary Shelley que protagonizan Oscar Isaac y Jacob Elordi, ent re otros, donde el director mexicano ha invertido toda su vida y su carrera. \u00bfMerece la pena finalmente el proyecto so\u00f1ado de Guillermo del Toro?<\/p>\n<p>&#13;<br \/>\n    Relacionado&#13;<br \/>\n    &#13;<\/p>\n<p>Preciosista y oscura, la pelicula se divide en dos partes, dos perspectivas, donde el mexicano trata de enfatizar que el verdadero monstruo de la f\u00e1bula es el ser humano. Pero pese a lo cuidado de sus im\u00e1genes, en ocasiones tanto subrayado cansa. No obstante, es un film con enormes virtudes que merece la pena ver en cine.<\/p>\n<p>Todo esto te lo cuenta en el v\u00eddeo Juanma Gonz\u00e1lez para el canal <a href=\"https:\/\/www.youtube.com\/@LDcultura\" rel=\"nofollow noreferrer noopener\" target=\"_blank\">@LDCultura<\/a> de Libertad Digital y esRadio. Deja tu like y tu comentario en el v\u00eddeo de youtube, y no te olvides de seguir el canal para futuras actualizaciones dando a la campanilla.<\/p>\n","protected":false},"excerpt":{"rendered":"Como un superh\u00e9roe g\u00f3tico desembarca en cines (unos d\u00edas antes de hacerlo en Netflix el 7 de noviembre)&hellip;\n","protected":false},"author":2,"featured_media":203638,"comment_status":"","ping_status":"","sticky":false,"template":"","format":"standard","meta":{"footnotes":""},"categories":[169],"tags":[1644,177,8226,146,147,25,24,176,8750,53843,4003,8751,1906,36280,55816,175,152,7759,27682,3889,55817,23,6667,38561],"class_list":{"0":"post-203637","1":"post","2":"type-post","3":"status-publish","4":"format-standard","5":"has-post-thumbnail","7":"category-cine","8":"tag-adaptacion","9":"tag-cine","10":"tag-del-toro","11":"tag-entertainment","12":"tag-entretenimiento","13":"tag-es","14":"tag-espana","15":"tag-film","16":"tag-frankenstein","17":"tag-gotico","18":"tag-guillermo-del-toro","19":"tag-jacob-elordi","20":"tag-mexico","21":"tag-mia-goth","22":"tag-moderno-prometeo","23":"tag-movies","24":"tag-netflix","25":"tag-oscar-isaac","26":"tag-prold","27":"tag-sector-del-cine","28":"tag-shelley","29":"tag-spain","30":"tag-terror","31":"tag-victoriano"},"share_on_mastodon":{"url":"https:\/\/pubeurope.com\/@es\/115446377619648370","error":""},"_links":{"self":[{"href":"https:\/\/www.europesays.com\/es\/wp-json\/wp\/v2\/posts\/203637","targetHints":{"allow":["GET"]}}],"collection":[{"href":"https:\/\/www.europesays.com\/es\/wp-json\/wp\/v2\/posts"}],"about":[{"href":"https:\/\/www.europesays.com\/es\/wp-json\/wp\/v2\/types\/post"}],"author":[{"embeddable":true,"href":"https:\/\/www.europesays.com\/es\/wp-json\/wp\/v2\/users\/2"}],"replies":[{"embeddable":true,"href":"https:\/\/www.europesays.com\/es\/wp-json\/wp\/v2\/comments?post=203637"}],"version-history":[{"count":0,"href":"https:\/\/www.europesays.com\/es\/wp-json\/wp\/v2\/posts\/203637\/revisions"}],"wp:featuredmedia":[{"embeddable":true,"href":"https:\/\/www.europesays.com\/es\/wp-json\/wp\/v2\/media\/203638"}],"wp:attachment":[{"href":"https:\/\/www.europesays.com\/es\/wp-json\/wp\/v2\/media?parent=203637"}],"wp:term":[{"taxonomy":"category","embeddable":true,"href":"https:\/\/www.europesays.com\/es\/wp-json\/wp\/v2\/categories?post=203637"},{"taxonomy":"post_tag","embeddable":true,"href":"https:\/\/www.europesays.com\/es\/wp-json\/wp\/v2\/tags?post=203637"}],"curies":[{"name":"wp","href":"https:\/\/api.w.org\/{rel}","templated":true}]}}