{"id":203656,"date":"2025-10-27T13:46:10","date_gmt":"2025-10-27T13:46:10","guid":{"rendered":"https:\/\/www.europesays.com\/es\/203656\/"},"modified":"2025-10-27T13:46:10","modified_gmt":"2025-10-27T13:46:10","slug":"el-grupo-indar-baskonia-no-acudira-al-partido-ante-el-dubai-los-principios-estan-por-encima-del-dinero","status":"publish","type":"post","link":"https:\/\/www.europesays.com\/es\/203656\/","title":{"rendered":"El grupo Indar Baskonia no acudir\u00e1 al partido ante el Dub\u00e1i: \u00abLos principios est\u00e1n por encima del dinero\u00bb"},"content":{"rendered":"<p><a class=\"v-mdl-ath__fig-a\" href=\"https:\/\/www.elcorreo.com\/autor\/ivan-benito-4702.html\" title=\"Iv\u00e1n Benito\" rel=\"nofollow noopener\" target=\"_blank\"><br \/>\n<img decoding=\"async\" class=\"v-mdl-ath__img\" src=\"https:\/\/www.europesays.com\/es\/wp-content\/uploads\/2025\/10\/autor-4702-foto-1.jpeg\" alt=\"Iv\u00e1n Benito\"\/><br \/>\n<\/a><\/p>\n<p class=\"v-mdl-ath__p v-mdl-ath__p--6\">\nLunes, 27 de octubre 2025, 11:22<\/p>\n<p>| Actualizado 13:31h.<\/p>\n<p class=\"v-p\">La animaci\u00f3n del Buesa Arena se resentir\u00e1 en el partido de este martes ante el Dub\u00e1i. La primera visita a Vitoria del conjunto de los Emiratos \u00c1rabes Unidos no ha despertado la simpat\u00eda entre el grupo Indar Baskonia. La pe\u00f1a de uno de los fondos del recinto de Zurbano no acudir\u00e1 a animar al equipo de Galbiati como \u00abacto de coherencia y compromiso \u00e9tico\u00bb. \u00abNo iremos con el fin de dejar claro que rechazamos cualquier intento de lavar la imagen de un pa\u00eds en el que se vulneran de manera sistem\u00e1tica los derechos humanos\u00bb.<\/p>\n<p class=\"v-p\">El grupo no quiere que se normalice su presencia en \u00abuna situaci\u00f3n que atenta contra los valores que siempre hemos defendido\u00bb y hace un llamamiento a todo el baskonismo a \u00abno asistir al partido\u00bb para \u00abdejar claro que los principios de la afici\u00f3n est\u00e1n por encima del dinero\u00bb.<\/p>\n<p class=\"v-p\">Indar denuncia que la incorporaci\u00f3n del club emirat\u00ed est\u00e1 dejando \u00abde lado la pasi\u00f3n y la importancia de los aficionados\u00bb; con muchos a\u00f1os de \u00abatropellos\u00bb a causa de una \u00abambici\u00f3n econ\u00f3mica que no tiene l\u00edmites\u00bb. \u00abHace tiempo que el baloncesto dej\u00f3 de ser del pueblo para convertirse en una gigante empresa privada que s\u00f3lo busca enriquecerse a costa de la emisi\u00f3n del m\u00e1ximo n\u00famero de partidos\u00bb, lamentan.<\/p>\n<p class=\"v-p\">La pe\u00f1a, que acumula a\u00f1os de reivindicaciones contra la Euroliga por su postura con el Maccabi ante el conflicto entre Israel y Palestina, emite el comunicado d\u00edas despu\u00e9s de que el club anunciara la oferta de entradas al 50% para presenciar el encuentro. <\/p>\n<p>Reporta un error<\/p>\n","protected":false},"excerpt":{"rendered":"Lunes, 27 de octubre 2025, 11:22 | Actualizado 13:31h. La animaci\u00f3n del Buesa Arena se resentir\u00e1 en el&hellip;\n","protected":false},"author":2,"featured_media":203657,"comment_status":"","ping_status":"","sticky":false,"template":"","format":"standard","meta":{"footnotes":""},"categories":[269],"tags":[55821,1575,299,298,4714,168,534,6802,2343,25,24,100,55820,1045,1969,23,167],"class_list":{"0":"post-203656","1":"post","2":"type-post","3":"status-publish","4":"format-standard","5":"has-post-thumbnail","7":"category-baloncesto","8":"tag-acudira","9":"tag-ante","10":"tag-baloncesto","11":"tag-basketball","12":"tag-baskonia","13":"tag-deportes","14":"tag-dinero","15":"tag-dubai","16":"tag-encima","17":"tag-es","18":"tag-espana","19":"tag-grupo","20":"tag-indar","21":"tag-partido","22":"tag-principios","23":"tag-spain","24":"tag-sports"},"share_on_mastodon":{"url":"https:\/\/pubeurope.com\/@es\/115446440579491364","error":""},"_links":{"self":[{"href":"https:\/\/www.europesays.com\/es\/wp-json\/wp\/v2\/posts\/203656","targetHints":{"allow":["GET"]}}],"collection":[{"href":"https:\/\/www.europesays.com\/es\/wp-json\/wp\/v2\/posts"}],"about":[{"href":"https:\/\/www.europesays.com\/es\/wp-json\/wp\/v2\/types\/post"}],"author":[{"embeddable":true,"href":"https:\/\/www.europesays.com\/es\/wp-json\/wp\/v2\/users\/2"}],"replies":[{"embeddable":true,"href":"https:\/\/www.europesays.com\/es\/wp-json\/wp\/v2\/comments?post=203656"}],"version-history":[{"count":0,"href":"https:\/\/www.europesays.com\/es\/wp-json\/wp\/v2\/posts\/203656\/revisions"}],"wp:featuredmedia":[{"embeddable":true,"href":"https:\/\/www.europesays.com\/es\/wp-json\/wp\/v2\/media\/203657"}],"wp:attachment":[{"href":"https:\/\/www.europesays.com\/es\/wp-json\/wp\/v2\/media?parent=203656"}],"wp:term":[{"taxonomy":"category","embeddable":true,"href":"https:\/\/www.europesays.com\/es\/wp-json\/wp\/v2\/categories?post=203656"},{"taxonomy":"post_tag","embeddable":true,"href":"https:\/\/www.europesays.com\/es\/wp-json\/wp\/v2\/tags?post=203656"}],"curies":[{"name":"wp","href":"https:\/\/api.w.org\/{rel}","templated":true}]}}